{"id":99263,"date":"2026-02-18T09:42:27","date_gmt":"2026-02-18T12:42:27","guid":{"rendered":"https:\/\/primiciasclorinda.com\/?p=99263"},"modified":"2026-02-18T09:42:28","modified_gmt":"2026-02-18T12:42:28","slug":"formosa-parte-de-la-provincia-estuvo-bajo-la-mencionada-alerta-amarilla-por-altas-temperaturas","status":"publish","type":"post","link":"https:\/\/primiciasclorinda.com\/?p=99263","title":{"rendered":"Formosa. Parte de la provincia estuvo bajo la mencionada Alerta Amarilla por altas temperaturas"},"content":{"rendered":"\n<p>El r\u00e1nking de temperaturas elaborado por el Servicio Meteorol\u00f3gico Nacional ubic\u00f3 a Formosa y Las Lomitas como las ciudades m\u00e1s calurosas del pa\u00eds en distintas horas de una jornada marcada por Alerta Amarilla por calor extremo.<\/p>\n\n\n\n<p>En el caso de la capital provincial, estuvo primera en la lista a las 14, con una temperatura de 39\u00b0C. Horas despu\u00e9s, a pesar de haber alcanzado los 40\u00b0C, cay\u00f3 al tercer lugar, pasando al tope del r\u00e1nking Las Lomitas, con 40,2\u00b0C.<\/p>\n\n\n\n<figure class=\"wp-block-image size-large is-resized\"><img loading=\"lazy\" decoding=\"async\" width=\"600\" height=\"126\" src=\"http:\/\/primiciasclorinda.com\/wp-content\/uploads\/2026\/02\/hipergasdeconfianza-5-8-600x126.jpg\" alt=\"\" class=\"wp-image-97981\" style=\"width:840px;height:auto\" srcset=\"https:\/\/primiciasclorinda.com\/wp-content\/uploads\/2026\/02\/hipergasdeconfianza-5-8-600x126.jpg 600w, https:\/\/primiciasclorinda.com\/wp-content\/uploads\/2026\/02\/hipergasdeconfianza-5-8-300x63.jpg 300w, https:\/\/primiciasclorinda.com\/wp-content\/uploads\/2026\/02\/hipergasdeconfianza-5-8-768x162.jpg 768w, https:\/\/primiciasclorinda.com\/wp-content\/uploads\/2026\/02\/hipergasdeconfianza-5-8.jpg 950w\" sizes=\"auto, (max-width: 600px) 100vw, 600px\" \/><\/figure>\n\n\n\n<p>Parte de la provincia estuvo bajo la mencionada Alerta Amarilla por altas temperaturas, que, seg\u00fan el SMN, \u201cpueden ser peligrosas, sobre todo para los grupos de riesgo, como ni\u00f1os y ni\u00f1as, personas mayores de 65 a\u00f1os y con enfermedades cr\u00f3nicas\u201d.<\/p>\n\n\n\n<p>En Formosa, el calor continuar\u00e1 esta semana, con una temperatura m\u00e1xima del 38\u00b0C prevista para hoy y de 40\u00b0C para ma\u00f1ana. Hasta el fin de semana, las m\u00e1ximas oscilar\u00e1n entre 35 y 37 grados.<\/p>\n\n\n<figure class=\"wp-block-post-featured-image\"><img loading=\"lazy\" decoding=\"async\" width=\"950\" height=\"600\" src=\"https:\/\/primiciasclorinda.com\/wp-content\/uploads\/2026\/02\/calorintenso-7.jpg\" class=\"attachment-post-thumbnail size-post-thumbnail wp-post-image\" alt=\"\" style=\"object-fit:cover;\" srcset=\"https:\/\/primiciasclorinda.com\/wp-content\/uploads\/2026\/02\/calorintenso-7.jpg 950w, https:\/\/primiciasclorinda.com\/wp-content\/uploads\/2026\/02\/calorintenso-7-300x189.jpg 300w, https:\/\/primiciasclorinda.com\/wp-content\/uploads\/2026\/02\/calorintenso-7-475x300.jpg 475w, https:\/\/primiciasclorinda.com\/wp-content\/uploads\/2026\/02\/calorintenso-7-768x485.jpg 768w\" sizes=\"auto, (max-width: 950px) 100vw, 950px\" \/><\/figure>\n\n\n<p><\/p>\n","protected":false},"excerpt":{"rendered":"<div class=\"mh-excerpt\"><p>El r\u00e1nking de temperaturas elaborado por el Servicio Meteorol\u00f3gico Nacional ubic\u00f3 a Formosa y Las Lomitas como las ciudades m\u00e1s calurosas del pa\u00eds en distintas <a class=\"mh-excerpt-more\" href=\"https:\/\/primiciasclorinda.com\/?p=99263\" title=\"Formosa. Parte de la provincia estuvo bajo la mencionada Alerta Amarilla por altas temperaturas\">[&#8230;]<\/a><\/p>\n<\/div>","protected":false},"author":3,"featured_media":90414,"comment_status":"open","ping_status":"open","sticky":false,"template":"","format":"standard","meta":{"footnotes":""},"categories":[3],"tags":[6441,23,6442],"class_list":["post-99263","post","type-post","status-publish","format-standard","has-post-thumbnail","hentry","category-politica-economia","tag-alerta-amarilla","tag-formosa","tag-temperaturas-altas"],"_links":{"self":[{"href":"https:\/\/primiciasclorinda.com\/index.php?rest_route=\/wp\/v2\/posts\/99263","targetHints":{"allow":["GET"]}}],"collection":[{"href":"https:\/\/primiciasclorinda.com\/index.php?rest_route=\/wp\/v2\/posts"}],"about":[{"href":"https:\/\/primiciasclorinda.com\/index.php?rest_route=\/wp\/v2\/types\/post"}],"author":[{"embeddable":true,"href":"https:\/\/primiciasclorinda.com\/index.php?rest_route=\/wp\/v2\/users\/3"}],"replies":[{"embeddable":true,"href":"https:\/\/primiciasclorinda.com\/index.php?rest_route=%2Fwp%2Fv2%2Fcomments&post=99263"}],"version-history":[{"count":1,"href":"https:\/\/primiciasclorinda.com\/index.php?rest_route=\/wp\/v2\/posts\/99263\/revisions"}],"predecessor-version":[{"id":99264,"href":"https:\/\/primiciasclorinda.com\/index.php?rest_route=\/wp\/v2\/posts\/99263\/revisions\/99264"}],"wp:featuredmedia":[{"embeddable":true,"href":"https:\/\/primiciasclorinda.com\/index.php?rest_route=\/wp\/v2\/media\/90414"}],"wp:attachment":[{"href":"https:\/\/primiciasclorinda.com\/index.php?rest_route=%2Fwp%2Fv2%2Fmedia&parent=99263"}],"wp:term":[{"taxonomy":"category","embeddable":true,"href":"https:\/\/primiciasclorinda.com\/index.php?rest_route=%2Fwp%2Fv2%2Fcategories&post=99263"},{"taxonomy":"post_tag","embeddable":true,"href":"https:\/\/primiciasclorinda.com\/index.php?rest_route=%2Fwp%2Fv2%2Ftags&post=99263"}],"curies":[{"name":"wp","href":"https:\/\/api.w.org\/{rel}","templated":true}]}}