{"id":99261,"date":"2026-02-18T09:36:44","date_gmt":"2026-02-18T12:36:44","guid":{"rendered":"https:\/\/primiciasclorinda.com\/?p=99261"},"modified":"2026-02-18T09:36:45","modified_gmt":"2026-02-18T12:36:45","slug":"clorinda-esclarecen-robo-a-mano-armada-secuestran-dos-motocicletas-y-recuperan-luces-leds-robadas","status":"publish","type":"post","link":"https:\/\/primiciasclorinda.com\/?p=99261","title":{"rendered":"CLORINDA. Esclarecen robo a mano armada, secuestran dos motocicletas y recuperan luces leds robadas"},"content":{"rendered":"\n<p><strong><em>Las intervenciones se concretaron en los barrios Itat\u00ed y Libertad<\/em><\/strong><\/p>\n\n\n\n<p><strong>Efectivos de la brigada de investigaciones del Comando Patrulla de Seguridad Urbana secuestraron dos motocicletas: una Honda Tornado y una Keller KN 100, en la ciudad de Clorinda.<\/strong><\/p>\n\n\n\n<p>El primer procedimiento se produjo este lunes, alrededor de las 11:35 horas, cuando los investigadores secuestraron una moto Honda Tornado en el barrio Itat\u00ed.<\/p>\n\n\n\n<p>El conductor coment\u00f3 que desconoc\u00eda el origen del rodado y durante la verificaci\u00f3n se constat\u00f3 que est\u00e1 radicada en Buenos Aires y los n\u00fameros del motor no correspond\u00edan.<\/p>\n\n\n\n<figure class=\"wp-block-image size-large is-resized\"><img loading=\"lazy\" decoding=\"async\" width=\"600\" height=\"126\" src=\"http:\/\/primiciasclorinda.com\/wp-content\/uploads\/2026\/02\/hipergasdeconfianza-5-8-600x126.jpg\" alt=\"\" class=\"wp-image-97981\" style=\"width:840px;height:auto\" srcset=\"https:\/\/primiciasclorinda.com\/wp-content\/uploads\/2026\/02\/hipergasdeconfianza-5-8-600x126.jpg 600w, https:\/\/primiciasclorinda.com\/wp-content\/uploads\/2026\/02\/hipergasdeconfianza-5-8-300x63.jpg 300w, https:\/\/primiciasclorinda.com\/wp-content\/uploads\/2026\/02\/hipergasdeconfianza-5-8-768x162.jpg 768w, https:\/\/primiciasclorinda.com\/wp-content\/uploads\/2026\/02\/hipergasdeconfianza-5-8.jpg 950w\" sizes=\"auto, (max-width: 600px) 100vw, 600px\" \/><\/figure>\n\n\n\n<p>Por otra parte, los polic\u00edas que investigaban el hurto de una moto Keller KN 100 la hallaron en el barrio Libertad en poder de un adolescente de 15 a\u00f1os.<\/p>\n\n\n\n<p>En ambos casos, las motocicletas fueron secuestradas y trasladadas hasta la dependencia policial y quedaron a disposici\u00f3n de la Justicia provincial.<\/p>\n\n\n\n<p><strong>CLORINDA<\/strong><\/p>\n\n\n\n<p><strong><u>En cuesti\u00f3n de horas, se esclareci\u00f3 un caso de robo a mano armada<\/u><\/strong><strong><u><\/u><\/strong><\/p>\n\n\n\n<ul class=\"wp-block-list\">\n<li><strong><em>El trabajo de la Polic\u00eda y la colaboraci\u00f3n de los vecinos fueron fundamentales<\/em><\/strong><\/li>\n<\/ul>\n\n\n\n<p><strong>Integrantes de la fuerza policial detuvieron al sujeto que lesion\u00f3 a un vecino con un arma punzante y recuperaron la motocicleta que le sustrajeron frente a la manzana 146, del barrio 240 Viviendas de Clorinda.<\/strong><\/p>\n\n\n\n<p>El caso se registr\u00f3 el lunes \u00faltimo, a las 2:20 horas, y de inmediato los efectivos de la Subcomisar\u00eda Primero de Mayo fueron hasta el lugar, donde un hombre de 48 a\u00f1os denunci\u00f3 la sustracci\u00f3n de su motocicleta Motomel Blitz de 110 cilindradas.<\/p>\n\n\n\n<p>Relat\u00f3 que estaba en la casa de un amigo, en la manzana 42 del barrio Primero de Mayo, cuando lleg\u00f3 un individuo, le pidi\u00f3 que lo lleve hasta la calle Ayacucho y lo acerc\u00f3.<\/p>\n\n\n\n<p>En el trayecto, lo lesion\u00f3 en el brazo izquierdo con un hierro con punta para sustraerle su motocicleta y se dio a la fuga.<\/p>\n\n\n\n<p>La v\u00edctima fue asistida y se inici\u00f3 una causa judicial por el delito de \u201cRobo a mano armada\u201d, con intervenci\u00f3n de la Justicia provincial.<\/p>\n\n\n\n<p>En forma r\u00e1pida, el personal de la brigada de investigaciones del Comando Radioel\u00e9ctrico impuls\u00f3 las tareas de campo y, alrededor de las 4:00 horas, secuestr\u00f3 el rodado denunciado como sustra\u00eddo, abandonado por el sujeto que escap\u00f3 del barrio Obrero.<\/p>\n\n\n\n<p>En la continuidad del trabajo de inteligencia, aprehendieron este martes a las 7:15 horas al sospechoso de 25 a\u00f1os, en la calle Alfonso Vitti casi calle Oficial Idelfonso Vera del barrio Primero de Mayo.<\/p>\n\n\n\n<p>En el lugar se labraron las actuaciones procesales, con personal de la Delegaci\u00f3n de Polic\u00eda Cient\u00edfica, que document\u00f3 la intervenci\u00f3n.<\/p>\n\n\n\n<p>El rodado recuperado fue trasladado hasta la dependencia policial, se notific\u00f3 al individuo de su situaci\u00f3n legal y qued\u00f3 a disposici\u00f3n de la Justicia provincial; en tanto que el propietario reconoci\u00f3 su moto y agradeci\u00f3 el trabajo policial.<\/p>\n\n\n\n<p><strong>CLORINDA<\/strong><\/p>\n\n\n\n<p><strong>INVESTIGACI\u00d3N<\/strong><\/p>\n\n\n\n<p><strong><u>Recuperaron luces led y trabajan para detener al autor del robo<\/u><\/strong><\/p>\n\n\n\n<ul class=\"wp-block-list\">\n<li><strong><em>El imputado est\u00e1 identificado y ser\u00e1 puesto a disposici\u00f3n de la Justicia<\/em><\/strong><\/li>\n<\/ul>\n\n\n\n<p><strong>Efectivos de la Delegaci\u00f3n del Departamento Informaciones Policiales Clorinda recuperaron faros led sustra\u00eddos del paseo peatonal, de la colectora de la Ruta Nacional N\u00b0 11 y calle Maran\u00e1, luego de una eficaz labor de investigaci\u00f3n.<\/strong><\/p>\n\n\n\n<p>El il\u00edcito se denunci\u00f3 en la ma\u00f1ana del s\u00e1bado \u00faltimo por parte de empleados de la Municipalidad y de inmediato los polic\u00edas de la comisar\u00eda jurisdiccional y del Departamento Informaciones Policiales fueron hasta el lugar, con el perito y fot\u00f3grafo de la Polic\u00eda Cient\u00edfica.<\/p>\n\n\n\n<p>Tras las tareas de campo en diferentes barrios de la segunda ciudad, los investigadores establecieron la identidad del presunto autor y recuperaron los elementos sustra\u00eddos. El personal de Polic\u00eda Cient\u00edfica document\u00f3 la intervenci\u00f3n y los artefactos de iluminaci\u00f3n fueron trasladados hasta la dependencia policial, mientras que el autor del il\u00edcito ser\u00eda aprehendido en las pr\u00f3ximas horas<\/p>\n\n\n<figure class=\"wp-block-post-featured-image\"><img loading=\"lazy\" decoding=\"async\" width=\"950\" height=\"600\" src=\"https:\/\/primiciasclorinda.com\/wp-content\/uploads\/2026\/02\/motosrecuperadas.jpeg\" class=\"attachment-post-thumbnail size-post-thumbnail wp-post-image\" alt=\"\" style=\"object-fit:cover;\" srcset=\"https:\/\/primiciasclorinda.com\/wp-content\/uploads\/2026\/02\/motosrecuperadas.jpeg 950w, https:\/\/primiciasclorinda.com\/wp-content\/uploads\/2026\/02\/motosrecuperadas-300x189.jpeg 300w, https:\/\/primiciasclorinda.com\/wp-content\/uploads\/2026\/02\/motosrecuperadas-475x300.jpeg 475w, https:\/\/primiciasclorinda.com\/wp-content\/uploads\/2026\/02\/motosrecuperadas-768x485.jpeg 768w\" sizes=\"auto, (max-width: 950px) 100vw, 950px\" \/><\/figure>","protected":false},"excerpt":{"rendered":"<div class=\"mh-excerpt\"><p>Las intervenciones se concretaron en los barrios Itat\u00ed y Libertad Efectivos de la brigada de investigaciones del Comando Patrulla de Seguridad Urbana secuestraron dos motocicletas: <a class=\"mh-excerpt-more\" href=\"https:\/\/primiciasclorinda.com\/?p=99261\" title=\"CLORINDA. Esclarecen robo a mano armada, secuestran dos motocicletas y recuperan luces leds robadas\">[&#8230;]<\/a><\/p>\n<\/div>","protected":false},"author":3,"featured_media":99238,"comment_status":"open","ping_status":"open","sticky":false,"template":"","format":"standard","meta":{"footnotes":""},"categories":[5431,10],"tags":[26,3113],"class_list":["post-99261","post","type-post","status-publish","format-standard","has-post-thumbnail","hentry","category-clorinda","category-policiales","tag-clorinda","tag-hechos-policiales"],"_links":{"self":[{"href":"https:\/\/primiciasclorinda.com\/index.php?rest_route=\/wp\/v2\/posts\/99261","targetHints":{"allow":["GET"]}}],"collection":[{"href":"https:\/\/primiciasclorinda.com\/index.php?rest_route=\/wp\/v2\/posts"}],"about":[{"href":"https:\/\/primiciasclorinda.com\/index.php?rest_route=\/wp\/v2\/types\/post"}],"author":[{"embeddable":true,"href":"https:\/\/primiciasclorinda.com\/index.php?rest_route=\/wp\/v2\/users\/3"}],"replies":[{"embeddable":true,"href":"https:\/\/primiciasclorinda.com\/index.php?rest_route=%2Fwp%2Fv2%2Fcomments&post=99261"}],"version-history":[{"count":1,"href":"https:\/\/primiciasclorinda.com\/index.php?rest_route=\/wp\/v2\/posts\/99261\/revisions"}],"predecessor-version":[{"id":99262,"href":"https:\/\/primiciasclorinda.com\/index.php?rest_route=\/wp\/v2\/posts\/99261\/revisions\/99262"}],"wp:featuredmedia":[{"embeddable":true,"href":"https:\/\/primiciasclorinda.com\/index.php?rest_route=\/wp\/v2\/media\/99238"}],"wp:attachment":[{"href":"https:\/\/primiciasclorinda.com\/index.php?rest_route=%2Fwp%2Fv2%2Fmedia&parent=99261"}],"wp:term":[{"taxonomy":"category","embeddable":true,"href":"https:\/\/primiciasclorinda.com\/index.php?rest_route=%2Fwp%2Fv2%2Fcategories&post=99261"},{"taxonomy":"post_tag","embeddable":true,"href":"https:\/\/primiciasclorinda.com\/index.php?rest_route=%2Fwp%2Fv2%2Ftags&post=99261"}],"curies":[{"name":"wp","href":"https:\/\/api.w.org\/{rel}","templated":true}]}}