{"id":97968,"date":"2026-02-17T07:46:41","date_gmt":"2026-02-17T10:46:41","guid":{"rendered":"https:\/\/primiciasclorinda.com\/?p=97968"},"modified":"2026-02-17T07:46:41","modified_gmt":"2026-02-17T10:46:41","slug":"las-automotrices-creen-que-gran-parte-de-la-caida-de-ventas-se-debe-a-la-baja-del-dolar-oficial","status":"publish","type":"post","link":"https:\/\/primiciasclorinda.com\/?p=97968","title":{"rendered":"Las automotrices creen que gran parte de la ca\u00edda de ventas se debe a la baja del d\u00f3lar oficial"},"content":{"rendered":"\n<p><strong>Preocupa la ca\u00edda de las ventas de autos 0 km y se espera una derrumbe interanual de 25% para este mes<\/strong><\/p>\n\n\n\n<p><strong>Aunque no hay certeza, porque desde el 5 de febrero no hay datos oficiales desde la Direcci\u00f3n Nacional de Registro de la Propiedad Automotor, los concesionarios confirman que el mercado se enfri\u00f3. Lo adjudican a la baja del d\u00f3lar<\/strong><\/p>\n\n\n\n<p><strong>Las ventas de autos 0 km de febrero no arrancaron como el sector esperaba,&nbsp;despu\u00e9s de alcanzar los 65.000 patentamientos en el primer mes del a\u00f1o. Pero no hay forma de saberlo con certeza, porque durante la \u00faltima semana,&nbsp;ninguna terminal automotriz tuvo acceso a los datos&nbsp;del Sistema de Informaci\u00f3n On-Line del Mercado Automotor&nbsp;(Siomaa), entidad que trabaja en conjunto con la Asociaci\u00f3n de Concesionarios de Automotores&nbsp;(Acara).<\/strong><\/p>\n\n\n\n<figure class=\"wp-block-image size-large is-resized is-style-rounded\"><img loading=\"lazy\" decoding=\"async\" width=\"600\" height=\"126\" src=\"http:\/\/primiciasclorinda.com\/wp-content\/uploads\/2026\/02\/hipergasdeconfianza-5-7-600x126.jpg\" alt=\"\" class=\"wp-image-93258\" style=\"width:840px;height:auto\" srcset=\"https:\/\/primiciasclorinda.com\/wp-content\/uploads\/2026\/02\/hipergasdeconfianza-5-7-600x126.jpg 600w, https:\/\/primiciasclorinda.com\/wp-content\/uploads\/2026\/02\/hipergasdeconfianza-5-7-300x63.jpg 300w, https:\/\/primiciasclorinda.com\/wp-content\/uploads\/2026\/02\/hipergasdeconfianza-5-7-768x162.jpg 768w, https:\/\/primiciasclorinda.com\/wp-content\/uploads\/2026\/02\/hipergasdeconfianza-5-7.jpg 950w\" sizes=\"auto, (max-width: 600px) 100vw, 600px\" \/><\/figure>\n\n\n\n<p><strong>\u201cNo sabemos qu\u00e9 pasa que&nbsp;no tenemos informaci\u00f3n desde el viernes 6 de febrero, nunca nos hab\u00eda sucedido, as\u00ed que tuvimos que volver al viejo sistema de consultas con los concesionarios para tomar el pulso de las ventas.&nbsp;Efectivamente, el mercado estuvo muy fr\u00edo&nbsp;en las primeras dos semanas de febrero\u201d, confirmaron desde una automotriz a&nbsp;Infobae.<\/strong><\/p>\n\n\n\n<p><strong>La baja de ventas preocupa porque tras&nbsp;no conseguir igualar siquiera los casi 70.000 patentamientos de enero 2025, la vara sigue estando alta. Si bien febrero hist\u00f3ricamente es un mes con menor cantidad de operaciones que enero,&nbsp;la cifra que deber\u00eda superarse&nbsp;para recuperar parte de los 5.000 autos que no se vendieron en enero es de&nbsp;44.569 unidades totales.<\/strong><\/p>\n\n\n\n<p><strong>Hasta el&nbsp;5 de febrero, \u00faltimo registro de ventas en el sistema, solo se hab\u00edan recibido&nbsp;6.500 altas de veh\u00edculos, lo que proyectando sobre los d\u00edas h\u00e1biles que quedan del mes (que tiene dos d\u00edas de feriado por carnaval), arrojar\u00eda un n\u00famero&nbsp;muy optimista entre 32.000 y 35.000 operaciones.<\/strong><\/p>\n\n\n\n<p><strong>El primer an\u00e1lisis que hacen las f\u00e1bricas es que&nbsp;cada vez que baja el d\u00f3lar, inmediatamente se enfr\u00eda el mercado,&nbsp;por la especulaci\u00f3n de los usuarios argentinos, acostumbrados a lidiar con inflaci\u00f3n y descapitalizaci\u00f3n de sus ahorros y a esperar a una cotizaci\u00f3n alta de la moneda norteamericana para salir a comprar cambiando menos d\u00f3lares.<\/strong><\/p>\n\n\n\n<p><strong>El otro posible motivo es la&nbsp;expectativa por una baja de precios&nbsp;de los autos 0 km que se incentiva desde distintos sectores, pero que&nbsp;las marcas creen imposible&nbsp;mientras exista inflaci\u00f3n y se mantenga la actual estructura impositiva. De hecho, en&nbsp;muchos concesionarios se est\u00e1n vendiendo autos al costo&nbsp;para lograr el m\u00ednimo de ventas que las marcas piden como condici\u00f3n para dar beneficios y premios.<\/strong><\/p>\n\n\n\n<p><strong>\u201cHay una realidad que no se puede eludir. Hoy se tiene que&nbsp;multiplicar por 3 la cantidad de ventas para pagar los costos operativos, entre servicios, impuestos, sueldos y comisiones. Hay concesionarios que est\u00e1n vendiendo autos sin ganar plata, solo para&nbsp;cumplir con esos objetivos que les permiten cubrir los costos fijos.&nbsp;M\u00e1s descuentos de los que se hacen no se pueden hacer\u201d contaron desde otra marca.<\/strong><\/p>\n\n\n\n<p><strong>La falta de datos<\/strong><\/p>\n\n\n\n<p><strong>La ausencia de datos desde el 5 de febrero llama la atenci\u00f3n y genera especulaciones en el sector. El lunes pasado se conoci\u00f3 en el Bolet\u00edn Oficial la disposici\u00f3n de la&nbsp;Direcci\u00f3n Nacional de Registros de la Propiedad Automotor (DNRPA)&nbsp;por la cual se solicit\u00f3 a todas las dependencias de&nbsp;Registros del Automotor, que en el lapso de 15 d\u00edas env\u00eden a la Direcci\u00f3n Nacional todos los legajos de veh\u00edculos que no hayan tenido movimientos en los \u00faltimos 15 a\u00f1os, a fin de&nbsp;comenzar el proceso de digitalizaci\u00f3n de datos.<\/strong><\/p>\n\n\n\n<p><strong>Este es el primer paso que da el Gobierno para formalizar la creaci\u00f3n del prometido&nbsp;Registro Automotor Digital&nbsp;\u00fanico a nivel nacional, que tenga el car\u00e1cter de ser una herramienta de funcionamiento remoto, abierto, estandarizado y accesible, tal como se estableci\u00f3 en la&nbsp;Ley Bases&nbsp;presentada por el Gobierno a pocos d\u00edas de asumir, en diciembre de 2023.<\/strong><\/p>\n\n\n\n<p><strong>Indirectamente hay que entender que&nbsp;pedirle a los registros del automotor que entreguen la documentaci\u00f3n&nbsp;de dominios m\u00e1s antigua y que no tiene movimientos, implica quitarle gran parte de&nbsp;su mayor activo, el de ser el archivo&nbsp;del mercado automotor argentino. Y que en el marco de una manifiesta situaci\u00f3n de conflicto del Gobierno con los Registros del Automotor, a los que quiere eliminar desde antes de ganar las elecciones, quitarles poder es dar un paso en la direcci\u00f3n contraria a la que les conviene.<\/strong><\/p>\n\n\n\n<p><strong>Sin embargo,&nbsp;los Registros del Automotor no pueden retener informaci\u00f3n de ventas.&nbsp;Estos datos surgen de un sistema centralizado con la Direcci\u00f3n Nacional. Cada vez que se pide un dominio, esos datos quedan en el sistema, de modo que, eventualmente,&nbsp;se trata de un problema en la DNRPA.<\/strong><\/p>\n\n\n\n<p><strong>Infobae&nbsp;consult\u00f3 a la entidad, que no dio respuesta al momento de publicar esta nota.&nbsp;Desde Acara confirmaron que efectivamente no est\u00e1n fluyendo los datos&nbsp;en los \u00faltimos d\u00edas, y en el sitio web del&nbsp;Siomaa, que se nutre de la informaci\u00f3n que recibe Acara, cada concesionario, f\u00e1brica o importador que ingres\u00f3 durante la semana para verificar los datos de ventas de autom\u00f3viles y motos se encontr\u00f3 con la misma leyenda, en la que se explica que \u201cdebido a circunstancias externas a SIOMAA,&nbsp;la actualizaci\u00f3n de datos se encuentra temporalmente interrumpida.&nbsp;Informaremos cuando el servicio se normalice\u201d.<\/strong><\/p>\n\n\n<figure class=\"wp-block-post-featured-image\"><img loading=\"lazy\" decoding=\"async\" width=\"950\" height=\"600\" src=\"https:\/\/primiciasclorinda.com\/wp-content\/uploads\/2026\/02\/caidaenlasventas-3.jpg\" class=\"attachment-post-thumbnail size-post-thumbnail wp-post-image\" alt=\"\" style=\"object-fit:cover;\" srcset=\"https:\/\/primiciasclorinda.com\/wp-content\/uploads\/2026\/02\/caidaenlasventas-3.jpg 950w, https:\/\/primiciasclorinda.com\/wp-content\/uploads\/2026\/02\/caidaenlasventas-3-300x189.jpg 300w, https:\/\/primiciasclorinda.com\/wp-content\/uploads\/2026\/02\/caidaenlasventas-3-475x300.jpg 475w, https:\/\/primiciasclorinda.com\/wp-content\/uploads\/2026\/02\/caidaenlasventas-3-768x485.jpg 768w\" sizes=\"auto, (max-width: 950px) 100vw, 950px\" \/><\/figure>","protected":false},"excerpt":{"rendered":"<div class=\"mh-excerpt\"><p>Preocupa la ca\u00edda de las ventas de autos 0 km y se espera una derrumbe interanual de 25% para este mes Aunque no hay certeza, <a class=\"mh-excerpt-more\" href=\"https:\/\/primiciasclorinda.com\/?p=97968\" title=\"Las automotrices creen que gran parte de la ca\u00edda de ventas se debe a la baja del d\u00f3lar oficial\">[&#8230;]<\/a><\/p>\n<\/div>","protected":false},"author":3,"featured_media":97450,"comment_status":"open","ping_status":"open","sticky":false,"template":"","format":"standard","meta":{"footnotes":""},"categories":[3],"tags":[173,6414,5392],"class_list":["post-97968","post","type-post","status-publish","format-standard","has-post-thumbnail","hentry","category-politica-economia","tag-argentina","tag-automotores","tag-caida-de-ventas"],"_links":{"self":[{"href":"https:\/\/primiciasclorinda.com\/index.php?rest_route=\/wp\/v2\/posts\/97968","targetHints":{"allow":["GET"]}}],"collection":[{"href":"https:\/\/primiciasclorinda.com\/index.php?rest_route=\/wp\/v2\/posts"}],"about":[{"href":"https:\/\/primiciasclorinda.com\/index.php?rest_route=\/wp\/v2\/types\/post"}],"author":[{"embeddable":true,"href":"https:\/\/primiciasclorinda.com\/index.php?rest_route=\/wp\/v2\/users\/3"}],"replies":[{"embeddable":true,"href":"https:\/\/primiciasclorinda.com\/index.php?rest_route=%2Fwp%2Fv2%2Fcomments&post=97968"}],"version-history":[{"count":1,"href":"https:\/\/primiciasclorinda.com\/index.php?rest_route=\/wp\/v2\/posts\/97968\/revisions"}],"predecessor-version":[{"id":97969,"href":"https:\/\/primiciasclorinda.com\/index.php?rest_route=\/wp\/v2\/posts\/97968\/revisions\/97969"}],"wp:featuredmedia":[{"embeddable":true,"href":"https:\/\/primiciasclorinda.com\/index.php?rest_route=\/wp\/v2\/media\/97450"}],"wp:attachment":[{"href":"https:\/\/primiciasclorinda.com\/index.php?rest_route=%2Fwp%2Fv2%2Fmedia&parent=97968"}],"wp:term":[{"taxonomy":"category","embeddable":true,"href":"https:\/\/primiciasclorinda.com\/index.php?rest_route=%2Fwp%2Fv2%2Fcategories&post=97968"},{"taxonomy":"post_tag","embeddable":true,"href":"https:\/\/primiciasclorinda.com\/index.php?rest_route=%2Fwp%2Fv2%2Ftags&post=97968"}],"curies":[{"name":"wp","href":"https:\/\/api.w.org\/{rel}","templated":true}]}}