{"id":97959,"date":"2026-02-17T07:39:14","date_gmt":"2026-02-17T10:39:14","guid":{"rendered":"https:\/\/primiciasclorinda.com\/?p=97959"},"modified":"2026-02-17T07:39:14","modified_gmt":"2026-02-17T10:39:14","slug":"cosquin-rock-dia-2-el-homenaje-a-charly-garcia-de-leon-gieco-rosario-ortega-y-zorrito-von-quintiero","status":"publish","type":"post","link":"https:\/\/primiciasclorinda.com\/?p=97959","title":{"rendered":"Cosqu\u00edn Rock, d\u00eda 2: El homenaje a Charly Garc\u00eda de Le\u00f3n Gieco, Rosario Ortega y Zorrito Von Quintiero"},"content":{"rendered":"\n<p>En el d\u00eda 2 del festival, que ya reuni\u00f3 a m\u00e1s de 90.000 personas, se vivieron momentos de todo tipo, con algunos de los artistas m\u00e1s importantes del pa\u00eds sobre el escenario. Uno de ellos fue, sin dudas, el homenaje que&nbsp;<strong>Le\u00f3n Gieco, Rosario Ortega y Zorrito Von Quintiero le dedicaron a Charly Garc\u00eda<\/strong>.<\/p>\n\n\n\n<p><strong>El homenaje de Le\u00f3n Gieco, Rosario Ortega y Zorrito Von Quintiero a Charly Garc\u00eda<\/strong><\/p>\n\n\n\n<p><\/p>\n\n\n\n<figure class=\"wp-block-image size-large is-resized\"><img loading=\"lazy\" decoding=\"async\" width=\"600\" height=\"126\" src=\"http:\/\/primiciasclorinda.com\/wp-content\/uploads\/2026\/02\/hipergasdeconfianza-5-7-600x126.jpg\" alt=\"\" class=\"wp-image-93258\" style=\"width:840px;height:auto\" srcset=\"https:\/\/primiciasclorinda.com\/wp-content\/uploads\/2026\/02\/hipergasdeconfianza-5-7-600x126.jpg 600w, https:\/\/primiciasclorinda.com\/wp-content\/uploads\/2026\/02\/hipergasdeconfianza-5-7-300x63.jpg 300w, https:\/\/primiciasclorinda.com\/wp-content\/uploads\/2026\/02\/hipergasdeconfianza-5-7-768x162.jpg 768w, https:\/\/primiciasclorinda.com\/wp-content\/uploads\/2026\/02\/hipergasdeconfianza-5-7.jpg 950w\" sizes=\"auto, (max-width: 600px) 100vw, 600px\" \/><\/figure>\n\n\n\n<p><strong>Beats Modernos<\/strong>, la banda formada por&nbsp;<a href=\"https:\/\/caras.perfil.com\/noticias\/celebridades\/cumpleanos-rosario-ortega-palito-evangelina-salazar-rodeada-familia-musica.phtml\" target=\"_blank\" rel=\"noreferrer noopener\">Rosario Ortega<\/a>,&nbsp;<strong>Zorrito Von Quintiero, Fernando Samalea y Joaco Burgos<\/strong>, reinterpreta algunos de los cl\u00e1sicos de los 80 y 90 con arreglos actuales. Por eso, cuando se supo que tendr\u00edan su lugar en el d\u00eda 2 del Cosqu\u00edn Rock, se convirtieron en una de las bandas m\u00e1s esperadas que garantizar\u00edan que el legado de&nbsp;<strong>Charly Garc\u00eda<\/strong>&nbsp;estuviera presente en el escenario.<\/p>\n\n\n\n<p>Y as\u00ed fue, aunque tambi\u00e9n cont\u00f3 con una sorpresa m\u00e1s que destacada. A la formaci\u00f3n habitual, se sum\u00f3&nbsp;<strong>Le\u00f3n Gieco<\/strong>, que tambi\u00e9n rindi\u00f3 su homenaje a&nbsp;<strong>Charly Garc\u00eda<\/strong>. Primero, como se pod\u00eda esperar, con Los Salieri de Charly y despu\u00e9s con temas como Yo no quiero volverme tan loco, entre otros.<\/p>\n\n\n\n<p><a href=\"http:\/\/ads.us.e-planning.net\/ei\/3\/15986\/dfe9c2452f5d48d4?it=i&amp;rnd=$RANDOM\" target=\"_blank\" rel=\"noreferrer noopener\"><\/a><a href=\"http:\/\/ads.us.e-planning.net\/ei\/3\/15986\/dfe9c2452f5d48d4?it=i&amp;rnd=$RANDOM\" target=\"_blank\" rel=\"noreferrer noopener\"><\/a><\/p>\n\n\n\n<p><strong>Le\u00f3n Gieco tambi\u00e9n brill\u00f3 con Agarrate Catalina<\/strong><\/p>\n\n\n\n<p>Esta edici\u00f3n del Cosqu\u00edn Rock no solo llen\u00f3 sus escenarios de los grupos m\u00e1s representativos del rock nacional e internacional, sino que tambi\u00e9n abri\u00f3 las puertas a muchos artistas consagrados de otros g\u00e9neros.&nbsp;<a href=\"https:\/\/caras.perfil.com\/noticias\/celebridades\/abel-pintos-aparecio-sorpresa-cosquin-rock-canto-uno-mayores-clasicos-rock-argentino-video-exclusivo.phtml\" target=\"_blank\" rel=\"noreferrer noopener\">Abel Pintos<\/a>&nbsp;y&nbsp;<a href=\"https:\/\/caras.perfil.com\/noticias\/moda\/lali-esposito-impacto-cosquin-rock-mini-vestido-estampado-frases-javier-milei-haters.phtml\" target=\"_blank\" rel=\"noreferrer noopener\">Lali Esp\u00f3sito&nbsp;<\/a>fueron algunos de los ejemplos m\u00e1s claros.<\/p>\n\n\n\n<p><strong>En ese marco, tambi\u00e9n se puede destacar la presencia de Agarrate Catalina<\/strong>, la murga uruguaya que supo conquistar al mundo entero con sus presentaciones, cargadas de cr\u00edtica social y representaciones de diversas realidades. Junto a Le\u00f3n Gieco, los de Uruguay vivieron otros de los momentos destacados de la jornada, que culmin\u00f3 con cantos del p\u00fablico contra Milei.<\/p>\n\n\n\n<p><strong>Le\u00f3n Gieco y Agarrate Catalina interpretaron El \u00c1ngel de la bicicleta<\/strong>, una de las canciones m\u00e1s fuertes del legendario m\u00fasico. Cuando terminaron, adem\u00e1s de la ovaci\u00f3n, la gente comenz\u00f3 a entonar: \u201cel que no canta, vot\u00f3 a Milei\u201d, que se extendi\u00f3 durante algunos minutos, bajo una copiosa lluvia.<\/p>\n\n\n\n<p>De esta manera,&nbsp;<strong>el d\u00eda 2 del Cosqu\u00edn Rock sigui\u00f3 arrojando momentos \u00fanicos<\/strong>, en un festival que brill\u00f3 con much\u00edsima fuerza. El homenaje a Charly Garc\u00eda con la presencia de Le\u00f3n Gieco fue, sin lugar a dudas, uno de ellos.<\/p>\n\n\n<figure class=\"wp-block-post-featured-image\"><img loading=\"lazy\" decoding=\"async\" width=\"950\" height=\"600\" src=\"https:\/\/primiciasclorinda.com\/wp-content\/uploads\/2026\/02\/elcosquinrock2026o-6.jpg\" class=\"attachment-post-thumbnail size-post-thumbnail wp-post-image\" alt=\"\" style=\"object-fit:cover;\" srcset=\"https:\/\/primiciasclorinda.com\/wp-content\/uploads\/2026\/02\/elcosquinrock2026o-6.jpg 950w, https:\/\/primiciasclorinda.com\/wp-content\/uploads\/2026\/02\/elcosquinrock2026o-6-300x189.jpg 300w, https:\/\/primiciasclorinda.com\/wp-content\/uploads\/2026\/02\/elcosquinrock2026o-6-475x300.jpg 475w, https:\/\/primiciasclorinda.com\/wp-content\/uploads\/2026\/02\/elcosquinrock2026o-6-768x485.jpg 768w\" sizes=\"auto, (max-width: 950px) 100vw, 950px\" \/><\/figure>\n\n\n<p><\/p>\n","protected":false},"excerpt":{"rendered":"<div class=\"mh-excerpt\"><p>En el d\u00eda 2 del festival, que ya reuni\u00f3 a m\u00e1s de 90.000 personas, se vivieron momentos de todo tipo, con algunos de los artistas <a class=\"mh-excerpt-more\" href=\"https:\/\/primiciasclorinda.com\/?p=97959\" title=\"Cosqu\u00edn Rock, d\u00eda 2: El homenaje a Charly Garc\u00eda de Le\u00f3n Gieco, Rosario Ortega y Zorrito Von Quintiero\">[&#8230;]<\/a><\/p>\n<\/div>","protected":false},"author":3,"featured_media":97962,"comment_status":"open","ping_status":"open","sticky":false,"template":"","format":"standard","meta":{"footnotes":""},"categories":[7],"tags":[6411],"class_list":["post-97959","post","type-post","status-publish","format-standard","has-post-thumbnail","hentry","category-espectaculos","tag-cosquin-rock-2026"],"_links":{"self":[{"href":"https:\/\/primiciasclorinda.com\/index.php?rest_route=\/wp\/v2\/posts\/97959","targetHints":{"allow":["GET"]}}],"collection":[{"href":"https:\/\/primiciasclorinda.com\/index.php?rest_route=\/wp\/v2\/posts"}],"about":[{"href":"https:\/\/primiciasclorinda.com\/index.php?rest_route=\/wp\/v2\/types\/post"}],"author":[{"embeddable":true,"href":"https:\/\/primiciasclorinda.com\/index.php?rest_route=\/wp\/v2\/users\/3"}],"replies":[{"embeddable":true,"href":"https:\/\/primiciasclorinda.com\/index.php?rest_route=%2Fwp%2Fv2%2Fcomments&post=97959"}],"version-history":[{"count":1,"href":"https:\/\/primiciasclorinda.com\/index.php?rest_route=\/wp\/v2\/posts\/97959\/revisions"}],"predecessor-version":[{"id":97964,"href":"https:\/\/primiciasclorinda.com\/index.php?rest_route=\/wp\/v2\/posts\/97959\/revisions\/97964"}],"wp:featuredmedia":[{"embeddable":true,"href":"https:\/\/primiciasclorinda.com\/index.php?rest_route=\/wp\/v2\/media\/97962"}],"wp:attachment":[{"href":"https:\/\/primiciasclorinda.com\/index.php?rest_route=%2Fwp%2Fv2%2Fmedia&parent=97959"}],"wp:term":[{"taxonomy":"category","embeddable":true,"href":"https:\/\/primiciasclorinda.com\/index.php?rest_route=%2Fwp%2Fv2%2Fcategories&post=97959"},{"taxonomy":"post_tag","embeddable":true,"href":"https:\/\/primiciasclorinda.com\/index.php?rest_route=%2Fwp%2Fv2%2Ftags&post=97959"}],"curies":[{"name":"wp","href":"https:\/\/api.w.org\/{rel}","templated":true}]}}