{"id":979,"date":"2016-02-02T12:25:28","date_gmt":"2016-02-02T12:25:28","guid":{"rendered":"http:\/\/primiciasclorinda.com\/?p=979"},"modified":"2016-02-02T12:26:37","modified_gmt":"2016-02-02T12:26:37","slug":"clorinda-campana-contra-el-dengue-continua-en-los-barrios-san-jose-25-de-mayo-y-29-de-julio","status":"publish","type":"post","link":"https:\/\/primiciasclorinda.com\/?p=979","title":{"rendered":"Clorinda: campa\u00f1a contra el dengue contin\u00faa en los barrios San Jos\u00e9, 25 de Mayo y 29 de Julio"},"content":{"rendered":"<figure id=\"attachment_981\" aria-describedby=\"caption-attachment-981\" style=\"width: 664px\" class=\"wp-caption alignnone\"><img loading=\"lazy\" decoding=\"async\" class=\"size-full wp-image-981\" src=\"http:\/\/primiciasclorinda.com\/wp-content\/uploads\/2016\/02\/Campa\u00f1a-contra-el-dengue.jpg\" alt=\"Dengue. Contin\u00faan las tareas de prevenci\u00f3n en la ciudad. \" width=\"664\" height=\"443\" srcset=\"https:\/\/primiciasclorinda.com\/wp-content\/uploads\/2016\/02\/Campa\u00f1a-contra-el-dengue.jpg 664w, https:\/\/primiciasclorinda.com\/wp-content\/uploads\/2016\/02\/Campa\u00f1a-contra-el-dengue-300x200.jpg 300w\" sizes=\"auto, (max-width: 664px) 100vw, 664px\" \/><figcaption id=\"caption-attachment-981\" class=\"wp-caption-text\">Dengue. Contin\u00faan las tareas de prevenci\u00f3n en la ciudad.<\/figcaption><\/figure>\n<p style=\"text-align: justify;\">La campa\u00f1a contra el deng\u00fce y chikungunya cumplir\u00e1 hoy una nueva e intensa jornada en Clorinda, con tareas en los barrios San Jos\u00e9, 25 de Mayo y 29 de Julio, que comprender\u00e1n trabajos domiciliarios y en espacios p\u00fablicos. Autoridades recordaron la importancia de la participaci\u00f3n de todos en la prevenci\u00f3n.<\/p>\n<p style=\"text-align: justify;\"><!--more--><br \/>\n\u201cHoy habr\u00e1 un d\u00eda m\u00e1s de labor en la segunda ciudad como viene sucediendo durante todo el a\u00f1o, gracias a una presencia constante en los barrios de nuestros equipos de trabajo que realizan las labores preventivas\u201d, explicaron desde el Ministerio de Desarrollo Humano provincial.<\/p>\n<p style=\"text-align: justify;\">Y resaltaron la \u201cnecesidad de combatir estas enfermedades entre todos los miembros de la comunidad \u00bfC\u00f3mo? Simple: evitando la presencia del mosquito Aedes aegypti en nuestros hogares, haciendo lo posible para que este insecto no pueda desarrollarse en los patios o cerca de las casas\u201d.<\/p>\n<p style=\"text-align: justify;\">\u201cPara eso \u2013insistieron\u2013 se hace la labor de fumigado y descacharrizado, que debe acompa\u00f1ar cada familia en su casa no dejando a la intemperie objetos donde el mosquito pueda poner sus huevos: hay que tirar las botellas, las latas, las tapas; tapar los tanques; desechar los botellones y cualquier otro elemento que no se use y pueda acumular agua\u201d.<\/p>\n<p style=\"text-align: justify;\"><strong>Fumigaci\u00f3n<\/strong><\/p>\n<p style=\"text-align: justify;\">Con respecto a las tareas de fumigado que tendr\u00e1n lugar en la jornada de este martes, desde la base local de Vectores y Zoonosis, que depende de la cartera sanitaria provincial, se revel\u00f3 que la fumigaci\u00f3n espacial abarcar\u00e1 los barrios San Jos\u00e9, 25 de Mayo y 29 de Julio. Adem\u00e1s, se completar\u00e1 un cord\u00f3n sanitario.<\/p>\n<p style=\"text-align: justify;\">Las tareas incluyen el rociado en espacios abiertos de insecticidas mediante la utilizaci\u00f3n de m\u00e1quinas pesadas a trav\u00e9s de m\u00f3viles especialmente equipados, as\u00ed como motomochilas y termonieblas.<\/p>\n<p style=\"text-align: justify;\">Las mismas se desarrollar\u00e1n en espacios p\u00fablicos como calles, pasajes, plazas y otros paseos que se encuentran dentro de la jurisdicci\u00f3n de los mencionados barrios de la segunda ciudad, como viene ocurriendo a diario en las \u00faltimas semanas en el marco de una amplia labor preventiva que tiene lugar en toda la provincia.<\/p>\n","protected":false},"excerpt":{"rendered":"<div class=\"mh-excerpt\"><p>La campa\u00f1a contra el deng\u00fce y chikungunya cumplir\u00e1 hoy una nueva e intensa jornada en Clorinda, con tareas en los barrios San Jos\u00e9, 25 de <a class=\"mh-excerpt-more\" href=\"https:\/\/primiciasclorinda.com\/?p=979\" title=\"Clorinda: campa\u00f1a contra el dengue contin\u00faa en los barrios San Jos\u00e9, 25 de Mayo y 29 de Julio\">[&#8230;]<\/a><\/p>\n<\/div>","protected":false},"author":3,"featured_media":0,"comment_status":"open","ping_status":"open","sticky":false,"template":"","format":"standard","meta":{"footnotes":""},"categories":[4],"tags":[26,148],"class_list":["post-979","post","type-post","status-publish","format-standard","hentry","category-informacion-general","tag-clorinda","tag-dengue"],"_links":{"self":[{"href":"https:\/\/primiciasclorinda.com\/index.php?rest_route=\/wp\/v2\/posts\/979","targetHints":{"allow":["GET"]}}],"collection":[{"href":"https:\/\/primiciasclorinda.com\/index.php?rest_route=\/wp\/v2\/posts"}],"about":[{"href":"https:\/\/primiciasclorinda.com\/index.php?rest_route=\/wp\/v2\/types\/post"}],"author":[{"embeddable":true,"href":"https:\/\/primiciasclorinda.com\/index.php?rest_route=\/wp\/v2\/users\/3"}],"replies":[{"embeddable":true,"href":"https:\/\/primiciasclorinda.com\/index.php?rest_route=%2Fwp%2Fv2%2Fcomments&post=979"}],"version-history":[{"count":3,"href":"https:\/\/primiciasclorinda.com\/index.php?rest_route=\/wp\/v2\/posts\/979\/revisions"}],"predecessor-version":[{"id":983,"href":"https:\/\/primiciasclorinda.com\/index.php?rest_route=\/wp\/v2\/posts\/979\/revisions\/983"}],"wp:attachment":[{"href":"https:\/\/primiciasclorinda.com\/index.php?rest_route=%2Fwp%2Fv2%2Fmedia&parent=979"}],"wp:term":[{"taxonomy":"category","embeddable":true,"href":"https:\/\/primiciasclorinda.com\/index.php?rest_route=%2Fwp%2Fv2%2Fcategories&post=979"},{"taxonomy":"post_tag","embeddable":true,"href":"https:\/\/primiciasclorinda.com\/index.php?rest_route=%2Fwp%2Fv2%2Ftags&post=979"}],"curies":[{"name":"wp","href":"https:\/\/api.w.org\/{rel}","templated":true}]}}