{"id":96390,"date":"2026-02-14T09:15:46","date_gmt":"2026-02-14T12:15:46","guid":{"rendered":"https:\/\/primiciasclorinda.com\/?p=96390"},"modified":"2026-02-14T09:15:46","modified_gmt":"2026-02-14T12:15:46","slug":"tras-la-derrota-de-river-matias-biscay-hablo-en-conferencia-en-lugar-de-gallardo-con-las-ideas-claras-vamos-a-salir","status":"publish","type":"post","link":"https:\/\/primiciasclorinda.com\/?p=96390","title":{"rendered":"Tras la derrota de River, Mat\u00edas Biscay habl\u00f3 en conferencia en lugar de Gallardo: \u201cCon las ideas claras, vamos a salir\u201d"},"content":{"rendered":"\n<p><strong>El entrenador fue expulsado durante la ca\u00edda 1-0 ante Argentinos y fue su ayudante de campo el que dialog\u00f3 con la prensa. Su an\u00e1lisis del partido y por qu\u00e9 cree que el Millonario superar\u00e1 la crisis<\/strong><\/p>\n\n\n\n<p><strong>River Plate&nbsp;sufri\u00f3 su segunda derrota al hilo en el&nbsp;Torneo Apertura:&nbsp;<a href=\"https:\/\/www.infobae.com\/deportes\/2026\/02\/12\/river-plate-afrontara-una-visita-de-riesgo-ante-argentinos-juniors-en-la-paternal-por-el-apertura-hora-tv-y-posibles-formaciones\/\" target=\"_blank\" rel=\"noreferrer noopener\"><em>perdi\u00f3 1-0 ante&nbsp;Argentinos Juniors<\/em><\/a>&nbsp;en La Paternal, con un gol de un futbolista surgido de la cantera:&nbsp;Hern\u00e1n L\u00f3pez Mu\u00f1oz. Si bien mostr\u00f3 una mejor imagen en el primer tiempo, etapa en la que no le sancionaron un penal por falta a Gonzalo Montiel, al Millonario le cost\u00f3 elaborar juego ante un conjunto bien estructurado como el Bicho. As\u00ed, qued\u00f3 en la quinta ubicaci\u00f3n del Grupo B, con siete puntos. Y, dependiendo de los resultados, podr\u00eda seguir cayendo en la tabla.<\/strong><\/p>\n\n\n\n<figure class=\"wp-block-image size-large is-resized\"><img loading=\"lazy\" decoding=\"async\" width=\"600\" height=\"126\" src=\"http:\/\/primiciasclorinda.com\/wp-content\/uploads\/2026\/02\/hipergasdeconfianza-5-7-600x126.jpg\" alt=\"\" class=\"wp-image-93258\" style=\"width:840px;height:auto\" srcset=\"https:\/\/primiciasclorinda.com\/wp-content\/uploads\/2026\/02\/hipergasdeconfianza-5-7-600x126.jpg 600w, https:\/\/primiciasclorinda.com\/wp-content\/uploads\/2026\/02\/hipergasdeconfianza-5-7-300x63.jpg 300w, https:\/\/primiciasclorinda.com\/wp-content\/uploads\/2026\/02\/hipergasdeconfianza-5-7-768x162.jpg 768w, https:\/\/primiciasclorinda.com\/wp-content\/uploads\/2026\/02\/hipergasdeconfianza-5-7.jpg 950w\" sizes=\"auto, (max-width: 600px) 100vw, 600px\" \/><\/figure>\n\n\n\n<p><\/p>\n\n\n\n<p><strong>Bonus track:&nbsp;Marcelo Gallardo&nbsp;fue expulsado antes del descanso por aplaudir ir\u00f3nicamente al \u00e1rbitro&nbsp;Andr\u00e9s Merlos, quien vio su gesto y le sac\u00f3 la tarjeta roja. El entrenador sigui\u00f3 escondido las alternativas del complemento y no concurri\u00f3 a la conferencia a responder las preguntas de los periodistas, luego de que se consumara&nbsp;la decimoprimera derrota oficial de la Banda en los \u00faltimos 18 encuentros&nbsp;(sin contar la eliminaci\u00f3n ante Independiente Rivadavia en Copa Argentina, en la que tropez\u00f3 por penales tras igualar 0-0).<\/strong><\/p>\n\n\n\n<p><strong>En su lugar, cumpli\u00f3 con la obligaci\u00f3n&nbsp;Mat\u00edas Biscay, su ayudante de campo, quien contest\u00f3 tres preguntas. \u201cSab\u00edamos que iba a ser un partido disputado en mitad de cancha, por eso tratamos de poner m\u00e1s gente ah\u00ed. Se vio eso, un primer tiempo disputado; ellos tuvieron la chance de hacer el gol y nosotros no tuvimos la claridad para crear situaciones. Ellos tienen una mitad de cancha con gente que baja a jugar y nosotros tratamos de equiparar eso\u201d, argument\u00f3 para explicar por qu\u00e9 el DT opt\u00f3 por un esquema con cinco volantes y un solo punta (Agust\u00edn Ruberto).<\/strong><\/p>\n\n\n\n<p><strong>Respecto de si Gallardo y su staff est\u00e1n con fuerza para revertir la situaci\u00f3n, Biscay enfatiz\u00f3: \u201cNosotros estamos bien, hemos hecho una buena pretemporada, creemos que con las ideas claras vamos a salir. Era un partido dif\u00edcil, Argentinos juega bien. Estamos tratando de mejorar y lo vamos a lograr\u201d.<\/strong><\/p>\n\n\n\n<p><strong>La tercera pregunta se enfoc\u00f3 en la falta de gol y la dificultad del equipo para provocar peligro en el \u00e1rea adversaria. \u201cHemos generado pocas situaciones, pero generamos. Recuerdo la de Montiel, la de Ruberto, dos de Galoppo&#8230; No hemos convertido. Y parte de ah\u00ed, la diferencia. Si nos pon\u00edamos adelante en el marcador, las dificultades iban a ser de Argentinos. Ellos manejaron muy bien el segundo tiempo\u201d, fueron las \u00faltimas palabras de Biscay.<\/strong><\/p>\n\n\n\n<p><strong><a href=\"https:\/\/www.infobae.com\/deportes\/2026\/02\/13\/tras-la-caida-ante-argentinos-como-quedo-river-plate-en-la-tabla-de-posiciones-del-torneo-apertura-su-agenda-de-partidos\/\" target=\"_blank\" rel=\"noreferrer noopener\"><em>El calendario no le da mucho tiempo a River para rearmarse<\/em><\/a>. El pr\u00f3ximo martes 17 de febrero (a partir de las 22) afrontar\u00e1 los 32avos de la&nbsp;Copa Argentina&nbsp;en el Estadio La Pedrera de San Luis contra&nbsp;Ciudad Bol\u00edvar, equipo que acaba de lograr su hist\u00f3rico ascenso a la Primera B Nacional de cara a esta temporada. El ganador de este choque enfrentar\u00e1 en la siguiente instancia al triunfador de&nbsp;Aldosivi-San Miguel.<\/strong><\/p>\n\n\n\n<p><strong>Y el domingo 22 visitar\u00e1 al&nbsp;V\u00e9lez de Guillermo Barros Schelotto&nbsp;desde las 18.30 en el Estadio Jos\u00e9 Amalfitani, por la sexta jornada del Torneo Apertura. Vale recordar que los ocho primeros de cada zona avanzar\u00e1n a los playoffs.<\/strong><\/p>\n\n\n<figure class=\"wp-block-post-featured-image\"><img loading=\"lazy\" decoding=\"async\" width=\"950\" height=\"600\" src=\"https:\/\/primiciasclorinda.com\/wp-content\/uploads\/2026\/02\/biscayconference-1.jpg\" class=\"attachment-post-thumbnail size-post-thumbnail wp-post-image\" alt=\"\" style=\"object-fit:cover;\" srcset=\"https:\/\/primiciasclorinda.com\/wp-content\/uploads\/2026\/02\/biscayconference-1.jpg 950w, https:\/\/primiciasclorinda.com\/wp-content\/uploads\/2026\/02\/biscayconference-1-300x189.jpg 300w, https:\/\/primiciasclorinda.com\/wp-content\/uploads\/2026\/02\/biscayconference-1-475x300.jpg 475w, https:\/\/primiciasclorinda.com\/wp-content\/uploads\/2026\/02\/biscayconference-1-768x485.jpg 768w\" sizes=\"auto, (max-width: 950px) 100vw, 950px\" \/><\/figure>","protected":false},"excerpt":{"rendered":"<div class=\"mh-excerpt\"><p>El entrenador fue expulsado durante la ca\u00edda 1-0 ante Argentinos y fue su ayudante de campo el que dialog\u00f3 con la prensa. Su an\u00e1lisis del <a class=\"mh-excerpt-more\" href=\"https:\/\/primiciasclorinda.com\/?p=96390\" title=\"Tras la derrota de River, Mat\u00edas Biscay habl\u00f3 en conferencia en lugar de Gallardo: \u201cCon las ideas claras, vamos a salir\u201d\">[&#8230;]<\/a><\/p>\n<\/div>","protected":false},"author":3,"featured_media":96391,"comment_status":"open","ping_status":"open","sticky":false,"template":"","format":"standard","meta":{"footnotes":""},"categories":[5],"tags":[6393,6392,6394],"class_list":["post-96390","post","type-post","status-publish","format-standard","has-post-thumbnail","hentry","category-deportes","tag-conferencia-de-prensa","tag-matias-biscay","tag-river-argentinso"],"_links":{"self":[{"href":"https:\/\/primiciasclorinda.com\/index.php?rest_route=\/wp\/v2\/posts\/96390","targetHints":{"allow":["GET"]}}],"collection":[{"href":"https:\/\/primiciasclorinda.com\/index.php?rest_route=\/wp\/v2\/posts"}],"about":[{"href":"https:\/\/primiciasclorinda.com\/index.php?rest_route=\/wp\/v2\/types\/post"}],"author":[{"embeddable":true,"href":"https:\/\/primiciasclorinda.com\/index.php?rest_route=\/wp\/v2\/users\/3"}],"replies":[{"embeddable":true,"href":"https:\/\/primiciasclorinda.com\/index.php?rest_route=%2Fwp%2Fv2%2Fcomments&post=96390"}],"version-history":[{"count":1,"href":"https:\/\/primiciasclorinda.com\/index.php?rest_route=\/wp\/v2\/posts\/96390\/revisions"}],"predecessor-version":[{"id":96392,"href":"https:\/\/primiciasclorinda.com\/index.php?rest_route=\/wp\/v2\/posts\/96390\/revisions\/96392"}],"wp:featuredmedia":[{"embeddable":true,"href":"https:\/\/primiciasclorinda.com\/index.php?rest_route=\/wp\/v2\/media\/96391"}],"wp:attachment":[{"href":"https:\/\/primiciasclorinda.com\/index.php?rest_route=%2Fwp%2Fv2%2Fmedia&parent=96390"}],"wp:term":[{"taxonomy":"category","embeddable":true,"href":"https:\/\/primiciasclorinda.com\/index.php?rest_route=%2Fwp%2Fv2%2Fcategories&post=96390"},{"taxonomy":"post_tag","embeddable":true,"href":"https:\/\/primiciasclorinda.com\/index.php?rest_route=%2Fwp%2Fv2%2Ftags&post=96390"}],"curies":[{"name":"wp","href":"https:\/\/api.w.org\/{rel}","templated":true}]}}