{"id":96380,"date":"2026-02-14T09:12:33","date_gmt":"2026-02-14T12:12:33","guid":{"rendered":"https:\/\/primiciasclorinda.com\/?p=96380"},"modified":"2026-02-14T09:12:33","modified_gmt":"2026-02-14T12:12:33","slug":"se-realizo-este-jueves-12-el-primer-encuentro-therian-en-asuncion-el-15-en-encarnacion","status":"publish","type":"post","link":"https:\/\/primiciasclorinda.com\/?p=96380","title":{"rendered":"Se realiz\u00f3 este jueves 12 el Primer encuentro therian  en Asunci\u00f3n, el 15 en Encarnaci\u00f3n."},"content":{"rendered":"\n<p>Luego del anuncio del encuentro encarnaceno de therians (personas que se identifican internamente<\/p>\n\n\n\n<p> como animales),\u00a0<strong>la capital del pa\u00eds se adelant\u00f3 y anunci\u00f3 su reuni\u00f3n para este jueves 12 de febrero<\/strong>. En TikTok se comparti\u00f3 la invitaci\u00f3n para los\u00a0<strong>therians de Asunci\u00f3n<\/strong>, quienes optaron como locaci\u00f3n a la\u00a0<strong>Plaza Pedro Juan Caballero<\/strong>, a pocas cuadras de la Secretar\u00eda Nacional de Deportes (SND).<\/p>\n\n\n\n<p>El evento titulado<strong>&nbsp;\u201cPrimera Juntada de Therians en Asunci\u00f3n\u201d ser\u00e1 a las 17:00 de este jueves,<\/strong>&nbsp;en la plaza que se encuentra sobre las calles Dr. Facundo Macha\u00edn, Alas Paraguayas, Isaac Kostianovsky y R.I. 6 Boquer\u00f3n, entre el l\u00edmite de los barrios Los Laureles y Mariscal Estigarribia.&nbsp;<strong>\u201cTe esperamos para compartir y conocernos\u201d, se\u00f1ala la invitaci\u00f3n.<\/strong><\/p>\n\n\n\n<figure class=\"wp-block-image size-large is-resized\"><img loading=\"lazy\" decoding=\"async\" width=\"600\" height=\"126\" src=\"http:\/\/primiciasclorinda.com\/wp-content\/uploads\/2026\/02\/hipergasdeconfianza-5-7-600x126.jpg\" alt=\"\" class=\"wp-image-93258\" style=\"width:840px;height:auto\" srcset=\"https:\/\/primiciasclorinda.com\/wp-content\/uploads\/2026\/02\/hipergasdeconfianza-5-7-600x126.jpg 600w, https:\/\/primiciasclorinda.com\/wp-content\/uploads\/2026\/02\/hipergasdeconfianza-5-7-300x63.jpg 300w, https:\/\/primiciasclorinda.com\/wp-content\/uploads\/2026\/02\/hipergasdeconfianza-5-7-768x162.jpg 768w, https:\/\/primiciasclorinda.com\/wp-content\/uploads\/2026\/02\/hipergasdeconfianza-5-7.jpg 950w\" sizes=\"auto, (max-width: 600px) 100vw, 600px\" \/><\/figure>\n\n\n\n<p>Lo llamativo de la invitaci\u00f3n asuncena es que se public\u00f3 luego del anuncio de los&nbsp;<strong>encuentros en Encarnaci\u00f3n, que est\u00e1n previstos para este 15 y 26 de febrero<\/strong>, uno en la Plaza de las Armas y otro en el Parque de la Salud. Aparentemente,<strong>&nbsp;estos encuentros se convirtieron en una competencia<\/strong>&nbsp;de qu\u00e9 ciudad lo realiza primero<\/p>\n\n\n\n<p><strong>Curso para ser therian<\/strong><strong><\/strong><\/p>\n\n\n\n<p>Otra ciudad que est\u00e1 organizando su reuni\u00f3n de therian es<strong>&nbsp;Ciudad del Este, que tendr\u00e1 su encuentro en el Anfiteatro del Lago<\/strong>, el 21 de febrero a las 14:00. \u201c<strong>Habr\u00e1 carreras a 4 patas, comida para compartir y m\u00e1s<\/strong>\u201d, indicaron desde la organizaci\u00f3n.<\/p>\n\n\n\n<p>Como si fuera poco, desde la comunidad de&nbsp;<strong>Therians Paraguay&nbsp;<\/strong>se anunci\u00f3 la&nbsp;<strong>\u201cVenta de m\u00e1scaras y cursos\u201d,<\/strong>&nbsp;es decir, que ofertan clases para formarse como therian, venden m\u00e1scaras de animales y ofrecen apoyo desde la comunidad.&nbsp;<strong>\u201cCon\u00e9ctate con tu instinto\u201d<\/strong>&nbsp;es el lema del anuncio.<\/p>\n\n\n<figure class=\"wp-block-post-featured-image\"><img loading=\"lazy\" decoding=\"async\" width=\"950\" height=\"600\" src=\"https:\/\/primiciasclorinda.com\/wp-content\/uploads\/2026\/02\/sutheriansbue-1.jpg\" class=\"attachment-post-thumbnail size-post-thumbnail wp-post-image\" alt=\"\" style=\"object-fit:cover;\" srcset=\"https:\/\/primiciasclorinda.com\/wp-content\/uploads\/2026\/02\/sutheriansbue-1.jpg 950w, https:\/\/primiciasclorinda.com\/wp-content\/uploads\/2026\/02\/sutheriansbue-1-300x189.jpg 300w, https:\/\/primiciasclorinda.com\/wp-content\/uploads\/2026\/02\/sutheriansbue-1-475x300.jpg 475w, https:\/\/primiciasclorinda.com\/wp-content\/uploads\/2026\/02\/sutheriansbue-1-768x485.jpg 768w\" sizes=\"auto, (max-width: 950px) 100vw, 950px\" \/><\/figure>","protected":false},"excerpt":{"rendered":"<div class=\"mh-excerpt\"><p>Luego del anuncio del encuentro encarnaceno de therians (personas que se identifican internamente como animales),\u00a0la capital del pa\u00eds se adelant\u00f3 y anunci\u00f3 su reuni\u00f3n para <a class=\"mh-excerpt-more\" href=\"https:\/\/primiciasclorinda.com\/?p=96380\" title=\"Se realiz\u00f3 este jueves 12 el Primer encuentro therian  en Asunci\u00f3n, el 15 en Encarnaci\u00f3n.\">[&#8230;]<\/a><\/p>\n<\/div>","protected":false},"author":3,"featured_media":96387,"comment_status":"open","ping_status":"open","sticky":false,"template":"","format":"standard","meta":{"footnotes":""},"categories":[4],"tags":[6391,6390,93],"class_list":["post-96380","post","type-post","status-publish","format-standard","has-post-thumbnail","hentry","category-informacion-general","tag-asuncion-y-encarnacion","tag-encuentros-therian","tag-paraguay"],"_links":{"self":[{"href":"https:\/\/primiciasclorinda.com\/index.php?rest_route=\/wp\/v2\/posts\/96380","targetHints":{"allow":["GET"]}}],"collection":[{"href":"https:\/\/primiciasclorinda.com\/index.php?rest_route=\/wp\/v2\/posts"}],"about":[{"href":"https:\/\/primiciasclorinda.com\/index.php?rest_route=\/wp\/v2\/types\/post"}],"author":[{"embeddable":true,"href":"https:\/\/primiciasclorinda.com\/index.php?rest_route=\/wp\/v2\/users\/3"}],"replies":[{"embeddable":true,"href":"https:\/\/primiciasclorinda.com\/index.php?rest_route=%2Fwp%2Fv2%2Fcomments&post=96380"}],"version-history":[{"count":1,"href":"https:\/\/primiciasclorinda.com\/index.php?rest_route=\/wp\/v2\/posts\/96380\/revisions"}],"predecessor-version":[{"id":96389,"href":"https:\/\/primiciasclorinda.com\/index.php?rest_route=\/wp\/v2\/posts\/96380\/revisions\/96389"}],"wp:featuredmedia":[{"embeddable":true,"href":"https:\/\/primiciasclorinda.com\/index.php?rest_route=\/wp\/v2\/media\/96387"}],"wp:attachment":[{"href":"https:\/\/primiciasclorinda.com\/index.php?rest_route=%2Fwp%2Fv2%2Fmedia&parent=96380"}],"wp:term":[{"taxonomy":"category","embeddable":true,"href":"https:\/\/primiciasclorinda.com\/index.php?rest_route=%2Fwp%2Fv2%2Fcategories&post=96380"},{"taxonomy":"post_tag","embeddable":true,"href":"https:\/\/primiciasclorinda.com\/index.php?rest_route=%2Fwp%2Fv2%2Ftags&post=96380"}],"curies":[{"name":"wp","href":"https:\/\/api.w.org\/{rel}","templated":true}]}}