{"id":9547,"date":"2018-05-31T17:57:05","date_gmt":"2018-05-31T20:57:05","guid":{"rendered":"http:\/\/primiciasclorinda.com\/?p=9547"},"modified":"2018-05-31T17:57:05","modified_gmt":"2018-05-31T20:57:05","slug":"manuel-chamorro-ya-esta-con-sus-padres-luego-de-mas-de-40-dias","status":"publish","type":"post","link":"https:\/\/primiciasclorinda.com\/?p=9547","title":{"rendered":"Manuel Chamorro ya est\u00e1 con sus padres luego de m\u00e1s de 40 d\u00edas"},"content":{"rendered":"<p style=\"text-align: justify;\">Manuel Chamorro es uno de los menores que se ausent\u00f3 de su hogar por m\u00e1s de 40 d\u00edas en compa\u00f1ia de su prima, Oriana Novillo, luego de haber sido tra\u00eddo a Clorinda, en principio desde Paraguay, y luego de haber sido atendido por el equipo multidisciplinario del Juzgado de Menores, fue entregado al cuidado de sus padres. En tanto Oriana Novillo todav\u00eda espera que se presenten sus padres que hab\u00edan viajado a C\u00f3rdoba para participar de una marcha para pedir por la aparici\u00f3n con vida de los menores.<\/p>\n<p style=\"text-align: justify;\">Seg\u00fan pudo saber <em><strong>Primicias Clorinda<\/strong><\/em> al intercambiar un dialogo informal con Ovidio Chamorro el pap\u00e1 de Manuel, el joven se encuentra en perfecto estado de salud. Lo mismo inform\u00f3 a este medio la Jueza de Menores, Dra. Graciela Oviedo.<\/p>\n<p style=\"text-align: justify;\">El menor se hab\u00eda ausentado con su prima hace m\u00e1s de 40 d\u00edas y sus padres como tambi\u00e9n los de Oriana no ten\u00edan ninguna pista, hab\u00edan declarado recientemente. \u00a0Seg\u00fan la Jueza los menores fueron los que contactaron a una hermana de Manuel y les informaron donde estaban, pidiendo volver.<\/p>\n<p style=\"text-align: justify;\">Manuel ya fue entregado en cuidado de sus padres en tanto Oriana deber\u00e1 esperar por la vuelta de sus padres a la ciudad de Clorinda.<\/p>\n<p style=\"text-align: justify;\"><img loading=\"lazy\" decoding=\"async\" class=\"alignnone size-full wp-image-9549\" src=\"http:\/\/primiciasclorinda.com\/wp-content\/uploads\/2018\/05\/chamorro1.jpg\" alt=\"\" width=\"723\" height=\"480\" srcset=\"https:\/\/primiciasclorinda.com\/wp-content\/uploads\/2018\/05\/chamorro1.jpg 723w, https:\/\/primiciasclorinda.com\/wp-content\/uploads\/2018\/05\/chamorro1-300x199.jpg 300w, https:\/\/primiciasclorinda.com\/wp-content\/uploads\/2018\/05\/chamorro1-452x300.jpg 452w\" sizes=\"auto, (max-width: 723px) 100vw, 723px\" \/><\/p>\n<p style=\"text-align: justify;\"><img loading=\"lazy\" decoding=\"async\" class=\"alignnone size-full wp-image-9550\" src=\"http:\/\/primiciasclorinda.com\/wp-content\/uploads\/2018\/05\/chamorro3.jpg\" alt=\"\" width=\"903\" height=\"600\" srcset=\"https:\/\/primiciasclorinda.com\/wp-content\/uploads\/2018\/05\/chamorro3.jpg 903w, https:\/\/primiciasclorinda.com\/wp-content\/uploads\/2018\/05\/chamorro3-300x199.jpg 300w, https:\/\/primiciasclorinda.com\/wp-content\/uploads\/2018\/05\/chamorro3-768x510.jpg 768w, https:\/\/primiciasclorinda.com\/wp-content\/uploads\/2018\/05\/chamorro3-452x300.jpg 452w\" sizes=\"auto, (max-width: 903px) 100vw, 903px\" \/><\/p>\n","protected":false},"excerpt":{"rendered":"<div class=\"mh-excerpt\"><p>Manuel Chamorro es uno de los menores que se ausent\u00f3 de su hogar por m\u00e1s de 40 d\u00edas en compa\u00f1ia de su prima, Oriana Novillo, <a class=\"mh-excerpt-more\" href=\"https:\/\/primiciasclorinda.com\/?p=9547\" title=\"Manuel Chamorro ya est\u00e1 con sus padres luego de m\u00e1s de 40 d\u00edas\">[&#8230;]<\/a><\/p>\n<\/div>","protected":false},"author":3,"featured_media":9548,"comment_status":"open","ping_status":"open","sticky":true,"template":"","format":"standard","meta":{"footnotes":""},"categories":[4,10],"tags":[26,1725,1729],"class_list":["post-9547","post","type-post","status-publish","format-standard","has-post-thumbnail","hentry","category-informacion-general","category-policiales","tag-clorinda","tag-menores-desparecidos","tag-oriana-y-manuel"],"_links":{"self":[{"href":"https:\/\/primiciasclorinda.com\/index.php?rest_route=\/wp\/v2\/posts\/9547","targetHints":{"allow":["GET"]}}],"collection":[{"href":"https:\/\/primiciasclorinda.com\/index.php?rest_route=\/wp\/v2\/posts"}],"about":[{"href":"https:\/\/primiciasclorinda.com\/index.php?rest_route=\/wp\/v2\/types\/post"}],"author":[{"embeddable":true,"href":"https:\/\/primiciasclorinda.com\/index.php?rest_route=\/wp\/v2\/users\/3"}],"replies":[{"embeddable":true,"href":"https:\/\/primiciasclorinda.com\/index.php?rest_route=%2Fwp%2Fv2%2Fcomments&post=9547"}],"version-history":[{"count":1,"href":"https:\/\/primiciasclorinda.com\/index.php?rest_route=\/wp\/v2\/posts\/9547\/revisions"}],"predecessor-version":[{"id":9551,"href":"https:\/\/primiciasclorinda.com\/index.php?rest_route=\/wp\/v2\/posts\/9547\/revisions\/9551"}],"wp:featuredmedia":[{"embeddable":true,"href":"https:\/\/primiciasclorinda.com\/index.php?rest_route=\/wp\/v2\/media\/9548"}],"wp:attachment":[{"href":"https:\/\/primiciasclorinda.com\/index.php?rest_route=%2Fwp%2Fv2%2Fmedia&parent=9547"}],"wp:term":[{"taxonomy":"category","embeddable":true,"href":"https:\/\/primiciasclorinda.com\/index.php?rest_route=%2Fwp%2Fv2%2Fcategories&post=9547"},{"taxonomy":"post_tag","embeddable":true,"href":"https:\/\/primiciasclorinda.com\/index.php?rest_route=%2Fwp%2Fv2%2Ftags&post=9547"}],"curies":[{"name":"wp","href":"https:\/\/api.w.org\/{rel}","templated":true}]}}