{"id":94276,"date":"2026-02-10T08:22:54","date_gmt":"2026-02-10T11:22:54","guid":{"rendered":"https:\/\/primiciasclorinda.com\/?p=94276"},"modified":"2026-02-10T08:22:54","modified_gmt":"2026-02-10T11:22:54","slug":"la-policia-provincial-evoco-un-nuevo-aniversario-del-fallecimiento-del-oficial-subinspector-idelfonso-vera","status":"publish","type":"post","link":"https:\/\/primiciasclorinda.com\/?p=94276","title":{"rendered":"La Polic\u00eda provincial evoc\u00f3 un nuevo aniversario del fallecimiento del Oficial Subinspector Idelfonso Vera"},"content":{"rendered":"\n<p><strong><em>Su muerte heroica se produjo durante un procedimiento policial, tras perseguir a tres delincuentes que estaban pr\u00f3fugos de la Justicia<\/em><\/strong><\/p>\n\n\n\n<p>En una emotiva ceremonia realizada en la Plaza de Armas de la Comisar\u00eda Oficial Subinspector Idelfonso Vera (COSIV) de Clorinda, se evoc\u00f3 el <strong>32 aniversario del fallecimiento del mencionado polic\u00eda, <\/strong>ca\u00eddo en cumplimiento del deber.<\/p>\n\n\n\n<figure class=\"wp-block-image size-large is-resized\"><img loading=\"lazy\" decoding=\"async\" width=\"600\" height=\"126\" src=\"http:\/\/primiciasclorinda.com\/wp-content\/uploads\/2026\/02\/hipergasdeconfianza-5-7-600x126.jpg\" alt=\"\" class=\"wp-image-93258\" style=\"width:840px;height:auto\" srcset=\"https:\/\/primiciasclorinda.com\/wp-content\/uploads\/2026\/02\/hipergasdeconfianza-5-7-600x126.jpg 600w, https:\/\/primiciasclorinda.com\/wp-content\/uploads\/2026\/02\/hipergasdeconfianza-5-7-300x63.jpg 300w, https:\/\/primiciasclorinda.com\/wp-content\/uploads\/2026\/02\/hipergasdeconfianza-5-7-768x162.jpg 768w, https:\/\/primiciasclorinda.com\/wp-content\/uploads\/2026\/02\/hipergasdeconfianza-5-7.jpg 950w\" sizes=\"auto, (max-width: 600px) 100vw, 600px\" \/><\/figure>\n\n\n\n<p>La ceremonia se realiz\u00f3 este lunes por la ma\u00f1ana y asistieron el Jefe de Polic\u00eda Comisario General Juan Mois\u00e9s Villagra,&nbsp; acompa\u00f1ado de Oficiales Superiores de la Plana Mayor Policial, oficiales jefes y personal subalterno.<\/p>\n\n\n\n<p>Tambi\u00e9n se cont\u00f3 con la presencia especial de los hermanos y sobrina del extinto oficial ca\u00eddo en cumplimiento del deber,&nbsp; e integrantes de la XIV promoci\u00f3n de oficiales ayudantes.<\/p>\n\n\n\n<p>Luego el diacono permanente de la parroquia \u201cNuestra Se\u00f1ora de los \u00c1ngeles\u201d Subcrio \u00ae Don Lino Ram\u00f3n Ben\u00edtez, realiz\u00f3 una invocaci\u00f3n religiosa.<\/p>\n\n\n\n<p>Las autoridades realizaron el dep\u00f3sito de ofrenda floral frente al monolito que perpet\u00faa la memoria del oficial ca\u00eddo en cumplimiento del deber, ubicado en la comisar\u00eda que lleva su nombre.<\/p>\n\n\n\n<p>Se resalt\u00f3 la vocaci\u00f3n de servicio que lo llev\u00f3 al punto extremo de ofrendar su vida en garantizar la seguridad p\u00fablica y la protecci\u00f3n de la comunidad formose\u00f1a.<\/p>\n\n\n\n<p>La ceremonia finaliz\u00f3 en un marco de recuerdos por el camarada que perdura en los corazones de todos sus seres queridos y de la Instituci\u00f3n<strong><\/strong><\/p>\n\n\n<figure class=\"wp-block-post-featured-image\"><img loading=\"lazy\" decoding=\"async\" width=\"950\" height=\"600\" src=\"https:\/\/primiciasclorinda.com\/wp-content\/uploads\/2026\/02\/Subinspector-Idelfonso-Vera-1.jpeg\" class=\"attachment-post-thumbnail size-post-thumbnail wp-post-image\" alt=\"\" style=\"object-fit:cover;\" srcset=\"https:\/\/primiciasclorinda.com\/wp-content\/uploads\/2026\/02\/Subinspector-Idelfonso-Vera-1.jpeg 950w, https:\/\/primiciasclorinda.com\/wp-content\/uploads\/2026\/02\/Subinspector-Idelfonso-Vera-1-300x189.jpeg 300w, https:\/\/primiciasclorinda.com\/wp-content\/uploads\/2026\/02\/Subinspector-Idelfonso-Vera-1-475x300.jpeg 475w, https:\/\/primiciasclorinda.com\/wp-content\/uploads\/2026\/02\/Subinspector-Idelfonso-Vera-1-768x485.jpeg 768w\" sizes=\"auto, (max-width: 950px) 100vw, 950px\" \/><\/figure>","protected":false},"excerpt":{"rendered":"<div class=\"mh-excerpt\"><p>Su muerte heroica se produjo durante un procedimiento policial, tras perseguir a tres delincuentes que estaban pr\u00f3fugos de la Justicia En una emotiva ceremonia realizada <a class=\"mh-excerpt-more\" href=\"https:\/\/primiciasclorinda.com\/?p=94276\" title=\"La Polic\u00eda provincial evoc\u00f3 un nuevo aniversario del fallecimiento del Oficial Subinspector Idelfonso Vera\">[&#8230;]<\/a><\/p>\n<\/div>","protected":false},"author":3,"featured_media":94258,"comment_status":"open","ping_status":"open","sticky":false,"template":"","format":"standard","meta":{"footnotes":""},"categories":[5431,10],"tags":[6352,26,6353,1590],"class_list":["post-94276","post","type-post","status-publish","format-standard","has-post-thumbnail","hentry","category-clorinda","category-policiales","tag-aniversario-fallecimiento","tag-clorinda","tag-comisaria-cosiv","tag-idelfonso-vera"],"_links":{"self":[{"href":"https:\/\/primiciasclorinda.com\/index.php?rest_route=\/wp\/v2\/posts\/94276","targetHints":{"allow":["GET"]}}],"collection":[{"href":"https:\/\/primiciasclorinda.com\/index.php?rest_route=\/wp\/v2\/posts"}],"about":[{"href":"https:\/\/primiciasclorinda.com\/index.php?rest_route=\/wp\/v2\/types\/post"}],"author":[{"embeddable":true,"href":"https:\/\/primiciasclorinda.com\/index.php?rest_route=\/wp\/v2\/users\/3"}],"replies":[{"embeddable":true,"href":"https:\/\/primiciasclorinda.com\/index.php?rest_route=%2Fwp%2Fv2%2Fcomments&post=94276"}],"version-history":[{"count":1,"href":"https:\/\/primiciasclorinda.com\/index.php?rest_route=\/wp\/v2\/posts\/94276\/revisions"}],"predecessor-version":[{"id":94277,"href":"https:\/\/primiciasclorinda.com\/index.php?rest_route=\/wp\/v2\/posts\/94276\/revisions\/94277"}],"wp:featuredmedia":[{"embeddable":true,"href":"https:\/\/primiciasclorinda.com\/index.php?rest_route=\/wp\/v2\/media\/94258"}],"wp:attachment":[{"href":"https:\/\/primiciasclorinda.com\/index.php?rest_route=%2Fwp%2Fv2%2Fmedia&parent=94276"}],"wp:term":[{"taxonomy":"category","embeddable":true,"href":"https:\/\/primiciasclorinda.com\/index.php?rest_route=%2Fwp%2Fv2%2Fcategories&post=94276"},{"taxonomy":"post_tag","embeddable":true,"href":"https:\/\/primiciasclorinda.com\/index.php?rest_route=%2Fwp%2Fv2%2Ftags&post=94276"}],"curies":[{"name":"wp","href":"https:\/\/api.w.org\/{rel}","templated":true}]}}