{"id":9350,"date":"2018-05-08T16:58:31","date_gmt":"2018-05-08T19:58:31","guid":{"rendered":"http:\/\/primiciasclorinda.com\/?p=9350"},"modified":"2018-05-08T16:58:31","modified_gmt":"2018-05-08T19:58:31","slug":"el-gobierno-negocia-un-auxilio-financiero-del-fmi","status":"publish","type":"post","link":"https:\/\/primiciasclorinda.com\/?p=9350","title":{"rendered":"El Gobierno negocia un auxilio financiero del FMI"},"content":{"rendered":"<p style=\"text-align: justify;\">El d\u00f3lar pasaba los 23 pesos y llov\u00eda a mares fuera de la Casa Rosada cuando el presidente Mauricio Macri enfrent\u00f3 a las c\u00e1maras en el Sal\u00f3n Blanco para develar la inc\u00f3gnita que se hab\u00eda generado durante toda la ma\u00f1ana. El inicio de conversaciones con el Fondo Monetario Internacional ya era un hecho.<\/p>\n<p style=\"text-align: justify;\">\u00abHace minutos habl\u00e9 con Christine Lagarde , su directora, y nos confirm\u00f3 que vamos a arrancar hoy mismo a trabajar en un acuerdo. Esto nos va a permitir avanzar en este plan de crecimiento y desarrollo, d\u00e1ndonos respaldo para enfrentar este escenario global y evitar crisis como las que hemos tenido\u00bb, dijo el Presidente al confirmar el \u00abinicio de conversaciones\u00bb con el organismo internacional de cr\u00e9dito.<\/p>\n<p style=\"text-align: justify;\">Tras el anuncio, los economistas se debaten entre la se\u00f1al al mercado y los condicionamientos del FMI<br \/>\n\u00abEsta pol\u00edtica depende mucho del financiamiento externo. Durante los dos primeros a\u00f1os hemos contado con un contexto mundial muy favorable, pero eso hoy est\u00e1 cambiando\u00bb, explic\u00f3 el Presidente, muy serio, en el comienzo de un discurso que dur\u00f3 menos de tres minutos.<\/p>\n<p style=\"text-align: justify;\">\u00abLas condiciones mundiales est\u00e1n cada d\u00eda m\u00e1s complejas, y por varios factores: suben las tasas de inter\u00e9s, el petr\u00f3leo, devaluado las monedas, entre otras variables que no manejamos. El problema es que somos de los pa\u00edses del mundo que m\u00e1s dependemos del financiamiento externo, producto del enorme gasto p\u00fablico que heredamos y que estamos ordenando\u00bb, dijo el Presidente, en referencia al kirchnerismo.<\/p>\n<p style=\"text-align: justify;\">\u00abFrente a esta nueva situaci\u00f3n, y de manera preventiva, he decidido iniciar conversaciones con el FMI, para que nos otorgue una l\u00ednea de apoyo financiero\u00bb, sostuvo el Presidente. La decisi\u00f3n fue tomada durante la reuni\u00f3n de coordinaci\u00f3n, que Macri encabez\u00f3 en la Casa Rosada, y en la que participaron el jefe de gabinete Marcos Pe\u00f1a, los coordinadores Gustavo Lopetegui y Mario Quintana, y en base a conversaciones del Presidente con el equipo econ\u00f3mico.<\/p>\n<p style=\"text-align: justify;\">\u00abSiempre fue una posibilidad, hoy el Presidente habl\u00f3 con Lagarde. De todas las herramientas que tenemos, esta es una y decidimos usarla\u00bb, afirmaron a LA NACION cerca del Presidente. Y agregaron que \u00abcomo la movida (econ\u00f3mica) es muy fuerte en todo el mundo decidimos actuar\u00bb, sostuvieron desde la Casa Rosada.<\/p>\n<p style=\"text-align: justify;\">Apenas regres\u00f3 de una recorrida por San Miguel junto a la gobernadora bonaerense Mar\u00eda Eugenia Vidal , Macri se concentr\u00f3 en el anuncio, en el que reiter\u00f3 su confianza en el modelo gradualista elegido. \u00abMi convicci\u00f3n es que estamos recorriendo el \u00fanico camino posible para salir del estancamiento buscando siempre evitar una gran crisis econ\u00f3mica que nos haga retroceder y da\u00f1ar\u00eda a todos\u00bb, afirm\u00f3 Macri.<\/p>\n<p style=\"text-align: justify;\">\u00abPor eso implementamos una pol\u00edtica econ\u00f3mica gradualista que busca equilibrar el desastre que nos dejaron en nuestras cuentas p\u00fablicas, cuidando a los sectores vulnerables y al mismo tiempo creciendo, generando as\u00ed m\u00e1s empleo y desarrollo\u00bb, agreg\u00f3, otra vez en cr\u00edtica directa al gobierno kirchnerista.<\/p>\n<p style=\"text-align: justify;\">\u00abEsta decisi\u00f3n la tom\u00e9 pensando en el bien de todos los argentinos, no minti\u00e9ndoles como tantas veces lo han hecho. Cumpliendo con los compromisos y alej\u00e1ndonos de la demagogia y la mentira estoy convencido que el camino que tomamos va a lograr un mejor futuro para todos\u00bb, finaliz\u00f3 el Presidente.<\/p>\n<p style=\"text-align: justify;\">Fuente: La Naci\u00f3n<\/p>\n","protected":false},"excerpt":{"rendered":"<div class=\"mh-excerpt\"><p>El d\u00f3lar pasaba los 23 pesos y llov\u00eda a mares fuera de la Casa Rosada cuando el presidente Mauricio Macri enfrent\u00f3 a las c\u00e1maras en <a class=\"mh-excerpt-more\" href=\"https:\/\/primiciasclorinda.com\/?p=9350\" title=\"El Gobierno negocia un auxilio financiero del FMI\">[&#8230;]<\/a><\/p>\n<\/div>","protected":false},"author":3,"featured_media":9351,"comment_status":"open","ping_status":"open","sticky":false,"template":"","format":"standard","meta":{"footnotes":""},"categories":[3],"tags":[1245,13],"class_list":["post-9350","post","type-post","status-publish","format-standard","has-post-thumbnail","hentry","category-politica-economia","tag-fmi","tag-mauricio-macri"],"_links":{"self":[{"href":"https:\/\/primiciasclorinda.com\/index.php?rest_route=\/wp\/v2\/posts\/9350","targetHints":{"allow":["GET"]}}],"collection":[{"href":"https:\/\/primiciasclorinda.com\/index.php?rest_route=\/wp\/v2\/posts"}],"about":[{"href":"https:\/\/primiciasclorinda.com\/index.php?rest_route=\/wp\/v2\/types\/post"}],"author":[{"embeddable":true,"href":"https:\/\/primiciasclorinda.com\/index.php?rest_route=\/wp\/v2\/users\/3"}],"replies":[{"embeddable":true,"href":"https:\/\/primiciasclorinda.com\/index.php?rest_route=%2Fwp%2Fv2%2Fcomments&post=9350"}],"version-history":[{"count":1,"href":"https:\/\/primiciasclorinda.com\/index.php?rest_route=\/wp\/v2\/posts\/9350\/revisions"}],"predecessor-version":[{"id":9352,"href":"https:\/\/primiciasclorinda.com\/index.php?rest_route=\/wp\/v2\/posts\/9350\/revisions\/9352"}],"wp:featuredmedia":[{"embeddable":true,"href":"https:\/\/primiciasclorinda.com\/index.php?rest_route=\/wp\/v2\/media\/9351"}],"wp:attachment":[{"href":"https:\/\/primiciasclorinda.com\/index.php?rest_route=%2Fwp%2Fv2%2Fmedia&parent=9350"}],"wp:term":[{"taxonomy":"category","embeddable":true,"href":"https:\/\/primiciasclorinda.com\/index.php?rest_route=%2Fwp%2Fv2%2Fcategories&post=9350"},{"taxonomy":"post_tag","embeddable":true,"href":"https:\/\/primiciasclorinda.com\/index.php?rest_route=%2Fwp%2Fv2%2Ftags&post=9350"}],"curies":[{"name":"wp","href":"https:\/\/api.w.org\/{rel}","templated":true}]}}