{"id":9345,"date":"2018-05-08T16:37:43","date_gmt":"2018-05-08T19:37:43","guid":{"rendered":"http:\/\/primiciasclorinda.com\/?p=9345"},"modified":"2018-05-08T16:44:39","modified_gmt":"2018-05-08T19:44:39","slug":"se-conmemoro-en-clorinda-el-natalicio-de-eva-peron","status":"publish","type":"post","link":"https:\/\/primiciasclorinda.com\/?p=9345","title":{"rendered":"Se conmemor\u00f3 en Clorinda, el natalicio de Eva Per\u00f3n"},"content":{"rendered":"<p style=\"text-align: justify;\">Fue durante un sencillo acto homenaje que se realiz\u00f3 frente al busto de Evita ubicado en el patio de la oficina de Desarrollo Humano de la Municipalidad de Clorinda.<\/p>\n<p style=\"text-align: justify;\">Se conmemor\u00f3 este Lunes 7 de mayo, el aniversario n\u00famero 99 del nacimiento de Eva Duarte de Per\u00f3n, la abanderada de los m\u00e1s humildes; hubo un sencillo acto homenaje que estuvo encabezado por el Intendente Celauro.<\/p>\n<p>En la oportunidad, la contadora Andrea Gaete en su discurso destac\u00f3: \u00abla mirada de Evita siempre estuvo orientada a la protecci\u00f3n de los sectores m\u00e1s vulnerables, en su breve vida demostr\u00f3 con acciones y no solo palabras su profundo sentimiento hacia la patria y hacia los desprotegidos convirti\u00e9ndose en el pilar fundamental en la construcci\u00f3n de una argentina inclusiva y con justicia social\u201d.<\/p>\n<p style=\"text-align: justify;\">\u201cA diario vemos con mucho orgullo en nuestra provincia bajo la conducci\u00f3n del Gobernador Insfr\u00e1n y en nuestra ciudad bajo las directivas del Intendente Celauro acciones de gobierno que muestran que el legado de Evita sigue presente con obras que mejoran la calidad de vida de nuestra gente\u201d.<\/p>\n<p style=\"text-align: justify;\">\u201cSi nos pregunt\u00e1semos \u00bfqu\u00e9 har\u00eda Evita si estuviera viva hoy ante tantos atropellos por parte del gobierno nacional, hacia los trabajadores, ancianos y ni\u00f1os? No me caben dudas que se pondr\u00eda del lado del pueblo y encabezar\u00eda la lucha\u201d.<\/p>\n<p style=\"text-align: justify;\">\u201cPor lo tanto debemos actuar en oposici\u00f3n a los que quieren la otra argentina que lleva adelante el gobierno nacional con medidas que coartan el derecho de los trabajadores\u201d, finaliz\u00f3 diciendo la contadora Gaete.<\/p>\n<p style=\"text-align: justify;\">Del acto participaron adem\u00e1s de Intendente Manuel Celauro, el Diputado Provincial, Alejandro Navas, el presidente del HCD, Ariel Caniza, concejales, el Secretario de Gobierno, Walter Mart\u00ednez, el Sub secretario de Gobierno, Francisco Celauro, miembros del gabinete del ejecutivo y legislativo municipal y vecinos de Clorinda.<\/p>\n<p style=\"text-align: justify;\">\n","protected":false},"excerpt":{"rendered":"<div class=\"mh-excerpt\"><p>Fue durante un sencillo acto homenaje que se realiz\u00f3 frente al busto de Evita ubicado en el patio de la oficina de Desarrollo Humano de <a class=\"mh-excerpt-more\" href=\"https:\/\/primiciasclorinda.com\/?p=9345\" title=\"Se conmemor\u00f3 en Clorinda, el natalicio de Eva Per\u00f3n\">[&#8230;]<\/a><\/p>\n<\/div>","protected":false},"author":3,"featured_media":9346,"comment_status":"open","ping_status":"open","sticky":false,"template":"","format":"standard","meta":{"footnotes":""},"categories":[3],"tags":[26,598,24,88],"class_list":["post-9345","post","type-post","status-publish","format-standard","has-post-thumbnail","hentry","category-politica-economia","tag-clorinda","tag-eva-peron","tag-manuel-celauro","tag-municipalidad-de-clorinda"],"_links":{"self":[{"href":"https:\/\/primiciasclorinda.com\/index.php?rest_route=\/wp\/v2\/posts\/9345","targetHints":{"allow":["GET"]}}],"collection":[{"href":"https:\/\/primiciasclorinda.com\/index.php?rest_route=\/wp\/v2\/posts"}],"about":[{"href":"https:\/\/primiciasclorinda.com\/index.php?rest_route=\/wp\/v2\/types\/post"}],"author":[{"embeddable":true,"href":"https:\/\/primiciasclorinda.com\/index.php?rest_route=\/wp\/v2\/users\/3"}],"replies":[{"embeddable":true,"href":"https:\/\/primiciasclorinda.com\/index.php?rest_route=%2Fwp%2Fv2%2Fcomments&post=9345"}],"version-history":[{"count":3,"href":"https:\/\/primiciasclorinda.com\/index.php?rest_route=\/wp\/v2\/posts\/9345\/revisions"}],"predecessor-version":[{"id":9349,"href":"https:\/\/primiciasclorinda.com\/index.php?rest_route=\/wp\/v2\/posts\/9345\/revisions\/9349"}],"wp:featuredmedia":[{"embeddable":true,"href":"https:\/\/primiciasclorinda.com\/index.php?rest_route=\/wp\/v2\/media\/9346"}],"wp:attachment":[{"href":"https:\/\/primiciasclorinda.com\/index.php?rest_route=%2Fwp%2Fv2%2Fmedia&parent=9345"}],"wp:term":[{"taxonomy":"category","embeddable":true,"href":"https:\/\/primiciasclorinda.com\/index.php?rest_route=%2Fwp%2Fv2%2Fcategories&post=9345"},{"taxonomy":"post_tag","embeddable":true,"href":"https:\/\/primiciasclorinda.com\/index.php?rest_route=%2Fwp%2Fv2%2Ftags&post=9345"}],"curies":[{"name":"wp","href":"https:\/\/api.w.org\/{rel}","templated":true}]}}