{"id":9207,"date":"2018-04-19T18:48:25","date_gmt":"2018-04-19T21:48:25","guid":{"rendered":"http:\/\/primiciasclorinda.com\/?p=9207"},"modified":"2018-04-19T18:50:19","modified_gmt":"2018-04-19T21:50:19","slug":"festejaron-el-dia-del-indio-americano-con-un-almuerzo-para-la-comunidad","status":"publish","type":"post","link":"https:\/\/primiciasclorinda.com\/?p=9207","title":{"rendered":"Festejaron el D\u00eda del Indio Americano con un almuerzo para la comunidad"},"content":{"rendered":"<p style=\"text-align: justify;\">Este mediod\u00eda se realiz\u00f3 un almuerzo para los miembros de la comunidad Toba en el marco del D\u00eda del Indio Americano, la actividad estuvo organizada por Ra\u00fal Milton Caballero, Cacique, Santiago Monz\u00f3n, delegado de UPCN y Sergio Torres, dirigente del FDLV. Por la tarde se realizaron actividades deportivas con entrega de premios para los ganadores.<\/p>\n<p style=\"text-align: justify;\">La actividad se realiza todos los a\u00f1os y es acompa\u00f1ada por distintos dirigentes sociales y pol\u00edticos principalmente del ala del Frente de la Victoria.<\/p>\n","protected":false},"excerpt":{"rendered":"<div class=\"mh-excerpt\"><p>Este mediod\u00eda se realiz\u00f3 un almuerzo para los miembros de la comunidad Toba en el marco del D\u00eda del Indio Americano, la actividad estuvo organizada <a class=\"mh-excerpt-more\" href=\"https:\/\/primiciasclorinda.com\/?p=9207\" title=\"Festejaron el D\u00eda del Indio Americano con un almuerzo para la comunidad\">[&#8230;]<\/a><\/p>\n<\/div>","protected":false},"author":3,"featured_media":9208,"comment_status":"open","ping_status":"open","sticky":false,"template":"","format":"standard","meta":{"footnotes":""},"categories":[3],"tags":[26,1709],"class_list":["post-9207","post","type-post","status-publish","format-standard","has-post-thumbnail","hentry","category-politica-economia","tag-clorinda","tag-dia-del-aborigen"],"_links":{"self":[{"href":"https:\/\/primiciasclorinda.com\/index.php?rest_route=\/wp\/v2\/posts\/9207","targetHints":{"allow":["GET"]}}],"collection":[{"href":"https:\/\/primiciasclorinda.com\/index.php?rest_route=\/wp\/v2\/posts"}],"about":[{"href":"https:\/\/primiciasclorinda.com\/index.php?rest_route=\/wp\/v2\/types\/post"}],"author":[{"embeddable":true,"href":"https:\/\/primiciasclorinda.com\/index.php?rest_route=\/wp\/v2\/users\/3"}],"replies":[{"embeddable":true,"href":"https:\/\/primiciasclorinda.com\/index.php?rest_route=%2Fwp%2Fv2%2Fcomments&post=9207"}],"version-history":[{"count":1,"href":"https:\/\/primiciasclorinda.com\/index.php?rest_route=\/wp\/v2\/posts\/9207\/revisions"}],"predecessor-version":[{"id":9209,"href":"https:\/\/primiciasclorinda.com\/index.php?rest_route=\/wp\/v2\/posts\/9207\/revisions\/9209"}],"wp:featuredmedia":[{"embeddable":true,"href":"https:\/\/primiciasclorinda.com\/index.php?rest_route=\/wp\/v2\/media\/9208"}],"wp:attachment":[{"href":"https:\/\/primiciasclorinda.com\/index.php?rest_route=%2Fwp%2Fv2%2Fmedia&parent=9207"}],"wp:term":[{"taxonomy":"category","embeddable":true,"href":"https:\/\/primiciasclorinda.com\/index.php?rest_route=%2Fwp%2Fv2%2Fcategories&post=9207"},{"taxonomy":"post_tag","embeddable":true,"href":"https:\/\/primiciasclorinda.com\/index.php?rest_route=%2Fwp%2Fv2%2Ftags&post=9207"}],"curies":[{"name":"wp","href":"https:\/\/api.w.org\/{rel}","templated":true}]}}