{"id":92015,"date":"2026-02-08T08:36:57","date_gmt":"2026-02-08T11:36:57","guid":{"rendered":"https:\/\/primiciasclorinda.com\/?p=92015"},"modified":"2026-02-08T08:36:57","modified_gmt":"2026-02-08T11:36:57","slug":"el-cemenurk-realizo-una-kermesse-y-caminata-por-el-dia-mundial-del-cancer","status":"publish","type":"post","link":"https:\/\/primiciasclorinda.com\/?p=92015","title":{"rendered":"El CEMENURK realiz\u00f3 una kermesse y caminata por el D\u00eda Mundial del C\u00e1ncer"},"content":{"rendered":"\n<p><em>El Centro de Medicina Nuclear y Radioterapia (CEMENURNK) \u201cPdte N\u00e9stor Kirchner\u201d realiz\u00f3 este viernes 6, una kermesse y una caminata en su predio, en conmemoraci\u00f3n por el D\u00eda Mundial del C\u00e1ncer que fue el pasado 4 de febrero.<\/em><\/p>\n\n\n\n<p>La propuesta, consisti\u00f3 en el desarrollo de diversas actividades como stands informativos, sorteos y la participaci\u00f3n de pacientes, familiares, amigos y todos aquellos que estuviesen interesados en ser parte de esta propuesta. &nbsp;<\/p>\n\n\n\n<p>Al respecto, la Agencia de Noticias Formosa (AGENFOR), dialog\u00f3 con el director m\u00e9dico del CEMENURNK, Fernando Trachta, quien expres\u00f3 que \u201cse trat\u00f3 de un evento Con fines sociales y educativos, en donde se congreg\u00f3 a distintas instituciones para que den a conocer lo que se est\u00e1n haciendo en Formosa en materia de salud p\u00fablica\u201d.<\/p>\n\n\n\n<figure class=\"wp-block-image size-large is-resized\"><img loading=\"lazy\" decoding=\"async\" width=\"600\" height=\"126\" src=\"http:\/\/primiciasclorinda.com\/wp-content\/uploads\/2026\/02\/hipergasdeconfianza-5-6-600x126.jpg\" alt=\"\" class=\"wp-image-88840\" style=\"width:836px;height:auto\" srcset=\"https:\/\/primiciasclorinda.com\/wp-content\/uploads\/2026\/02\/hipergasdeconfianza-5-6-600x126.jpg 600w, https:\/\/primiciasclorinda.com\/wp-content\/uploads\/2026\/02\/hipergasdeconfianza-5-6-300x63.jpg 300w, https:\/\/primiciasclorinda.com\/wp-content\/uploads\/2026\/02\/hipergasdeconfianza-5-6-768x162.jpg 768w, https:\/\/primiciasclorinda.com\/wp-content\/uploads\/2026\/02\/hipergasdeconfianza-5-6.jpg 950w\" sizes=\"auto, (max-width: 600px) 100vw, 600px\" \/><\/figure>\n\n\n\n<p><\/p>\n\n\n\n<p>Entre los organismos participantes estuvo el Hospital de Alta Complejidad (HAC) \u201cPdte. Juan Domingo Per\u00f3n\u201d, el Hospital de la Madre y el Ni\u00f1o, el Hospital de la Madre y la Mujer, el Instituto Polit\u00e9cnico Formosa (IPF), EL Polo Cient\u00edfico Tecnol\u00f3gico y de Innovaci\u00f3n, Centro Provincial de Hemoterapia y otras instituciones, cada una con su stand informando la labor que realizan de manera cotidiana.<\/p>\n\n\n\n<p>Adem\u00e1s, el doctor Trachta, coment\u00f3 que \u201cse brind\u00f3 el servicio de un chequeo m\u00e9dico habitual y sencillo que consisti\u00f3 en toma de presi\u00f3n, temperatura, frecuencia card\u00edaca\u201d.<\/p>\n\n\n\n<p>Esta kermesse recreativa tuvo el objetivo principal de informar a la comunidad y trabajar en conjunto en la prevenci\u00f3n y detecci\u00f3n temprana de esta enfermedad, jerarquizando los buenos h\u00e1bitos y tambi\u00e9n despejar dudas que pueda tener la comunidad.<\/p>\n\n\n\n<p>\u201cLa prevenci\u00f3n es la raz\u00f3n por la cual se realiz\u00f3 este evento, porque en el caso de&nbsp; la oncolog\u00eda, &nbsp;la importancia est\u00e1 en la prevenci\u00f3n, en detectar a tiempo\u201d, acentu\u00f3.<\/p>\n\n\n\n<p>\u201cAntes era diagn\u00f3stico temprano y diagn\u00f3stico tard\u00edo. Hoy, hay algo que se llama diagn\u00f3stico oportuno, que es un paciente al que se lo agarra con un estadio avanzado de la enfermedad, pero con las nuevas t\u00e9cnicas de tratamiento pueden llegar a retroceder la enfermedad y a curarse\u201d, explic\u00f3 al cerrar.<\/p>\n\n\n\n<p>En contexto, Justo Diarte, expaciente oncol\u00f3gico, brind\u00f3 un peque\u00f1o testimonio en donde dej\u00f3 en claro el agradecimiento al sistema de salud provincial, a sus profesionales, y a la importancia de contar en tu tierra con un centro sanitario como el CEMENURNK.<\/p>\n\n\n\n<p>\u201cEn el a\u00f1o 2024 me detectaron en Buenos Aires c\u00e1ncer de pr\u00f3stata, vine a Formosa a hacerme el tratamiento de radioterapia, porque no iba a poder solventar el gasto que requer\u00eda hacerlo all\u00e1, adem\u00e1s, iba a tener que separarme de mi esposa y el desarraigo es lo m\u00e1s doloroso\u201d, comenz\u00f3 contando.<\/p>\n\n\n\n<p>\u201cA fines del 2024 termin\u00e9 el tratamiento y super\u00e9 la enfermedad, hoy me siento muy bien y realmente estoy muy agradecido con los profesionales que me han atendido, porque fue de excelencia, como as\u00ed tambi\u00e9n el trato recibido, algo sumamente importante y necesario para las personas que transitan el c\u00e1ncer, porque el sentirse apoyado es parte de la recuperaci\u00f3n\u201d, concluy\u00f3.<\/p>\n\n\n<figure class=\"wp-block-post-featured-image\"><img loading=\"lazy\" decoding=\"async\" width=\"950\" height=\"600\" src=\"https:\/\/primiciasclorinda.com\/wp-content\/uploads\/2026\/02\/Kermesse-y-caminata-CEMENURNK-1.jpeg\" class=\"attachment-post-thumbnail size-post-thumbnail wp-post-image\" alt=\"\" style=\"object-fit:cover;\" srcset=\"https:\/\/primiciasclorinda.com\/wp-content\/uploads\/2026\/02\/Kermesse-y-caminata-CEMENURNK-1.jpeg 950w, https:\/\/primiciasclorinda.com\/wp-content\/uploads\/2026\/02\/Kermesse-y-caminata-CEMENURNK-1-300x189.jpeg 300w, https:\/\/primiciasclorinda.com\/wp-content\/uploads\/2026\/02\/Kermesse-y-caminata-CEMENURNK-1-475x300.jpeg 475w, https:\/\/primiciasclorinda.com\/wp-content\/uploads\/2026\/02\/Kermesse-y-caminata-CEMENURNK-1-768x485.jpeg 768w\" sizes=\"auto, (max-width: 950px) 100vw, 950px\" \/><\/figure>","protected":false},"excerpt":{"rendered":"<div class=\"mh-excerpt\"><p>El Centro de Medicina Nuclear y Radioterapia (CEMENURNK) \u201cPdte N\u00e9stor Kirchner\u201d realiz\u00f3 este viernes 6, una kermesse y una caminata en su predio, en conmemoraci\u00f3n <a class=\"mh-excerpt-more\" href=\"https:\/\/primiciasclorinda.com\/?p=92015\" title=\"El CEMENURK realiz\u00f3 una kermesse y caminata por el D\u00eda Mundial del C\u00e1ncer\">[&#8230;]<\/a><\/p>\n<\/div>","protected":false},"author":3,"featured_media":92002,"comment_status":"open","ping_status":"open","sticky":false,"template":"","format":"standard","meta":{"footnotes":""},"categories":[3,4854],"tags":[6335,6336],"class_list":["post-92015","post","type-post","status-publish","format-standard","has-post-thumbnail","hentry","category-politica-economia","category-salud","tag-cemnurnk","tag-dia-mundial-del-cancer"],"_links":{"self":[{"href":"https:\/\/primiciasclorinda.com\/index.php?rest_route=\/wp\/v2\/posts\/92015","targetHints":{"allow":["GET"]}}],"collection":[{"href":"https:\/\/primiciasclorinda.com\/index.php?rest_route=\/wp\/v2\/posts"}],"about":[{"href":"https:\/\/primiciasclorinda.com\/index.php?rest_route=\/wp\/v2\/types\/post"}],"author":[{"embeddable":true,"href":"https:\/\/primiciasclorinda.com\/index.php?rest_route=\/wp\/v2\/users\/3"}],"replies":[{"embeddable":true,"href":"https:\/\/primiciasclorinda.com\/index.php?rest_route=%2Fwp%2Fv2%2Fcomments&post=92015"}],"version-history":[{"count":1,"href":"https:\/\/primiciasclorinda.com\/index.php?rest_route=\/wp\/v2\/posts\/92015\/revisions"}],"predecessor-version":[{"id":92016,"href":"https:\/\/primiciasclorinda.com\/index.php?rest_route=\/wp\/v2\/posts\/92015\/revisions\/92016"}],"wp:featuredmedia":[{"embeddable":true,"href":"https:\/\/primiciasclorinda.com\/index.php?rest_route=\/wp\/v2\/media\/92002"}],"wp:attachment":[{"href":"https:\/\/primiciasclorinda.com\/index.php?rest_route=%2Fwp%2Fv2%2Fmedia&parent=92015"}],"wp:term":[{"taxonomy":"category","embeddable":true,"href":"https:\/\/primiciasclorinda.com\/index.php?rest_route=%2Fwp%2Fv2%2Fcategories&post=92015"},{"taxonomy":"post_tag","embeddable":true,"href":"https:\/\/primiciasclorinda.com\/index.php?rest_route=%2Fwp%2Fv2%2Ftags&post=92015"}],"curies":[{"name":"wp","href":"https:\/\/api.w.org\/{rel}","templated":true}]}}