{"id":89901,"date":"2026-02-04T09:04:09","date_gmt":"2026-02-04T12:04:09","guid":{"rendered":"https:\/\/primiciasclorinda.com\/?p=89901"},"modified":"2026-02-04T09:04:09","modified_gmt":"2026-02-04T12:04:09","slug":"la-apertura-de-la-decima-edicion-del-festival-del-rio-mate-y-terere-sera-con-una-procesion-nautica","status":"publish","type":"post","link":"https:\/\/primiciasclorinda.com\/?p=89901","title":{"rendered":"La apertura de la d\u00e9cima edici\u00f3n del Festival del R\u00edo, Mate y Terer\u00e9 ser\u00e1 con una procesi\u00f3n nautica."},"content":{"rendered":"\n<p>La d\u00e9cima edici\u00f3n del Festival del R\u00edo, Mate y Terer\u00e9 que se desarrollar\u00e1 este fin de semana en el Paseo Ferroviario, tendr\u00e1 su apertura con una peregrinaci\u00f3n n\u00e1utica desde el Parque Arenas hasta el puerto local de la ciudad, mediante un conjunto de embarcaciones que acompa\u00f1ar\u00e1n a la imagen de la Virgen del R\u00edo a partir de las 19 horas.<\/p>\n\n\n\n<p>Acerca de esta actividad, que marcar\u00e1 el inicio de la agenda deportiva, cultural y recreativa de la fiesta, la directora de Turismo de la municipalidad de Formosa, Cristina Salom\u00f3n, indic\u00f3: \u00abtodos los a\u00f1os ven\u00edamos haciendo la bendici\u00f3n del inicio de a\u00f1o y de nuestra celebraci\u00f3n con la imagen de la Virgen en el patio de la Intendencia.<\/p>\n\n\n\n<figure class=\"wp-block-image size-large is-resized\"><img loading=\"lazy\" decoding=\"async\" width=\"600\" height=\"126\" src=\"http:\/\/primiciasclorinda.com\/wp-content\/uploads\/2026\/02\/hipergasdeconfianza-5-6-600x126.jpg\" alt=\"\" class=\"wp-image-88840\" style=\"width:840px;height:auto\" srcset=\"https:\/\/primiciasclorinda.com\/wp-content\/uploads\/2026\/02\/hipergasdeconfianza-5-6-600x126.jpg 600w, https:\/\/primiciasclorinda.com\/wp-content\/uploads\/2026\/02\/hipergasdeconfianza-5-6-300x63.jpg 300w, https:\/\/primiciasclorinda.com\/wp-content\/uploads\/2026\/02\/hipergasdeconfianza-5-6-768x162.jpg 768w, https:\/\/primiciasclorinda.com\/wp-content\/uploads\/2026\/02\/hipergasdeconfianza-5-6.jpg 950w\" sizes=\"auto, (max-width: 600px) 100vw, 600px\" \/><\/figure>\n\n\n\n<p>Ahora, decidimos iniciar la primera peregrinaci\u00f3n n\u00e1utica con la imagen de la Virgen del R\u00edo con el acompa\u00f1amiento de embarcaciones de toda la comunidad, que saldr\u00e1 este s\u00e1bado desde las 19 en la playa del Parque Arenas hasta la explanada del puerto local, donde habr\u00e1 un recibimiento de una comitiva oficial y el p\u00fablico en general, para continuar desde all\u00ed hasta el patio de la Intendencia, lugar donde un sacerdote har\u00e1 la bendici\u00f3n con el corte de cinta para el inicio de la fiesta\u00bb, precis\u00f3.<\/p>\n\n\n<figure class=\"wp-block-post-featured-image\"><img loading=\"lazy\" decoding=\"async\" width=\"950\" height=\"600\" src=\"https:\/\/primiciasclorinda.com\/wp-content\/uploads\/2026\/02\/tereremateyrio-7.jpg\" class=\"attachment-post-thumbnail size-post-thumbnail wp-post-image\" alt=\"\" style=\"object-fit:cover;\" srcset=\"https:\/\/primiciasclorinda.com\/wp-content\/uploads\/2026\/02\/tereremateyrio-7.jpg 950w, https:\/\/primiciasclorinda.com\/wp-content\/uploads\/2026\/02\/tereremateyrio-7-300x189.jpg 300w, https:\/\/primiciasclorinda.com\/wp-content\/uploads\/2026\/02\/tereremateyrio-7-475x300.jpg 475w, https:\/\/primiciasclorinda.com\/wp-content\/uploads\/2026\/02\/tereremateyrio-7-768x485.jpg 768w\" sizes=\"auto, (max-width: 950px) 100vw, 950px\" \/><\/figure>","protected":false},"excerpt":{"rendered":"<div class=\"mh-excerpt\"><p>La d\u00e9cima edici\u00f3n del Festival del R\u00edo, Mate y Terer\u00e9 que se desarrollar\u00e1 este fin de semana en el Paseo Ferroviario, tendr\u00e1 su apertura con <a class=\"mh-excerpt-more\" href=\"https:\/\/primiciasclorinda.com\/?p=89901\" title=\"La apertura de la d\u00e9cima edici\u00f3n del Festival del R\u00edo, Mate y Terer\u00e9 ser\u00e1 con una procesi\u00f3n nautica.\">[&#8230;]<\/a><\/p>\n<\/div>","protected":false},"author":3,"featured_media":89902,"comment_status":"open","ping_status":"open","sticky":false,"template":"","format":"standard","meta":{"footnotes":""},"categories":[5431,7],"tags":[32,6295],"class_list":["post-89901","post","type-post","status-publish","format-standard","has-post-thumbnail","hentry","category-clorinda","category-espectaculos","tag-ciudad-de-formosa","tag-x-fiesta-del-rio-mate-y-terere"],"_links":{"self":[{"href":"https:\/\/primiciasclorinda.com\/index.php?rest_route=\/wp\/v2\/posts\/89901","targetHints":{"allow":["GET"]}}],"collection":[{"href":"https:\/\/primiciasclorinda.com\/index.php?rest_route=\/wp\/v2\/posts"}],"about":[{"href":"https:\/\/primiciasclorinda.com\/index.php?rest_route=\/wp\/v2\/types\/post"}],"author":[{"embeddable":true,"href":"https:\/\/primiciasclorinda.com\/index.php?rest_route=\/wp\/v2\/users\/3"}],"replies":[{"embeddable":true,"href":"https:\/\/primiciasclorinda.com\/index.php?rest_route=%2Fwp%2Fv2%2Fcomments&post=89901"}],"version-history":[{"count":1,"href":"https:\/\/primiciasclorinda.com\/index.php?rest_route=\/wp\/v2\/posts\/89901\/revisions"}],"predecessor-version":[{"id":89903,"href":"https:\/\/primiciasclorinda.com\/index.php?rest_route=\/wp\/v2\/posts\/89901\/revisions\/89903"}],"wp:featuredmedia":[{"embeddable":true,"href":"https:\/\/primiciasclorinda.com\/index.php?rest_route=\/wp\/v2\/media\/89902"}],"wp:attachment":[{"href":"https:\/\/primiciasclorinda.com\/index.php?rest_route=%2Fwp%2Fv2%2Fmedia&parent=89901"}],"wp:term":[{"taxonomy":"category","embeddable":true,"href":"https:\/\/primiciasclorinda.com\/index.php?rest_route=%2Fwp%2Fv2%2Fcategories&post=89901"},{"taxonomy":"post_tag","embeddable":true,"href":"https:\/\/primiciasclorinda.com\/index.php?rest_route=%2Fwp%2Fv2%2Ftags&post=89901"}],"curies":[{"name":"wp","href":"https:\/\/api.w.org\/{rel}","templated":true}]}}