{"id":88836,"date":"2026-02-02T09:38:54","date_gmt":"2026-02-02T12:38:54","guid":{"rendered":"https:\/\/primiciasclorinda.com\/?p=88836"},"modified":"2026-02-02T09:55:07","modified_gmt":"2026-02-02T12:55:07","slug":"88836","status":"publish","type":"post","link":"https:\/\/primiciasclorinda.com\/?p=88836","title":{"rendered":"D\u00cdA MUNDIAL DE LOS HUMEDALES. Actividades en el Parque Nacional R\u00edo Pilcomayo."},"content":{"rendered":"\n<p><strong>Este lunes 2 de febrero se celebra el D\u00eda Mundial de los Humedales y queremos invitarte a remar en uno de los paisajes m\u00e1s hermosos de nuestra regi\u00f3n <\/strong><strong><\/strong><strong><\/strong><\/p>\n\n\n\n<p><strong>Lunes 2 de febrero Desde las 16 hs<\/strong><\/p>\n\n\n\n<p><strong>Parque Nacional R\u00edo Pilcomayo \u2013 Portal Laguna Blanca<\/strong><\/p>\n\n\n\n<p><strong>Actividad de remo libre y gratuita organizada en colaboraci\u00f3n con la Municipalidad de Clorinda y Newet Excursiones <\/strong><strong><\/strong><strong><\/strong><\/p>\n\n\n\n<p><strong>Menores deben asistir acompa\u00f1ados por un adulto.<\/strong><\/p>\n\n\n\n<p><strong>Recomendaciones, traer:<\/strong><\/p>\n\n\n\n<p><strong>Repelente<\/strong><\/p>\n\n\n\n<p><strong>Protector solar<\/strong><\/p>\n\n\n\n<p><strong>Gorra<\/strong><\/p>\n\n\n\n<p><strong>Ropa c\u00f3moda<\/strong><\/p>\n\n\n\n<p><strong>Sumate a esta experiencia para disfrutar, cuidar y valorar nuestros humedales.<\/strong><\/p>\n\n\n\n<p><strong>\u00a1Te esperamos!<\/strong><\/p>\n\n\n<div class=\"wp-block-image\">\n<figure class=\"aligncenter size-large\"><img loading=\"lazy\" decoding=\"async\" width=\"600\" height=\"126\" src=\"https:\/\/primiciasclorinda.com\/wp-content\/uploads\/2026\/02\/hipergasdeconfianza-5-5-600x126.jpg\" alt=\"\" class=\"wp-image-88837\" srcset=\"https:\/\/primiciasclorinda.com\/wp-content\/uploads\/2026\/02\/hipergasdeconfianza-5-5-600x126.jpg 600w, https:\/\/primiciasclorinda.com\/wp-content\/uploads\/2026\/02\/hipergasdeconfianza-5-5-300x63.jpg 300w, https:\/\/primiciasclorinda.com\/wp-content\/uploads\/2026\/02\/hipergasdeconfianza-5-5-768x162.jpg 768w, https:\/\/primiciasclorinda.com\/wp-content\/uploads\/2026\/02\/hipergasdeconfianza-5-5.jpg 950w\" sizes=\"auto, (max-width: 600px) 100vw, 600px\" \/><\/figure><\/div>\n\n\n<p><\/p>\n\n\n\n<p>C\u00e1lculo del da\u00f1o ambiental por incendios en el Parque Nacional R\u00edo Pilcomayo<\/p>\n\n\n\n<p><strong>En el marco de la denuncia que tramita en la Fiscal\u00eda Federal Formosa N\u00b01, se avanz\u00f3 en el relevamiento de informaci\u00f3n t\u00e9cnica para el c\u00e1lculo del da\u00f1o ambiental producido por dos incendios ocurridos durante el a\u00f1o 2025 en el Parque Nacional R\u00edo Pilcomayo.<\/strong><\/p>\n\n\n\n<p><strong>Para ello, una agente de la DRNEA mantuvo reuniones de trabajo con personal del Departamento de Conservaci\u00f3n, del \u00e1rea de ICE y con la intendente del \u00e1rea protegida, adem\u00e1s de recorrer uno de los sectores afectados para evaluar la vegetaci\u00f3n impactada y el estado de recuperaci\u00f3n del ambiente.<\/strong><\/p>\n\n\n\n<p><strong>En paralelo, se planificaron acciones conjuntas vinculadas al Monumento Natural Yaguaret\u00e9 para el inicio del a\u00f1o lectivo y se defini\u00f3 el nombre del \u00faltimo yaguaret\u00e9 registrado en el Parque (M11).<\/strong><\/p>\n\n\n\n<p><strong>Finalmente, se acord\u00f3 continuar el trabajo conjunto mediante futuras instancias de muestreo de humedales, con el objetivo de conocer su estado de conservaci\u00f3n y orientar medidas de manejo adecuadas.<\/strong><\/p>\n\n\n<figure class=\"wp-block-post-featured-image\"><img loading=\"lazy\" decoding=\"async\" width=\"950\" height=\"600\" src=\"https:\/\/primiciasclorinda.com\/wp-content\/uploads\/2026\/02\/626521379_1351561630341479_5717111946717488438_n.jpg\" class=\"attachment-post-thumbnail size-post-thumbnail wp-post-image\" alt=\"\" style=\"object-fit:cover;\" srcset=\"https:\/\/primiciasclorinda.com\/wp-content\/uploads\/2026\/02\/626521379_1351561630341479_5717111946717488438_n.jpg 950w, https:\/\/primiciasclorinda.com\/wp-content\/uploads\/2026\/02\/626521379_1351561630341479_5717111946717488438_n-300x189.jpg 300w, https:\/\/primiciasclorinda.com\/wp-content\/uploads\/2026\/02\/626521379_1351561630341479_5717111946717488438_n-475x300.jpg 475w, https:\/\/primiciasclorinda.com\/wp-content\/uploads\/2026\/02\/626521379_1351561630341479_5717111946717488438_n-768x485.jpg 768w\" sizes=\"auto, (max-width: 950px) 100vw, 950px\" \/><\/figure>\n\n\n<p><\/p>\n","protected":false},"excerpt":{"rendered":"<div class=\"mh-excerpt\"><p>Este lunes 2 de febrero se celebra el D\u00eda Mundial de los Humedales y queremos invitarte a remar en uno de los paisajes m\u00e1s hermosos <a class=\"mh-excerpt-more\" href=\"https:\/\/primiciasclorinda.com\/?p=88836\" title=\"D\u00cdA MUNDIAL DE LOS HUMEDALES. Actividades en el Parque Nacional R\u00edo Pilcomayo.\">[&#8230;]<\/a><\/p>\n<\/div>","protected":false},"author":3,"featured_media":88815,"comment_status":"open","ping_status":"open","sticky":false,"template":"","format":"standard","meta":{"footnotes":""},"categories":[5431,4],"tags":[6277,2292],"class_list":["post-88836","post","type-post","status-publish","format-standard","has-post-thumbnail","hentry","category-clorinda","category-informacion-general","tag-actividdes-dia-mundial-humedales","tag-parque-nacional-rio-pilcomayo"],"_links":{"self":[{"href":"https:\/\/primiciasclorinda.com\/index.php?rest_route=\/wp\/v2\/posts\/88836","targetHints":{"allow":["GET"]}}],"collection":[{"href":"https:\/\/primiciasclorinda.com\/index.php?rest_route=\/wp\/v2\/posts"}],"about":[{"href":"https:\/\/primiciasclorinda.com\/index.php?rest_route=\/wp\/v2\/types\/post"}],"author":[{"embeddable":true,"href":"https:\/\/primiciasclorinda.com\/index.php?rest_route=\/wp\/v2\/users\/3"}],"replies":[{"embeddable":true,"href":"https:\/\/primiciasclorinda.com\/index.php?rest_route=%2Fwp%2Fv2%2Fcomments&post=88836"}],"version-history":[{"count":2,"href":"https:\/\/primiciasclorinda.com\/index.php?rest_route=\/wp\/v2\/posts\/88836\/revisions"}],"predecessor-version":[{"id":88843,"href":"https:\/\/primiciasclorinda.com\/index.php?rest_route=\/wp\/v2\/posts\/88836\/revisions\/88843"}],"wp:featuredmedia":[{"embeddable":true,"href":"https:\/\/primiciasclorinda.com\/index.php?rest_route=\/wp\/v2\/media\/88815"}],"wp:attachment":[{"href":"https:\/\/primiciasclorinda.com\/index.php?rest_route=%2Fwp%2Fv2%2Fmedia&parent=88836"}],"wp:term":[{"taxonomy":"category","embeddable":true,"href":"https:\/\/primiciasclorinda.com\/index.php?rest_route=%2Fwp%2Fv2%2Fcategories&post=88836"},{"taxonomy":"post_tag","embeddable":true,"href":"https:\/\/primiciasclorinda.com\/index.php?rest_route=%2Fwp%2Fv2%2Ftags&post=88836"}],"curies":[{"name":"wp","href":"https:\/\/api.w.org\/{rel}","templated":true}]}}