{"id":88831,"date":"2026-02-02T09:33:44","date_gmt":"2026-02-02T12:33:44","guid":{"rendered":"https:\/\/primiciasclorinda.com\/?p=88831"},"modified":"2026-02-02T09:34:08","modified_gmt":"2026-02-02T12:34:08","slug":"88831","status":"publish","type":"post","link":"https:\/\/primiciasclorinda.com\/?p=88831","title":{"rendered":"El Gobernador presenci\u00f3 la Copa de Desarrollo de Triatl\u00f3n y apoy\u00f3 el Campeonato Suramericano"},"content":{"rendered":"\n<h1 class=\"wp-block-heading\"><\/h1>\n\n\n\n<p>Este domingo 1 de febrero, por la ma\u00f1ana, la ciudad de Formosa fue sede de la Copa Regional de Desarrollo World Triathlon y la X Copa Argentina de Triatl\u00f3n \u201cVuelta Fermoza\u201d, evento que cont\u00f3 con la presencia del gobernador de la provincia, Gildo Insfr\u00e1n, quien adem\u00e1s apoy\u00f3 la realizaci\u00f3n del pr\u00f3ximo Campeonato Suramericano que ser\u00e1 el 27 y 28 de febrero y 1 de marzo.<\/p>\n\n\n\n<p>La competencia se desarroll\u00f3 en el Paseo Costanero, estuvo destinada a atletas Junior, Sub 23 Elite y Elite y tuvo como flamante campeona en la categor\u00eda Damas Elite a la formose\u00f1a Estefan\u00eda D\u00edaz.<\/p>\n\n\n\n<p>Vale recordar, tambi\u00e9n que, camino a la gran jornada, se llev\u00f3 a cabo un campamento para atletas y entrenadores, instancia de formaci\u00f3n y entrenamiento previo a la gran cita, formando parte de ella deportistas de Argentina, Bolivia, Colombia, Ecuador, Guatemala, Per\u00fa, Paraguay y Uruguay.<\/p>\n\n\n\n<p>Al respecto, el administrador general del Instituto de Asistencia Social (IAS), el arquitecto Edgar P\u00e9rez, puso en valor este evento internacional que congreg\u00f3 a atletas de ocho pa\u00edses y expres\u00f3 estar \u201cmuy contento\u201d por la presencia del Gobernador en la competencia.<\/p>\n\n\n\n<p>\u201cPara nosotros es, primero, un respaldo y un reconocimiento a todo lo que significa la organizaci\u00f3n de un evento de este tipo, que vuelve a poner a Formosa en el contexto internacional para organizar una competencia de este nivel; y tambi\u00e9n por toda la infraestructura y la inversi\u00f3n p\u00fablica, elogiada por todos los atletas y entrenadores que nos han visitado, esto es orgullo del Modelo Formose\u00f1o\u201d, sostuvo.<\/p>\n\n\n\n<p>Asimismo, el funcionario destac\u00f3 el \u201cexcelente\u201d nivel de competencia y el campeonato de una formose\u00f1a en la Copa Regional porque \u201chabla de que el trabajo desde la iniciaci\u00f3n y el acompa\u00f1amiento del Estado da resultados en lo deportivo, social y comunitario\u201d.<\/p>\n\n\n\n<p>P\u00e9rez tambi\u00e9n resalt\u00f3 el trabajo mancomunado de las diferentes instituciones gubernamentales para garantizar la log\u00edstica y seguridad y dijo que es \u201cparte de la pol\u00edtica publica que el gobernador Insfr\u00e1n le imprime a su gesti\u00f3n\u201d.<\/p>\n\n\n\n<p>\u201cEste hecho hoy no es casual, tener el acompa\u00f1amiento de varias instituciones, el IAS, la Secretar\u00eda de Deportes, la Polic\u00eda, el \u00e1rea de salud, por cualquier contingencia, la Prefectura tambi\u00e9n, para la seguridad en el r\u00edo\u201d, detall\u00f3.<\/p>\n\n\n\n<p>Y es reconocer, adem\u00e1s, que \u201cFormosa ya hace unos a\u00f1os recibi\u00f3 la categor\u00eda de un estadio de triatl\u00f3n que este lugar se est\u00e1 compitiendo, en muy pocas partes del mundo se logra esto\u201d.<\/p>\n\n\n\n<p>\u201cTambi\u00e9n un reconocimiento a la dirigencia local, que hoy un formose\u00f1o es el presidente de la Federaci\u00f3n Argentina de Triatl\u00f3n de la Confederaci\u00f3n Sudamericana de Triatl\u00f3n, el compa\u00f1ero Orlando Arauz, que permite que los formose\u00f1os podamos disfrutar de este evento; y la red de medios que hace que en vivo se pueda estar siguiendo las instancias de todo el mundo por streaming\u201d, a\u00f1adi\u00f3.<\/p>\n\n\n\n<p>En otro orden, el titular del IAS precis\u00f3 que fueron m\u00e1s de 120 los competidores que participaron de esta instancia y consider\u00f3 que son \u201catletas de \u00e9lite que vinieron representando a pa\u00edses; y que les va a permitir a esta competencia alcanzar puntos para, por qu\u00e9 no, pensar su participaci\u00f3n en las pr\u00f3ximas Olimpiadas\u201d.<br><br>Sobre el final, valor\u00f3 esta competencia, sobre todo, \u201cen estos momentos donde est\u00e1n castigando a todo el deporte en la Argentina, por falta de pol\u00edticas nacionales\u201d, pero, asegur\u00f3, \u201cdesde Formosa se le da el respaldo a todos los pa\u00edses que vienen con su atleta a participar, al deporte argentino, al formose\u00f1o\u201d.<\/p>\n\n\n\n<p>\u201cEsto nos hace pensar en un futuro muy promisorio, recibir competencias de este nivel aqu\u00ed en Formosa, y recibir tambi\u00e9n el elogio y el reconocimiento de personas que recorren el mundo con este deporte, es sentir ese orgullo de escuchar de su voz, por tanto, y mucho que se hace en Formosa\u201d, cerr\u00f3.<\/p>\n\n\n<figure class=\"wp-block-post-featured-image\"><img loading=\"lazy\" decoding=\"async\" width=\"950\" height=\"600\" src=\"https:\/\/primiciasclorinda.com\/wp-content\/uploads\/2026\/02\/triatlon-1.jpeg\" class=\"attachment-post-thumbnail size-post-thumbnail wp-post-image\" alt=\"\" style=\"object-fit:cover;\" srcset=\"https:\/\/primiciasclorinda.com\/wp-content\/uploads\/2026\/02\/triatlon-1.jpeg 950w, https:\/\/primiciasclorinda.com\/wp-content\/uploads\/2026\/02\/triatlon-1-300x189.jpeg 300w, https:\/\/primiciasclorinda.com\/wp-content\/uploads\/2026\/02\/triatlon-1-475x300.jpeg 475w, https:\/\/primiciasclorinda.com\/wp-content\/uploads\/2026\/02\/triatlon-1-768x485.jpeg 768w\" sizes=\"auto, (max-width: 950px) 100vw, 950px\" \/><\/figure>\n\n\n<p><\/p>\n","protected":false},"excerpt":{"rendered":"<div class=\"mh-excerpt\"><p>Este domingo 1 de febrero, por la ma\u00f1ana, la ciudad de Formosa fue sede de la Copa Regional de Desarrollo World Triathlon y la X <a class=\"mh-excerpt-more\" href=\"https:\/\/primiciasclorinda.com\/?p=88831\" title=\"El Gobernador presenci\u00f3 la Copa de Desarrollo de Triatl\u00f3n y apoy\u00f3 el Campeonato Suramericano\">[&#8230;]<\/a><\/p>\n<\/div>","protected":false},"author":3,"featured_media":88816,"comment_status":"open","ping_status":"open","sticky":false,"template":"","format":"standard","meta":{"footnotes":""},"categories":[3],"tags":[23,5546,6275],"class_list":["post-88831","post","type-post","status-publish","format-standard","has-post-thumbnail","hentry","category-politica-economia","tag-formosa","tag-gobernador-insfran-2","tag-triatlon"],"_links":{"self":[{"href":"https:\/\/primiciasclorinda.com\/index.php?rest_route=\/wp\/v2\/posts\/88831","targetHints":{"allow":["GET"]}}],"collection":[{"href":"https:\/\/primiciasclorinda.com\/index.php?rest_route=\/wp\/v2\/posts"}],"about":[{"href":"https:\/\/primiciasclorinda.com\/index.php?rest_route=\/wp\/v2\/types\/post"}],"author":[{"embeddable":true,"href":"https:\/\/primiciasclorinda.com\/index.php?rest_route=\/wp\/v2\/users\/3"}],"replies":[{"embeddable":true,"href":"https:\/\/primiciasclorinda.com\/index.php?rest_route=%2Fwp%2Fv2%2Fcomments&post=88831"}],"version-history":[{"count":2,"href":"https:\/\/primiciasclorinda.com\/index.php?rest_route=\/wp\/v2\/posts\/88831\/revisions"}],"predecessor-version":[{"id":88833,"href":"https:\/\/primiciasclorinda.com\/index.php?rest_route=\/wp\/v2\/posts\/88831\/revisions\/88833"}],"wp:featuredmedia":[{"embeddable":true,"href":"https:\/\/primiciasclorinda.com\/index.php?rest_route=\/wp\/v2\/media\/88816"}],"wp:attachment":[{"href":"https:\/\/primiciasclorinda.com\/index.php?rest_route=%2Fwp%2Fv2%2Fmedia&parent=88831"}],"wp:term":[{"taxonomy":"category","embeddable":true,"href":"https:\/\/primiciasclorinda.com\/index.php?rest_route=%2Fwp%2Fv2%2Fcategories&post=88831"},{"taxonomy":"post_tag","embeddable":true,"href":"https:\/\/primiciasclorinda.com\/index.php?rest_route=%2Fwp%2Fv2%2Ftags&post=88831"}],"curies":[{"name":"wp","href":"https:\/\/api.w.org\/{rel}","templated":true}]}}