{"id":8786,"date":"2018-03-07T18:32:10","date_gmt":"2018-03-07T21:32:10","guid":{"rendered":"http:\/\/primiciasclorinda.com\/?p=8786"},"modified":"2018-03-07T18:34:56","modified_gmt":"2018-03-07T21:34:56","slug":"las-trabajadoras-judiciales-no-asistiran-a-sus-trabajos-manana-se-suman-al-paro-internacional-de-mujeres","status":"publish","type":"post","link":"https:\/\/primiciasclorinda.com\/?p=8786","title":{"rendered":"Las trabajadoras judiciales paran ma\u00f1ana, se suman al Paro Internacional de Mujeres"},"content":{"rendered":"<p style=\"text-align: justify;\">Las trabajadoras del Poder Judicial de Clorinda \u00a0y de Formosa no asistir\u00e1n a sus lugares de trabajo este jueves por sumarse al Paro Internacional de Mujeres que se da en el marco del D\u00eda de la Mujer. Esto lo confirm\u00f3 a <em><strong>Primicias Clorinda<\/strong><\/em> la Delegada de la Asociaci\u00f3n Judicial en Clorinda, Nancy G\u00f3mez.<\/p>\n<p style=\"text-align: justify;\">En todo el mundo se realizar\u00e1n actividades en el marco del Paro Internacional de Mujeres que se realizar\u00e1 este jueves, D\u00eda de la Mujer, el denominado movimiento 8M tambi\u00e9n se sentir\u00e1 en Clorinda donde se organizan actividades para concientizar sobre los derechos de las mujeres y la creciente violencia de g\u00e9nero.<\/p>\n<p style=\"text-align: justify;\">En este contexto las mujeres que se desempe\u00f1an en el Poder Judicial no asistir\u00e1n a sus trabajos, as\u00ed lo confirm\u00f3 Nancy G\u00f3mez. \u00abMa\u00f1ana paramos las trabajadoras del poder judicial, nos sumamos al Paro Internacional de Mujeres\u00bb, expres\u00f3 la Delegada de la Asociaci\u00f3n Judicial de Clorinda.<\/p>\n","protected":false},"excerpt":{"rendered":"<div class=\"mh-excerpt\"><p>Las trabajadoras del Poder Judicial de Clorinda \u00a0y de Formosa no asistir\u00e1n a sus lugares de trabajo este jueves por sumarse al Paro Internacional de <a class=\"mh-excerpt-more\" href=\"https:\/\/primiciasclorinda.com\/?p=8786\" title=\"Las trabajadoras judiciales paran ma\u00f1ana, se suman al Paro Internacional de Mujeres\">[&#8230;]<\/a><\/p>\n<\/div>","protected":false},"author":3,"featured_media":8787,"comment_status":"open","ping_status":"open","sticky":false,"template":"","format":"standard","meta":{"footnotes":""},"categories":[3],"tags":[1655,26,1652,1654,1653],"class_list":["post-8786","post","type-post","status-publish","format-standard","has-post-thumbnail","hentry","category-politica-economia","tag-8m","tag-clorinda","tag-nancy-gomez","tag-paro-de-mujeres","tag-poder-judicial"],"_links":{"self":[{"href":"https:\/\/primiciasclorinda.com\/index.php?rest_route=\/wp\/v2\/posts\/8786","targetHints":{"allow":["GET"]}}],"collection":[{"href":"https:\/\/primiciasclorinda.com\/index.php?rest_route=\/wp\/v2\/posts"}],"about":[{"href":"https:\/\/primiciasclorinda.com\/index.php?rest_route=\/wp\/v2\/types\/post"}],"author":[{"embeddable":true,"href":"https:\/\/primiciasclorinda.com\/index.php?rest_route=\/wp\/v2\/users\/3"}],"replies":[{"embeddable":true,"href":"https:\/\/primiciasclorinda.com\/index.php?rest_route=%2Fwp%2Fv2%2Fcomments&post=8786"}],"version-history":[{"count":5,"href":"https:\/\/primiciasclorinda.com\/index.php?rest_route=\/wp\/v2\/posts\/8786\/revisions"}],"predecessor-version":[{"id":8792,"href":"https:\/\/primiciasclorinda.com\/index.php?rest_route=\/wp\/v2\/posts\/8786\/revisions\/8792"}],"wp:featuredmedia":[{"embeddable":true,"href":"https:\/\/primiciasclorinda.com\/index.php?rest_route=\/wp\/v2\/media\/8787"}],"wp:attachment":[{"href":"https:\/\/primiciasclorinda.com\/index.php?rest_route=%2Fwp%2Fv2%2Fmedia&parent=8786"}],"wp:term":[{"taxonomy":"category","embeddable":true,"href":"https:\/\/primiciasclorinda.com\/index.php?rest_route=%2Fwp%2Fv2%2Fcategories&post=8786"},{"taxonomy":"post_tag","embeddable":true,"href":"https:\/\/primiciasclorinda.com\/index.php?rest_route=%2Fwp%2Fv2%2Ftags&post=8786"}],"curies":[{"name":"wp","href":"https:\/\/api.w.org\/{rel}","templated":true}]}}