{"id":8782,"date":"2018-03-07T18:18:24","date_gmt":"2018-03-07T21:18:24","guid":{"rendered":"http:\/\/primiciasclorinda.com\/?p=8782"},"modified":"2018-03-07T18:18:50","modified_gmt":"2018-03-07T21:18:50","slug":"la-municipalidad-de-clorinda-se-sumara-al-aumento-del-20-anunciado-por-insfran","status":"publish","type":"post","link":"https:\/\/primiciasclorinda.com\/?p=8782","title":{"rendered":"La Municipalidad de Clorinda se sumar\u00e1 al aumento del 20% anunciado por Insfr\u00e1n"},"content":{"rendered":"<p style=\"text-align: justify;\">El intendente Manuel Celauro anunci\u00f3 aumento salarial del 20%, adhiriendo as\u00ed al incremento otorgado por el gobernador Insfr\u00e1n. El mismo se pagar\u00eda en tres etapas: 10 por ciento retroactivo al primero de marzo, otro 5 por ciento en Julio y el restante 5 por ciento en Octubre.<\/p>\n<p style=\"text-align: justify;\">En contacto con medios locales el intendente Manuel Celauro, confirm\u00f3 el aumento del 20% para todos los empleados municipales. \u201cProcederemos a pagar este aumento del 20% en los mismos t\u00e9rminos tal y como lo har\u00e1 el Gobierno de la Provincia, un 10% retroactivo al primero de Marzo, otro 5% en Julio y el restante 5% en el mes de Octubre\u201d, expres\u00f3 el Intendente.<\/p>\n<p style=\"text-align: justify;\">Vale mencionar que todav\u00eda se espera que llegu\u00e9 el decreto para que sea instrumentado mediante el HCD.<\/p>\n","protected":false},"excerpt":{"rendered":"<div class=\"mh-excerpt\"><p>El intendente Manuel Celauro anunci\u00f3 aumento salarial del 20%, adhiriendo as\u00ed al incremento otorgado por el gobernador Insfr\u00e1n. El mismo se pagar\u00eda en tres etapas: <a class=\"mh-excerpt-more\" href=\"https:\/\/primiciasclorinda.com\/?p=8782\" title=\"La Municipalidad de Clorinda se sumar\u00e1 al aumento del 20% anunciado por Insfr\u00e1n\">[&#8230;]<\/a><\/p>\n<\/div>","protected":false},"author":3,"featured_media":8783,"comment_status":"open","ping_status":"open","sticky":false,"template":"","format":"standard","meta":{"footnotes":""},"categories":[3],"tags":[706,26,18,24],"class_list":["post-8782","post","type-post","status-publish","format-standard","has-post-thumbnail","hentry","category-politica-economia","tag-aumento-salarial","tag-clorinda","tag-gildo-insfran","tag-manuel-celauro"],"_links":{"self":[{"href":"https:\/\/primiciasclorinda.com\/index.php?rest_route=\/wp\/v2\/posts\/8782","targetHints":{"allow":["GET"]}}],"collection":[{"href":"https:\/\/primiciasclorinda.com\/index.php?rest_route=\/wp\/v2\/posts"}],"about":[{"href":"https:\/\/primiciasclorinda.com\/index.php?rest_route=\/wp\/v2\/types\/post"}],"author":[{"embeddable":true,"href":"https:\/\/primiciasclorinda.com\/index.php?rest_route=\/wp\/v2\/users\/3"}],"replies":[{"embeddable":true,"href":"https:\/\/primiciasclorinda.com\/index.php?rest_route=%2Fwp%2Fv2%2Fcomments&post=8782"}],"version-history":[{"count":2,"href":"https:\/\/primiciasclorinda.com\/index.php?rest_route=\/wp\/v2\/posts\/8782\/revisions"}],"predecessor-version":[{"id":8785,"href":"https:\/\/primiciasclorinda.com\/index.php?rest_route=\/wp\/v2\/posts\/8782\/revisions\/8785"}],"wp:featuredmedia":[{"embeddable":true,"href":"https:\/\/primiciasclorinda.com\/index.php?rest_route=\/wp\/v2\/media\/8783"}],"wp:attachment":[{"href":"https:\/\/primiciasclorinda.com\/index.php?rest_route=%2Fwp%2Fv2%2Fmedia&parent=8782"}],"wp:term":[{"taxonomy":"category","embeddable":true,"href":"https:\/\/primiciasclorinda.com\/index.php?rest_route=%2Fwp%2Fv2%2Fcategories&post=8782"},{"taxonomy":"post_tag","embeddable":true,"href":"https:\/\/primiciasclorinda.com\/index.php?rest_route=%2Fwp%2Fv2%2Ftags&post=8782"}],"curies":[{"name":"wp","href":"https:\/\/api.w.org\/{rel}","templated":true}]}}