{"id":8767,"date":"2018-03-06T17:28:21","date_gmt":"2018-03-06T20:28:21","guid":{"rendered":"http:\/\/primiciasclorinda.com\/?p=8767"},"modified":"2018-03-06T17:29:20","modified_gmt":"2018-03-06T20:29:20","slug":"mayans-en-formosa-se-hacen-muchas-y-buenas-obras","status":"publish","type":"post","link":"https:\/\/primiciasclorinda.com\/?p=8767","title":{"rendered":"Mayans: \u201cEn Formosa se hacen muchas y buenas obras\u00bb"},"content":{"rendered":"<p style=\"text-align: justify;\">Al hacer uso de la palabra, el senador nacional del PJ-Formosa Jos\u00e9 Mayans comenz\u00f3 comentando que era egresado de la EPET 1, donde finaliz\u00f3 sus estudios de t\u00e9cnico en electromec\u00e1nica. \u00abTengo tantos recuerdos buenos este colegio\u00bb, se\u00f1al\u00f3.<\/p>\n<p style=\"text-align: justify;\">\u00abHoy estamos ac\u00e1 inaugurando este edificio espectacular y venimos a compartir esta alegr\u00eda con la comunidad educativa y el pueblo\u00bb, destac\u00f3, a\u00f1adiendo que \u00abac\u00e1 se hacen muchas y buenas obras\u00bb.<\/p>\n<p style=\"text-align: justify;\">Parafraseando al general Juan Domingo Per\u00f3n, el legislador afirm\u00f3 \u00abun Gobierno sin doctrina es como un cuerpo sin alma\u00bb, remarcando que \u00abpor eso, nuestro Gobierno tiene su propia doctrina: el Justicialismo, que es una nueva concepci\u00f3n de vida, simple, pr\u00e1ctica, popular, profundamente cristiana y humanista. Es el amor a Dios y al pr\u00f3jimo, lo dem\u00e1s viene por a\u00f1adidura. Nuestras pol\u00edticas p\u00fablicas est\u00e1n orientadas a la persona, luchamos para alcanzar la justicia social, para que cada persona se desarrolle con mente humana\u00bb.<\/p>\n<p style=\"text-align: justify;\">\u00abEn la Constituci\u00f3n Nacional, en el Art\u00edculo 14 bis, el derecho de ense\u00f1ar y aprender es un precepto pr\u00e1cticamente constitucional\u00bb, subray\u00f3 y record\u00f3 que en 2005 \u00abme toc\u00f3 estar en el Parlamento Nacional cuando el presidente N\u00e9stor Kirchner envi\u00f3 el proyecto de educaci\u00f3n t\u00e9cnica profesional. En septiembre de ese a\u00f1o, antes del D\u00eda del Maestro, sancionamos esta ley nacional y al otro d\u00eda el Presidente la promulg\u00f3\u00bb.<\/p>\n<p style=\"text-align: justify;\">Hizo notar que \u00absancionamos esa ley nacional, en la cual dice que la educaci\u00f3n y el conocimiento son un bien p\u00fablico, no es de las empresas. Y es un derecho social y personal garantizado por el Estado. La educaci\u00f3n es una pol\u00edtica de Estado que hace a una sociedad m\u00e1s justa, a la formaci\u00f3n de las personas, a la profundizaci\u00f3n del sistema democr\u00e1tico, a la defensa de los derechos humanos y las libertades fundamentales y al desarrollo econ\u00f3mico y social de nuestro pueblo\u00bb, concluy\u00f3.<\/p>\n","protected":false},"excerpt":{"rendered":"<div class=\"mh-excerpt\"><p>Al hacer uso de la palabra, el senador nacional del PJ-Formosa Jos\u00e9 Mayans comenz\u00f3 comentando que era egresado de la EPET 1, donde finaliz\u00f3 sus <a class=\"mh-excerpt-more\" href=\"https:\/\/primiciasclorinda.com\/?p=8767\" title=\"Mayans: \u201cEn Formosa se hacen muchas y buenas obras\u00bb\">[&#8230;]<\/a><\/p>\n<\/div>","protected":false},"author":3,"featured_media":8768,"comment_status":"open","ping_status":"open","sticky":false,"template":"","format":"standard","meta":{"footnotes":""},"categories":[3],"tags":[23,434],"class_list":["post-8767","post","type-post","status-publish","format-standard","has-post-thumbnail","hentry","category-politica-economia","tag-formosa","tag-jose-mayans"],"_links":{"self":[{"href":"https:\/\/primiciasclorinda.com\/index.php?rest_route=\/wp\/v2\/posts\/8767","targetHints":{"allow":["GET"]}}],"collection":[{"href":"https:\/\/primiciasclorinda.com\/index.php?rest_route=\/wp\/v2\/posts"}],"about":[{"href":"https:\/\/primiciasclorinda.com\/index.php?rest_route=\/wp\/v2\/types\/post"}],"author":[{"embeddable":true,"href":"https:\/\/primiciasclorinda.com\/index.php?rest_route=\/wp\/v2\/users\/3"}],"replies":[{"embeddable":true,"href":"https:\/\/primiciasclorinda.com\/index.php?rest_route=%2Fwp%2Fv2%2Fcomments&post=8767"}],"version-history":[{"count":2,"href":"https:\/\/primiciasclorinda.com\/index.php?rest_route=\/wp\/v2\/posts\/8767\/revisions"}],"predecessor-version":[{"id":8770,"href":"https:\/\/primiciasclorinda.com\/index.php?rest_route=\/wp\/v2\/posts\/8767\/revisions\/8770"}],"wp:featuredmedia":[{"embeddable":true,"href":"https:\/\/primiciasclorinda.com\/index.php?rest_route=\/wp\/v2\/media\/8768"}],"wp:attachment":[{"href":"https:\/\/primiciasclorinda.com\/index.php?rest_route=%2Fwp%2Fv2%2Fmedia&parent=8767"}],"wp:term":[{"taxonomy":"category","embeddable":true,"href":"https:\/\/primiciasclorinda.com\/index.php?rest_route=%2Fwp%2Fv2%2Fcategories&post=8767"},{"taxonomy":"post_tag","embeddable":true,"href":"https:\/\/primiciasclorinda.com\/index.php?rest_route=%2Fwp%2Fv2%2Ftags&post=8767"}],"curies":[{"name":"wp","href":"https:\/\/api.w.org\/{rel}","templated":true}]}}