{"id":8753,"date":"2018-03-05T18:39:45","date_gmt":"2018-03-05T21:39:45","guid":{"rendered":"http:\/\/primiciasclorinda.com\/?p=8753"},"modified":"2018-03-05T18:41:49","modified_gmt":"2018-03-05T21:41:49","slug":"en-clorinda-insfran-inauguro-la-obra-educativa-1324-de-su-gestion-en-el-inicio-del-ciclo-lectivo","status":"publish","type":"post","link":"https:\/\/primiciasclorinda.com\/?p=8753","title":{"rendered":"En Clorinda, Insfr\u00e1n inaugur\u00f3 la obra educativa 1324 de su gesti\u00f3n en el inicio del ciclo lectivo"},"content":{"rendered":"<p style=\"text-align: justify;\">Con las tres escuelas inauguradas este lunes en el comienzo de clases, llegan al hist\u00f3rico n\u00famero de 1324 obras educativas de la gesti\u00f3n del gobernador Gildo Insfran. En este inicio de ciclo lectivo tambi\u00e9n se renov\u00f3 el gesto anual de entrega de 230 mil kits de \u00fatiles, adem\u00e1s de guardapolvos y zapatillas a los alumnos y docentes.<\/p>\n<p style=\"text-align: justify;\">Junto al jefe comunal clorindense, Manuel Celauro, el senador Jos\u00e9 Mayans, el Jefe Gabinete, Antonio Ferreira y el ministro de Cultura y Educaci\u00f3n, Alberto Zorrilla, el primer mandatario habilito obras edilicias por casi 5000 metros cuadrados de superficie cubierta y equipamiento completo de las escuelas provinciales de Educaci\u00f3n Especial 2 \u201cDra. Carolina Tobar Garc\u00eda\u201d, la Primaria 195 \u201cParques Nacionales\u201d y el Jard\u00edn de Infantes 13 \u201cRayito de Sol\u201d.<\/p>\n<p style=\"text-align: justify;\">Al hablar en la escuela primaria, Insfran aludi\u00f3 a que \u201cfue y sigue siendo parte de Clorinda,\u201d evocando su residencia en esta ciudad siendo adolescente y cursando el secundario, como tambi\u00e9n los partidos de futbol con Argentino del Norte y Libertad, recordando a muchos de los que compartieron aquella etapa de su vida. Aunque en especial record\u00f3 a Jos\u00e9 Bogarinm y fundamentalmente a Pancho Bogar\u00edn y su hermana Nelly. Pero Pancho Bogar\u00edn, s\u00edmbolo de la lucha nacional y popular que entregara su vida y hasta hoy no sabemos d\u00f3nde est\u00e1. Pancho, est\u00e9s donde est\u00e9s, sos y seguir\u00e1s siendo nuestro ejemplo de lucha, militancia y compromiso con tu pueblo. \u00c9ste es el compromiso que nos mueve de llevar adelante este modelo formose\u00f1o\u00bb.<\/p>\n<p style=\"text-align: justify;\">Indic\u00f3 adem\u00e1s que \u00abno me puedo olvidar tampoco de Pichona Romay y su hermana. Y me viene a la memoria una mujer que militaba codo a codo con Pancho Bogar\u00edn, pero parece que despu\u00e9s el tiempo le produjo una amnesia, lleg\u00f3 al nivel nacional y se olvid\u00f3 de su Clorinda: (Elsa) Tata Quiroz. Neg\u00f3 (a Clorinda) porque dec\u00eda ser de R\u00edo Negro cuando fue diputada nacional\u00bb.<\/p>\n<p style=\"text-align: justify;\">\u00abTambi\u00e9n quiero recordar a un hombre que tuvo mucho que ver con la ciudad de Clorinda y en la guerra del Chaco: el capit\u00e1n Caniza, que viv\u00eda tambi\u00e9n en este barrio\u00bb, remarc\u00f3 el titular del PEP en su alocuci\u00f3n.<\/p>\n<p style=\"text-align: justify;\">A su vez se\u00f1al\u00f3 que \u00abpese a que ya se explicaron los motivos por los cuales se han demorado tanto el inicio como la finalizaci\u00f3n de esta obra, quiero agradecerles fundamentalmente la paciencia y la comprensi\u00f3n que nos tuvieron. Las obras tienen estas cosas, no siempre se pueden terminar en el tiempo y el plazo estipulado. Surgen inconvenientes y se demoran. Como tambi\u00e9n ha ocurrido con la Escuela Especial\u00bb.<\/p>\n<p style=\"text-align: justify;\">Tras recordar a la directora Nimia Lazarte de Borsotti, a quien calific\u00f3 de \u00abgran docente y profesora\u00bb, el gobernador Insfr\u00e1n le rindi\u00f3 un \u201chumilde homenaje a quienes all\u00e1 por la d\u00e9cada del &#8217;70 hicieron lo imposible para la creaci\u00f3n de una escuela especial. Ellas fueron: la asistente social Victoria Sosa y la fonoaudi\u00f3loga Mercedes Moreno, la actual directora. Ellas hicieron posible la creaci\u00f3n de esa escuela\u00bb, finaliz\u00f3.<\/p>\n<p style=\"text-align: justify;\"><strong>Mas obras<\/strong><\/p>\n<p style=\"text-align: justify;\">Por su parte, el ministro Zorrilla aludi\u00f3 a que est\u00e1bamos en un d\u00eda significativo, \u201cel del reencuentro de la comunidad educativa en todas las escuelas de la provincia\u201d, y particularmente festejo que tambi\u00e9n se diera en el centro de radicaci\u00f3n provisoria \u201cSolidaridad\u201d, que alberga a familias afectadas por los desbordes del rio Pilcomayo en el oeste. \u201cAll\u00ed hay una presencia efectiva del estado en todos los \u00f3rdenes, y esa adversidad est\u00e1 siendo derrotada por la voluntad de todos los formose\u00f1os, porque ah\u00ed s\u00ed que no rinde nadie\u201d, sostuvo.<\/p>\n<p style=\"text-align: justify;\">Dijo que \u201ccomo todos los a\u00f1os iniciamos otro ciclo inaugurando escuelas, tres en Clorinda, con la cual llegamos a las 1324, de la gesti\u00f3n Insfran, y varias otras en los pr\u00f3ximos d\u00edas, entre ellas las de modalidad t\u00e9cnica y agro t\u00e9cnicas (las n\u00fameros 1, 7, 10). Ello como muestra de la confianza de nuestro proyecto pol\u00edtico, sentando las bases de la reconstrucci\u00f3n industrial que est\u00e1n siendo desbastadas\u201d.<\/p>\n<p style=\"text-align: justify;\">Expuso que entre las nuevas realizaciones estar\u00e1 el Instituto Polit\u00e9cnico Formosa que \u201cformara a nuestros t\u00e9cnicos superiores en oficios avanzados como la meca tr\u00f3nica, moderna especialidad para formar t\u00e9cnicos de avanzada en lo cient\u00edfico-tecnol\u00f3gico\u201d.<\/p>\n<p style=\"text-align: justify;\"><img loading=\"lazy\" decoding=\"async\" class=\"alignnone size-full wp-image-8755\" src=\"http:\/\/primiciasclorinda.com\/wp-content\/uploads\/2018\/03\/gildo-en-clorinda1.jpg\" alt=\"\" width=\"768\" height=\"512\" srcset=\"https:\/\/primiciasclorinda.com\/wp-content\/uploads\/2018\/03\/gildo-en-clorinda1.jpg 768w, https:\/\/primiciasclorinda.com\/wp-content\/uploads\/2018\/03\/gildo-en-clorinda1-300x200.jpg 300w, https:\/\/primiciasclorinda.com\/wp-content\/uploads\/2018\/03\/gildo-en-clorinda1-450x300.jpg 450w\" sizes=\"auto, (max-width: 768px) 100vw, 768px\" \/><\/p>\n","protected":false},"excerpt":{"rendered":"<div class=\"mh-excerpt\"><p>Con las tres escuelas inauguradas este lunes en el comienzo de clases, llegan al hist\u00f3rico n\u00famero de 1324 obras educativas de la gesti\u00f3n del gobernador <a class=\"mh-excerpt-more\" href=\"https:\/\/primiciasclorinda.com\/?p=8753\" title=\"En Clorinda, Insfr\u00e1n inaugur\u00f3 la obra educativa 1324 de su gesti\u00f3n en el inicio del ciclo lectivo\">[&#8230;]<\/a><\/p>\n<\/div>","protected":false},"author":3,"featured_media":8754,"comment_status":"open","ping_status":"open","sticky":false,"template":"","format":"standard","meta":{"footnotes":""},"categories":[3],"tags":[26,18,287],"class_list":["post-8753","post","type-post","status-publish","format-standard","has-post-thumbnail","hentry","category-politica-economia","tag-clorinda","tag-gildo-insfran","tag-inicio-de-clases"],"_links":{"self":[{"href":"https:\/\/primiciasclorinda.com\/index.php?rest_route=\/wp\/v2\/posts\/8753","targetHints":{"allow":["GET"]}}],"collection":[{"href":"https:\/\/primiciasclorinda.com\/index.php?rest_route=\/wp\/v2\/posts"}],"about":[{"href":"https:\/\/primiciasclorinda.com\/index.php?rest_route=\/wp\/v2\/types\/post"}],"author":[{"embeddable":true,"href":"https:\/\/primiciasclorinda.com\/index.php?rest_route=\/wp\/v2\/users\/3"}],"replies":[{"embeddable":true,"href":"https:\/\/primiciasclorinda.com\/index.php?rest_route=%2Fwp%2Fv2%2Fcomments&post=8753"}],"version-history":[{"count":2,"href":"https:\/\/primiciasclorinda.com\/index.php?rest_route=\/wp\/v2\/posts\/8753\/revisions"}],"predecessor-version":[{"id":8757,"href":"https:\/\/primiciasclorinda.com\/index.php?rest_route=\/wp\/v2\/posts\/8753\/revisions\/8757"}],"wp:featuredmedia":[{"embeddable":true,"href":"https:\/\/primiciasclorinda.com\/index.php?rest_route=\/wp\/v2\/media\/8754"}],"wp:attachment":[{"href":"https:\/\/primiciasclorinda.com\/index.php?rest_route=%2Fwp%2Fv2%2Fmedia&parent=8753"}],"wp:term":[{"taxonomy":"category","embeddable":true,"href":"https:\/\/primiciasclorinda.com\/index.php?rest_route=%2Fwp%2Fv2%2Fcategories&post=8753"},{"taxonomy":"post_tag","embeddable":true,"href":"https:\/\/primiciasclorinda.com\/index.php?rest_route=%2Fwp%2Fv2%2Ftags&post=8753"}],"curies":[{"name":"wp","href":"https:\/\/api.w.org\/{rel}","templated":true}]}}