{"id":8687,"date":"2018-02-27T08:00:06","date_gmt":"2018-02-27T11:00:06","guid":{"rendered":"http:\/\/primiciasclorinda.com\/?p=8687"},"modified":"2018-02-27T08:00:06","modified_gmt":"2018-02-27T11:00:06","slug":"debate-por-el-aborto-macri-dio-libertad-de-conciencia-a-sus-legisladores-pero-ratifico-su-posicion-favor-de-la-vida","status":"publish","type":"post","link":"https:\/\/primiciasclorinda.com\/?p=8687","title":{"rendered":"Debate por el aborto: Macri dio \u00ablibertad de conciencia\u00bb a sus legisladores, pero ratific\u00f3 su posici\u00f3n \u00abfavor de la vida\u00bb"},"content":{"rendered":"<p style=\"text-align: justify;\">Unificar posturas, marcar lineamientos de la agenda que se viene y adelantar un boceto de los anuncios que habr\u00e1 en la Asamblea Legislativa de apertura de sesiones ordinarias del Congreso. Bajo estas directivas Mauricio Macri encar\u00f3 este lunes por la tarde en Olivos una reuni\u00f3n con los senadores y diputados de Cambiemos destinada a cohesionar a la tropa propia.<\/p>\n<p style=\"text-align: justify;\">Seg\u00fan adelantaron a Infobae fuentes calificadas de la Casa Rosada, la intenci\u00f3n de Macri era reunir, como lo hizo el a\u00f1o pasado, a todos los legisladores de Cambiemos para escucharlos, coincidir en los temas que vendr\u00e1n en la agenda parlamentaria y compartir los lineamientos de gesti\u00f3n del Presidente.<\/p>\n<p style=\"text-align: justify;\">El encuentro en Olivos se encuadr\u00f3 en el debate habilitado por el Gobierno sobre una eventual ley que habilite legalmente el aborto en la Argentina. El Presidente tiene una postura tomada de su oposici\u00f3n y lo hizo saber durante la reuni\u00f3n. All\u00ed, el jefe de Estado les dijo a los legisladores que \u00abhay libertad de conciencia\u00bb, pero ratific\u00f3 su posici\u00f3n \u00aba favor de la vida\u00bb.<\/p>\n<p style=\"text-align: justify;\">\u00abHay que dar el debate por el tema del aborto. La sociedad nos tiene que ver discutir. No hay que tener miedo en cambiemos a pensar diferente. Yo estoy a favor de la vida y es mi postura pero respeto a los que piensan distinto\u00bb, resumi\u00f3 el mandatario.<\/p>\n<p style=\"text-align: justify;\">En sinton\u00eda, un encumbrado funcionario de la Casa Rosada sostuvo: \u00abHay una decisi\u00f3n del Presidente de dar este debate sobre el aborto m\u00e1s all\u00e1 de su postura personal contraria al tema\u00bb. As\u00ed, la estrategia del Gobierno ser\u00e1 dejar que \u00abtodo fluya\u00bb en el Congreso y que se habilite un debate \u00abprofundo y bien fundamentado\u00bb, aclararon.<\/p>\n<p style=\"text-align: justify;\">En la reuni\u00f3n de hoy en Olivos no hubo asado sino un lunch frugal para los legisladores y el discurso de Macri para marcar la cancha de lo que el Poder Ejecutivo espera de la agenda parlamentaria de este a\u00f1o.<\/p>\n<p style=\"text-align: justify;\">En este sentido, el Presidente desliz\u00f3 los temas previsibles que espera que aprueben los legisladores de Cambiemos. Entre ellos, pidi\u00f3 que se avance con la media sanci\u00f3n de la ley de mercado de capitales y de compre argentino. En tanto, hacia adelante, el Gobierno espera llevar al Congreso el proyecto de reforma laboral desdoblado, la reforma pol\u00edtica con el gran cap\u00edtulo de financiamiento de los partidos pol\u00edticos y el nuevo C\u00f3digo Penal, entre otros temas.<\/p>\n","protected":false},"excerpt":{"rendered":"<div class=\"mh-excerpt\"><p>Unificar posturas, marcar lineamientos de la agenda que se viene y adelantar un boceto de los anuncios que habr\u00e1 en la Asamblea Legislativa de apertura <a class=\"mh-excerpt-more\" href=\"https:\/\/primiciasclorinda.com\/?p=8687\" title=\"Debate por el aborto: Macri dio \u00ablibertad de conciencia\u00bb a sus legisladores, pero ratific\u00f3 su posici\u00f3n \u00abfavor de la vida\u00bb\">[&#8230;]<\/a><\/p>\n<\/div>","protected":false},"author":3,"featured_media":8688,"comment_status":"open","ping_status":"open","sticky":false,"template":"","format":"standard","meta":{"footnotes":""},"categories":[3],"tags":[1625,13],"class_list":["post-8687","post","type-post","status-publish","format-standard","has-post-thumbnail","hentry","category-politica-economia","tag-aborto-legal","tag-mauricio-macri"],"_links":{"self":[{"href":"https:\/\/primiciasclorinda.com\/index.php?rest_route=\/wp\/v2\/posts\/8687","targetHints":{"allow":["GET"]}}],"collection":[{"href":"https:\/\/primiciasclorinda.com\/index.php?rest_route=\/wp\/v2\/posts"}],"about":[{"href":"https:\/\/primiciasclorinda.com\/index.php?rest_route=\/wp\/v2\/types\/post"}],"author":[{"embeddable":true,"href":"https:\/\/primiciasclorinda.com\/index.php?rest_route=\/wp\/v2\/users\/3"}],"replies":[{"embeddable":true,"href":"https:\/\/primiciasclorinda.com\/index.php?rest_route=%2Fwp%2Fv2%2Fcomments&post=8687"}],"version-history":[{"count":1,"href":"https:\/\/primiciasclorinda.com\/index.php?rest_route=\/wp\/v2\/posts\/8687\/revisions"}],"predecessor-version":[{"id":8689,"href":"https:\/\/primiciasclorinda.com\/index.php?rest_route=\/wp\/v2\/posts\/8687\/revisions\/8689"}],"wp:featuredmedia":[{"embeddable":true,"href":"https:\/\/primiciasclorinda.com\/index.php?rest_route=\/wp\/v2\/media\/8688"}],"wp:attachment":[{"href":"https:\/\/primiciasclorinda.com\/index.php?rest_route=%2Fwp%2Fv2%2Fmedia&parent=8687"}],"wp:term":[{"taxonomy":"category","embeddable":true,"href":"https:\/\/primiciasclorinda.com\/index.php?rest_route=%2Fwp%2Fv2%2Fcategories&post=8687"},{"taxonomy":"post_tag","embeddable":true,"href":"https:\/\/primiciasclorinda.com\/index.php?rest_route=%2Fwp%2Fv2%2Ftags&post=8687"}],"curies":[{"name":"wp","href":"https:\/\/api.w.org\/{rel}","templated":true}]}}