{"id":86166,"date":"2026-01-28T08:50:49","date_gmt":"2026-01-28T11:50:49","guid":{"rendered":"https:\/\/primiciasclorinda.com\/?p=86166"},"modified":"2026-01-28T08:50:49","modified_gmt":"2026-01-28T11:50:49","slug":"el-crudo-relato-de-oscar-reniero-sobre-el-ocaso-comercial-en-clorinda","status":"publish","type":"post","link":"https:\/\/primiciasclorinda.com\/?p=86166","title":{"rendered":"El crudo relato de Oscar Reniero sobre el ocaso comercial en Clorinda"},"content":{"rendered":"\n<p><strong>En el coraz\u00f3n de una de las zonas fronterizas m\u00e1s din\u00e1micas del Cono Sur, el silencio de las persianas bajas y los pasillos vac\u00edos de los mayoristas comienza a contar una historia diferente. Lo que antes era un hervidero de compradores paraguayos buscando productos argentinos, hoy se ha transformado en un escenario de resistencia y desolaci\u00f3n. En una entrevista exclusiva concedida a&nbsp;\u00abP\u00e1gina: Rub\u00e9n Valent\u00edn Godoy\u00bb, el veterano comerciante&nbsp;Oscar Reniero&nbsp;desglos\u00f3 con una crudeza necesaria la realidad de una ciudad que, seg\u00fan sus palabras, est\u00e1&nbsp;\u00abtrabajando para repartir la miseria\u00bb.<\/strong><\/p>\n\n\n\n<p><strong>La ca\u00edda de un gigante comercial: Dos a\u00f1os de decadencia sostenida<\/strong><\/p>\n\n\n\n<p><strong>Para quienes conocen el pulso de Clorinda, el testimonio de Reniero no es solo una queja, es un diagn\u00f3stico t\u00e9cnico del sector privado. Seg\u00fan el comerciante, el declive no es una sensaci\u00f3n t\u00e9rmica, sino un proceso acumulativo que se profundiz\u00f3 de manera dr\u00e1stica recientemente.<\/strong><\/p>\n\n\n\n<p><strong>\u00abEs de conocimiento p\u00fablico que Clorinda entra en decadencia despu\u00e9s del cambio de gobierno\u00bb, afirm\u00f3 Reniero, marcando un hito temporal que resuena en los balances contables de la zona. Para el entrevistado, la esperanza de una mejora a corto plazo se ha convertido en un espejismo que el sistema pol\u00edtico utiliza para calmar los \u00e1nimos, pero que choca de frente con la realidad del mostrador:&nbsp;\u00abCada vez se agrava m\u00e1s, eso es lo triste, porque muchas veces la gente te dice, \u2018No, aguanta que el mes que viene o el otro que viene esto va a cambiar.\u2019 Mentira. Y sigue tan cruel como antes\u00bb.<\/strong><\/p>\n\n\n\n<p><strong>Esta \u00abcrueldad\u00bb econ\u00f3mica ha llevado a que las inversiones de toda una vida \u2014locales, dep\u00f3sitos y viviendas\u2014 pasen de ser activos de progreso a pesadas cargas financieras.&nbsp;\u00abHoy estamos con una estructura y muchas veces las estructuras son las que despu\u00e9s te golpean\u00bb, reflexion\u00f3, aludiendo a los costos fijos imposibles de sostener sin el flujo hist\u00f3rico de clientes.<\/strong><\/p>\n\n\n\n<p><strong>El \u00abfuego amigo\u00bb del Estado<\/strong><\/p>\n\n\n\n<p><strong>Uno de los tramos m\u00e1s intensos de la charla con Valent\u00edn Godoy se centr\u00f3 en la presi\u00f3n que ejercen los entes estatales sobre un comercio que ya no respira. Reniero apunt\u00f3 directamente contra la prestadora de energ\u00eda el\u00e9ctrica y la administraci\u00f3n municipal, acus\u00e1ndolas de falta de empat\u00eda con la situaci\u00f3n local.<\/strong><\/p>\n\n\n\n<p><strong>\u00abHay dos factores muy fuertes que golpean al comercio. Primero es Refsa, que es de conocimiento p\u00fablico. Pobre aquel tipo que tiene una c\u00e1mara o que tiene que usar energ\u00eda todos los d\u00edas. O en cualquier casa, incluso tiene que pagar 200 000 pesos para arriba por mes\u00bb, denunci\u00f3. El costo de mantener la cadena de fr\u00edo o simplemente iluminar un local se ha vuelto una sentencia de muerte para los peque\u00f1os emprendedores.<\/strong><\/p>\n\n\n\n<p><strong>Por otro lado, la cr\u00edtica hacia la gesti\u00f3n local fue tajante al se\u00f1alar un desfasaje entre la recaudaci\u00f3n y la capacidad de pago de los vecinos:&nbsp;\u00abLos impuestos municipales de esta gente desgraciadamente viven en otra galaxia. Ellos se quedaron con los impuestos de cuando Clorinda hab\u00eda trabajo. Y hoy Clorinda no da para tributar eso\u00bb. Para Reniero, el resultado es evidente en las oficinas p\u00fablicas:&nbsp;\u00abHay much\u00edsima gente que no puede pagar los impuestos. Eso ya es un problema grave\u00bb.<\/strong><\/p>\n\n\n\n<p><strong>Mercosur y Desigualdad Tributaria: La batalla perdida contra el Paraguay<\/strong><\/p>\n\n\n\n<p><strong>Al analizar por qu\u00e9 Clorinda dej\u00f3 de ser el destino predilecto del comprador paraguayo, Reniero ofreci\u00f3 una lecci\u00f3n de econom\u00eda comparada. La asimetr\u00eda impositiva entre las dos orillas del r\u00edo Pilcomayo ha vuelto \u00abimposible\u00bb la competencia. Mientras Paraguay ha logrado una estabilidad tributaria atractiva para el mayorista, Argentina sigue asfixiando al vendedor local con cargas salariales y aranceles.<\/strong><\/p>\n\n\n\n<p><strong>\u00abEl Mercosur es una realidad. \u00bfQu\u00e9 tributa el mayorista de aquel lado? Tributa el 10% de IVA, m\u00e1s un peque\u00f1o arancel que le cobra el despachante. Suma eso, tiene m\u00e1s o menos un 12, un 13%. Mientras que ac\u00e1 tiene un impuesto fijo salarial del 38%\u00bb, explic\u00f3 detalladamente. Esta brecha del 25% destruye cualquier posibilidad de precio competitivo:&nbsp;\u00abEs imposible que yo pueda competir. El tipo viene ac\u00e1 a la costa o el de ac\u00e1 se va y compra aquel lado y va a comprar mucho m\u00e1s barato de lo que yo estoy recibiendo ac\u00e1 para la venta al p\u00fablico\u00bb.<\/strong><\/p>\n\n\n\n<p><strong>El avance del gigante brasile\u00f1o y el fin de la era industrial argentina<\/strong><\/p>\n\n\n\n<p><strong>La crisis no solo es de precios, sino de p\u00e9rdida de mercados ante otros actores regionales. Reniero puso como ejemplo el sector de la harina y los productos de limpieza, donde Brasil ha irrumpido con una fuerza devastadora.<\/strong><\/p>\n\n\n\n<p><strong>\u00abLimpieza termin\u00f3. No entraron los brasileros, yo tengo ac\u00e1 mercader\u00eda hace 2 a\u00f1os atr\u00e1s que la estoy liquidando a precio de 2 a\u00f1os atr\u00e1s porque qu\u00e9 pasa: entraron los brasileros a mitad de precio y nos reventaron\u00bb, confes\u00f3 con amargura. La misma situaci\u00f3n se repite en el rubro alimenticio:&nbsp;\u00abHarina, cero. No te olvides que hoy Paraguay tiene varios molinos harineros con la misma calidad que la nuestra o mejor. Y tambi\u00e9n le entran de Brasil\u00bb.<\/strong><\/p>\n\n\n\n<p><strong>Incluso el mercado automotor sirve como espejo de lo que Reniero vaticina para la industria nacional si no hay un cambio de rumbo:&nbsp;\u00abHoy ten\u00e9s auto de U$S 17 000 ac\u00e1 en Argentina, con garant\u00eda de 7 a\u00f1os de plazo. Y anda a conseguir un auto ac\u00e1 en la Argentina por&nbsp;U$S&nbsp;17 000, no existe. Ac\u00e1 el automotor pr\u00e1cticamente tiene un 50% de gravado. La industria Argentina de seguir as\u00ed se van a fundir\u00bb.<\/strong><\/p>\n\n\n\n<p><strong>Lo que queda del intercambio: Aceite mezcla y supervivencia<\/strong><\/p>\n\n\n\n<p><strong>Ante la pregunta de qu\u00e9 es lo que todav\u00eda cruza la frontera, la respuesta fue minimalista. Ya no se trata de grandes compras de stock variado, sino de productos espec\u00edficos de bajo costo y necesidad industrial.<\/strong><\/p>\n\n\n\n<p><strong>\u00abHay dos renglones que medianamente se mueven. Nadie se pelea por nada, que es el aceite comestible mezcla por el bajo costo. El mercado interno ac\u00e1 no le vende mezcla a nadie por el paladar, pero Paraguay es un producto que desde que lo encontraron lo est\u00e1n llevando\u00bb, se\u00f1al\u00f3. A esto se le suma el az\u00facar en bolsa industrial y el combustible, aunque este \u00faltimo de forma muy limitada.<\/strong><\/p>\n\n\n\n<p><strong>Resistir en el local propio<\/strong><\/p>\n\n\n\n<p><strong>El cierre de la entrevista dej\u00f3 un sabor agridulce. Si bien Clorinda no se rinde, el margen de maniobra se agota. Aquellos que no son due\u00f1os de sus espacios ya han sido expulsados por la crisis:&nbsp;\u00abHoy una persona que tenga que alquilar un local para trabajar o una casa para vivir, directamente tiene que salir del mercado\u00bb.<\/strong><\/p>\n\n\n\n<p><strong>Para los antiguos comerciantes como Reniero, la permanencia es una mezcla de gratitud por lo logrado y cansancio por el presente:&nbsp;\u00abNosotros que gracias a Dios hasta el d\u00eda de hoy tenemos un local, una casa donde vivir que es nuestra, nos pesa un mont\u00f3n\u00bb. La realidad de Clorinda, seg\u00fan este referente, es una advertencia para todo el pa\u00eds: un polo comercial que supo ser pujante hoy sobrevive&nbsp;\u00abhasta donde se pueda\u00bb, esperando que alguien, alguna vez, aterrice de nuevo en la galaxia donde viven sus ciudadanos.<\/strong><\/p>\n\n\n<figure class=\"wp-block-post-featured-image\"><img loading=\"lazy\" decoding=\"async\" width=\"950\" height=\"600\" src=\"https:\/\/primiciasclorinda.com\/wp-content\/uploads\/2026\/01\/comerciante-clorinda-950x600-1.jpg\" class=\"attachment-post-thumbnail size-post-thumbnail wp-post-image\" alt=\"\" style=\"object-fit:cover;\" srcset=\"https:\/\/primiciasclorinda.com\/wp-content\/uploads\/2026\/01\/comerciante-clorinda-950x600-1.jpg 950w, https:\/\/primiciasclorinda.com\/wp-content\/uploads\/2026\/01\/comerciante-clorinda-950x600-1-300x189.jpg 300w, https:\/\/primiciasclorinda.com\/wp-content\/uploads\/2026\/01\/comerciante-clorinda-950x600-1-475x300.jpg 475w, https:\/\/primiciasclorinda.com\/wp-content\/uploads\/2026\/01\/comerciante-clorinda-950x600-1-768x485.jpg 768w\" sizes=\"auto, (max-width: 950px) 100vw, 950px\" \/><\/figure>\n\n\n<p><\/p>\n","protected":false},"excerpt":{"rendered":"<div class=\"mh-excerpt\"><p>En el coraz\u00f3n de una de las zonas fronterizas m\u00e1s din\u00e1micas del Cono Sur, el silencio de las persianas bajas y los pasillos vac\u00edos de <a class=\"mh-excerpt-more\" href=\"https:\/\/primiciasclorinda.com\/?p=86166\" title=\"El crudo relato de Oscar Reniero sobre el ocaso comercial en Clorinda\">[&#8230;]<\/a><\/p>\n<\/div>","protected":false},"author":3,"featured_media":86150,"comment_status":"open","ping_status":"open","sticky":false,"template":"","format":"standard","meta":{"footnotes":""},"categories":[5431,4],"tags":[26,5391,6225],"class_list":["post-86166","post","type-post","status-publish","format-standard","has-post-thumbnail","hentry","category-clorinda","category-informacion-general","tag-clorinda","tag-comercio-fronterizo","tag-oscar-reniero"],"_links":{"self":[{"href":"https:\/\/primiciasclorinda.com\/index.php?rest_route=\/wp\/v2\/posts\/86166","targetHints":{"allow":["GET"]}}],"collection":[{"href":"https:\/\/primiciasclorinda.com\/index.php?rest_route=\/wp\/v2\/posts"}],"about":[{"href":"https:\/\/primiciasclorinda.com\/index.php?rest_route=\/wp\/v2\/types\/post"}],"author":[{"embeddable":true,"href":"https:\/\/primiciasclorinda.com\/index.php?rest_route=\/wp\/v2\/users\/3"}],"replies":[{"embeddable":true,"href":"https:\/\/primiciasclorinda.com\/index.php?rest_route=%2Fwp%2Fv2%2Fcomments&post=86166"}],"version-history":[{"count":1,"href":"https:\/\/primiciasclorinda.com\/index.php?rest_route=\/wp\/v2\/posts\/86166\/revisions"}],"predecessor-version":[{"id":86167,"href":"https:\/\/primiciasclorinda.com\/index.php?rest_route=\/wp\/v2\/posts\/86166\/revisions\/86167"}],"wp:featuredmedia":[{"embeddable":true,"href":"https:\/\/primiciasclorinda.com\/index.php?rest_route=\/wp\/v2\/media\/86150"}],"wp:attachment":[{"href":"https:\/\/primiciasclorinda.com\/index.php?rest_route=%2Fwp%2Fv2%2Fmedia&parent=86166"}],"wp:term":[{"taxonomy":"category","embeddable":true,"href":"https:\/\/primiciasclorinda.com\/index.php?rest_route=%2Fwp%2Fv2%2Fcategories&post=86166"},{"taxonomy":"post_tag","embeddable":true,"href":"https:\/\/primiciasclorinda.com\/index.php?rest_route=%2Fwp%2Fv2%2Ftags&post=86166"}],"curies":[{"name":"wp","href":"https:\/\/api.w.org\/{rel}","templated":true}]}}