{"id":86158,"date":"2026-01-28T08:40:13","date_gmt":"2026-01-28T11:40:13","guid":{"rendered":"https:\/\/primiciasclorinda.com\/?p=86158"},"modified":"2026-01-28T08:40:13","modified_gmt":"2026-01-28T11:40:13","slug":"se-ultiman-los-detalles-de-lo-que-sera-la-10-edicion-de-la-fiesta-del-rio-mate-y-terere","status":"publish","type":"post","link":"https:\/\/primiciasclorinda.com\/?p=86158","title":{"rendered":"Se ultiman los detalles de lo que ser\u00e1 la 10\u00b0 edici\u00f3n de la Fiesta del R\u00edo, Mate y Terer\u00e9"},"content":{"rendered":"\n<p>La Municipalidad de Formosa avanza en los preparativos para una nueva edici\u00f3n de la Fiesta Nacional e Internacional del R\u00edo, Mate y Terer\u00e9, que se realizar\u00e1 el 7 y 8 de febrero en el Paseo Ferroviario, y que incluir\u00e1 ferias comerciales, artesanales y gastron\u00f3micas, actividades deportivas, culturales y recreativas, y varios espect\u00e1culos.<br>El subsecretario de Deporte, Cultura y Turismo, Rodrigo Portocarrero, dio a conocer la extensa y variada grilla de artistas y adelant\u00f3 que la Fiesta ofrecer\u00e1 actividades para todos los gustos y edades.<br>\u201cQuisiera comentarles a todos que la grilla ya est\u00e1 pr\u00e1cticamente definida en lo que ser\u00e1 el escenario del Play\u00f3n Municipal en esta d\u00e9cima edici\u00f3n. El s\u00e1bado vamos a tener una grilla de artistas relacionados con el g\u00e9nero cumbia, bailes, entre otros rubros, y el d\u00eda domingo va a ser todo un g\u00e9nero de folclore\u201d, coment\u00f3.<\/p>\n\n\n\n<p>S\u00e1bado 7<\/p>\n\n\n\n<p>\u201cEl s\u00e1bado 7 de febrero vamos a tener al grupo \u201cAcorde\u00f3n mix\u201d, \u201cLa Chami Band\u201d, la Banda Municipal \u201cDardo Palma Parodi\u201d; el Ballet Municipal Oficial, el ballet oficial de la ciudad de Pilar, Paraguay y, dos grupos que tienen una proyecci\u00f3n nacional e internacional como \u201cLa Kupp\u00e9\u201d y de Paraguay el grupo \u201cLa Compa\u00f1\u00eda\u201d.<br>Adelant\u00f3 que el domingo estar\u00e1n actuando en el escenario artistas relacionados con el g\u00e9nero folklore como \u201cAmaneceres\u201d, Marianito G\u00f3mez, Aldana Barboza.<br>Adem\u00e1s, estar\u00e1n \u201cMarisol Otazo, \u201cSiguiendo Huellas\u201d, y un joven que est\u00e1 dando sus primeros pasos que inclusive es una revelaci\u00f3n entre los ni\u00f1os en los mejores escenarios tanto local como nacional que es Jon\u00e1s Vald\u00e9s y despu\u00e9s va a estar el grupo \u201cVagualeros\u201d y va a cerrar ese d\u00eda esta grilla folcl\u00f3rica Pico Frank, que fue consagrado revelaci\u00f3n de Jes\u00fas Mar\u00eda y ahora tambi\u00e9n en la Fiesta Nacional del Chamam\u00e9 en Corriente\u201d.<\/p>\n\n\n\n<p>Carros Foodtracks<\/p>\n\n\n\n<p>\u201cA su vez, tambi\u00e9n nos estamos preparando para lo que ser\u00e1 el escenario gastron\u00f3mico de los carros Foodtracks. Nosotros, por lo general, tenemos siempre dos escenarios donde estamos alineando algunas cositas, pero vamos a tener alguna sorpresa en ese escenario gastron\u00f3mico, ya sea con agrupaciones, ballet, agrupaciones de danza, academias de danza y otros artistas\u201d.<br>\u201cInvitamos a todos los formose\u00f1os, a todas las formose\u00f1as, a todo el p\u00fablico de la regi\u00f3n a que se sumen a esta d\u00e9cima edici\u00f3n de la Fiesta Nacional Internacional R\u00edo mate y terer\u00e9 que se va a llevar a cabo ac\u00e1 en la ciudad de Formosa capital\u201d.<\/p>\n\n\n<figure class=\"wp-block-post-featured-image\"><img loading=\"lazy\" decoding=\"async\" width=\"950\" height=\"600\" src=\"https:\/\/primiciasclorinda.com\/wp-content\/uploads\/2026\/01\/delriomateyterere-2.jpg\" class=\"attachment-post-thumbnail size-post-thumbnail wp-post-image\" alt=\"\" style=\"object-fit:cover;\" srcset=\"https:\/\/primiciasclorinda.com\/wp-content\/uploads\/2026\/01\/delriomateyterere-2.jpg 950w, https:\/\/primiciasclorinda.com\/wp-content\/uploads\/2026\/01\/delriomateyterere-2-300x189.jpg 300w, https:\/\/primiciasclorinda.com\/wp-content\/uploads\/2026\/01\/delriomateyterere-2-475x300.jpg 475w, https:\/\/primiciasclorinda.com\/wp-content\/uploads\/2026\/01\/delriomateyterere-2-768x485.jpg 768w\" sizes=\"auto, (max-width: 950px) 100vw, 950px\" \/><\/figure>","protected":false},"excerpt":{"rendered":"<div class=\"mh-excerpt\"><p>La Municipalidad de Formosa avanza en los preparativos para una nueva edici\u00f3n de la Fiesta Nacional e Internacional del R\u00edo, Mate y Terer\u00e9, que se <a class=\"mh-excerpt-more\" href=\"https:\/\/primiciasclorinda.com\/?p=86158\" title=\"Se ultiman los detalles de lo que ser\u00e1 la 10\u00b0 edici\u00f3n de la Fiesta del R\u00edo, Mate y Terer\u00e9\">[&#8230;]<\/a><\/p>\n<\/div>","protected":false},"author":3,"featured_media":86144,"comment_status":"open","ping_status":"open","sticky":false,"template":"","format":"standard","meta":{"footnotes":""},"categories":[3],"tags":[6221,23],"class_list":["post-86158","post","type-post","status-publish","format-standard","has-post-thumbnail","hentry","category-politica-economia","tag-fiesta-del-rio-mate-y-terere","tag-formosa"],"_links":{"self":[{"href":"https:\/\/primiciasclorinda.com\/index.php?rest_route=\/wp\/v2\/posts\/86158","targetHints":{"allow":["GET"]}}],"collection":[{"href":"https:\/\/primiciasclorinda.com\/index.php?rest_route=\/wp\/v2\/posts"}],"about":[{"href":"https:\/\/primiciasclorinda.com\/index.php?rest_route=\/wp\/v2\/types\/post"}],"author":[{"embeddable":true,"href":"https:\/\/primiciasclorinda.com\/index.php?rest_route=\/wp\/v2\/users\/3"}],"replies":[{"embeddable":true,"href":"https:\/\/primiciasclorinda.com\/index.php?rest_route=%2Fwp%2Fv2%2Fcomments&post=86158"}],"version-history":[{"count":1,"href":"https:\/\/primiciasclorinda.com\/index.php?rest_route=\/wp\/v2\/posts\/86158\/revisions"}],"predecessor-version":[{"id":86159,"href":"https:\/\/primiciasclorinda.com\/index.php?rest_route=\/wp\/v2\/posts\/86158\/revisions\/86159"}],"wp:featuredmedia":[{"embeddable":true,"href":"https:\/\/primiciasclorinda.com\/index.php?rest_route=\/wp\/v2\/media\/86144"}],"wp:attachment":[{"href":"https:\/\/primiciasclorinda.com\/index.php?rest_route=%2Fwp%2Fv2%2Fmedia&parent=86158"}],"wp:term":[{"taxonomy":"category","embeddable":true,"href":"https:\/\/primiciasclorinda.com\/index.php?rest_route=%2Fwp%2Fv2%2Fcategories&post=86158"},{"taxonomy":"post_tag","embeddable":true,"href":"https:\/\/primiciasclorinda.com\/index.php?rest_route=%2Fwp%2Fv2%2Ftags&post=86158"}],"curies":[{"name":"wp","href":"https:\/\/api.w.org\/{rel}","templated":true}]}}