{"id":86155,"date":"2026-01-28T08:38:59","date_gmt":"2026-01-28T11:38:59","guid":{"rendered":"https:\/\/primiciasclorinda.com\/?p=86155"},"modified":"2026-01-28T08:38:59","modified_gmt":"2026-01-28T11:38:59","slug":"cumbre-de-los-gobernadores-de-la-patagonia-solicitan-que-se-declare-la-emergencia-nacional-por-los-incendios","status":"publish","type":"post","link":"https:\/\/primiciasclorinda.com\/?p=86155","title":{"rendered":"Cumbre de los gobernadores de la Patagonia, solicitan que se declare la emergencia nacional por los incendios"},"content":{"rendered":"\n<p>Por el recorte de Naci\u00f3n al combate del fuego, en las provincias dicen que ya no tienen recursos para hacer frente al desastre. Se quemaron 229 mil h\u00e9ctareas desde que arranc\u00f3 el verano<\/p>\n\n\n\n<p>Los gobernadores de la Patagonia se reunieron de urgencia este martes para exigirle al gobierno de Javier Milei que declare la emergencia nacional por los incendios forestales, que ya destruyeron miles de hect\u00e1reas en varias provincias.<\/p>\n\n\n\n<p>En la reuni\u00f3n, que se realiza por Zoom, participan los gobernadores Ignacio Torres (Chubut), Alberto Weretilneck (R\u00edo Negro), Rolando Figueroa (Neuqu\u00e9n), Claudio Vidal (Santa Cruz) y Sergio Ziliotto (La Pampa). Finalizado el encuentro habr\u00e1 una declaraci\u00f3n p\u00fablica.<\/p>\n\n\n\n<p>Fuentes al tanto de las charlas entre los mandatarios patag\u00f3nicos confirmaron a LPO que el objetivo de la cumbre es reclamar de manera conjunta y p\u00fablica a Milei que declare la emergencia nacional por la cat\u00e1strofe de los incendios.<\/p>\n\n\n\n<p>En esas provincias dicen que la declaraci\u00f3n de la emergencia le permitir\u00eda al Gobierno nacional tener un instrumento legal para mandar fondos sin l\u00edmite para combatir los incendios, aunque el problema es que Milei no parece interesado en hacerlo<\/p>\n\n\n\n<p>M\u00e1s all\u00e1 de algunas promesas y cr\u00e9ditos del Banco Naci\u00f3n, desde que se iniciaron los incendios no hubo ninguna medida especial de Naci\u00f3n para destinar fondos a las zonas afectadas. Lo \u00fanico girado hasta ahora es a trav\u00e9s de la&nbsp;Agencia Federal de Emergencias que depende del Ministerio de Seguridad, pero a cuentagotas.<\/p>\n\n\n\n<p><a href=\"https:\/\/www.lapoliticaonline.com\/politica\/drama-en-la-patagonia-milei-bajo-78-los-fondos-para-el-combate-de-los-incendios-764\/\" target=\"_blank\" rel=\"noreferrer noopener\">Como cont\u00f3 LPO<\/a>, en el presupuesto 2026 Milei recort\u00f3 un 78% en t\u00e9rminos reales los fondos para el Servicio Nacional de Manejo del Fuego, que para peor ya ven\u00eda subejecutado.&nbsp;<\/p>\n\n\n\n<p>La situaci\u00f3n es dram\u00e1tica. En la Patagonia ya se quemaron m\u00e1s de 220.000 hect\u00e1reas. Unas 168.000 hect\u00e1reas en La Pampa, 45.000 hect\u00e1reas en Chubut, 6.000 hect\u00e1reas en Neuqu\u00e9n, adem\u00e1s de 10.000 hect\u00e1reas en R\u00edo Negro y 700 hect\u00e1reas en Santa Cruz.<\/p>\n\n\n\n<p>En la Patagonia no se olvidan que Milei&nbsp;<a href=\"https:\/\/www.lapoliticaonline.com\/tools\/redirect.php?t=3&amp;i=337497&amp;s=904503c1f99739d06726ef6feb860fd5\" target=\"_blank\" rel=\"noreferrer noopener\">desfinanci\u00f3 los Parques Nacionales<\/a>, que no tienen herramientas para prevenir ni combatir los incendios, y tambi\u00e9n fren\u00f3 las obras para la construcci\u00f3n del Comando de Operaciones Las Golondrinas que el anterior gobierno dej\u00f3 al 80 por ciento y tuvieron que finalizar Chubut y R\u00edo Negro con fondos propios, ante el abandono de Naci\u00f3n.<\/p>\n\n\n\n<p>Hasta ahora Milei no se dign\u00f3 a visitar alguna de las zonas afectadas y se limit\u00f3 a postear una agraviante imagen hecha con IA en la que se lo ve de traje saludando a bomberos en medio del fuego.<\/p>\n\n\n\n<p>En el entorno de los gobernadores reunidos este martes se\u00f1alan que un ejemplo concreto de la desfinanciaci\u00f3n de Parques Nacionales es que en Los Alerces el incendio est\u00e1 descontrolado y los brigadistas no tienen recursos para hacerle frente, mientras que&nbsp;en el Lago Rivadavia, que es provincial, hubo una reacci\u00f3n mucho m\u00e1s r\u00e1pida.<\/p>\n\n\n\n<p>En Chubut y R\u00edo Negro ya declararon la emergencia provincial por los incendios y se gastaron m\u00e1s de 10 mil millones de pesos en combustible y materiales para combatir el fuego, pero las arcas de esa provincia se est\u00e1n quedando sin recursos para la magnitud del desastre, agravado pro la peor sequ\u00eda desde 1968, producto d eun cambio climeatico que MIlei dice que no existe.<\/p>\n\n\n\n<p>En Chubut ya se quemaron m\u00e1s de 45 mil hect\u00e1reas de bosques, en R\u00edo Negro hay 4 focos activos y se quemaron 10 mil, y tambi\u00e9n hubo incendios en Santa Cruz y Neuqu\u00e9n. En La Pampa la situaci\u00f3n es catastr\u00f3fica: se quemaron m\u00e1s de 168 mil hect\u00e1reas rurales.<\/p>\n\n\n<figure class=\"wp-block-post-featured-image\"><img loading=\"lazy\" decoding=\"async\" width=\"950\" height=\"600\" src=\"https:\/\/primiciasclorinda.com\/wp-content\/uploads\/2026\/01\/losgobernadoresdelsuroeste-11-1.jpg\" class=\"attachment-post-thumbnail size-post-thumbnail wp-post-image\" alt=\"\" style=\"object-fit:cover;\" srcset=\"https:\/\/primiciasclorinda.com\/wp-content\/uploads\/2026\/01\/losgobernadoresdelsuroeste-11-1.jpg 950w, https:\/\/primiciasclorinda.com\/wp-content\/uploads\/2026\/01\/losgobernadoresdelsuroeste-11-1-300x189.jpg 300w, https:\/\/primiciasclorinda.com\/wp-content\/uploads\/2026\/01\/losgobernadoresdelsuroeste-11-1-475x300.jpg 475w, https:\/\/primiciasclorinda.com\/wp-content\/uploads\/2026\/01\/losgobernadoresdelsuroeste-11-1-768x485.jpg 768w\" sizes=\"auto, (max-width: 950px) 100vw, 950px\" \/><\/figure>","protected":false},"excerpt":{"rendered":"<div class=\"mh-excerpt\"><p>Por el recorte de Naci\u00f3n al combate del fuego, en las provincias dicen que ya no tienen recursos para hacer frente al desastre. Se quemaron <a class=\"mh-excerpt-more\" href=\"https:\/\/primiciasclorinda.com\/?p=86155\" title=\"Cumbre de los gobernadores de la Patagonia, solicitan que se declare la emergencia nacional por los incendios\">[&#8230;]<\/a><\/p>\n<\/div>","protected":false},"author":3,"featured_media":86156,"comment_status":"open","ping_status":"open","sticky":false,"template":"","format":"standard","meta":{"footnotes":""},"categories":[3],"tags":[173,6219,6218,6220],"class_list":["post-86155","post","type-post","status-publish","format-standard","has-post-thumbnail","hentry","category-politica-economia","tag-argentina","tag-emergendia-nacional","tag-gobernadores-de-la-patagonia","tag-incendios-en-la-patagoni"],"_links":{"self":[{"href":"https:\/\/primiciasclorinda.com\/index.php?rest_route=\/wp\/v2\/posts\/86155","targetHints":{"allow":["GET"]}}],"collection":[{"href":"https:\/\/primiciasclorinda.com\/index.php?rest_route=\/wp\/v2\/posts"}],"about":[{"href":"https:\/\/primiciasclorinda.com\/index.php?rest_route=\/wp\/v2\/types\/post"}],"author":[{"embeddable":true,"href":"https:\/\/primiciasclorinda.com\/index.php?rest_route=\/wp\/v2\/users\/3"}],"replies":[{"embeddable":true,"href":"https:\/\/primiciasclorinda.com\/index.php?rest_route=%2Fwp%2Fv2%2Fcomments&post=86155"}],"version-history":[{"count":1,"href":"https:\/\/primiciasclorinda.com\/index.php?rest_route=\/wp\/v2\/posts\/86155\/revisions"}],"predecessor-version":[{"id":86157,"href":"https:\/\/primiciasclorinda.com\/index.php?rest_route=\/wp\/v2\/posts\/86155\/revisions\/86157"}],"wp:featuredmedia":[{"embeddable":true,"href":"https:\/\/primiciasclorinda.com\/index.php?rest_route=\/wp\/v2\/media\/86156"}],"wp:attachment":[{"href":"https:\/\/primiciasclorinda.com\/index.php?rest_route=%2Fwp%2Fv2%2Fmedia&parent=86155"}],"wp:term":[{"taxonomy":"category","embeddable":true,"href":"https:\/\/primiciasclorinda.com\/index.php?rest_route=%2Fwp%2Fv2%2Fcategories&post=86155"},{"taxonomy":"post_tag","embeddable":true,"href":"https:\/\/primiciasclorinda.com\/index.php?rest_route=%2Fwp%2Fv2%2Ftags&post=86155"}],"curies":[{"name":"wp","href":"https:\/\/api.w.org\/{rel}","templated":true}]}}