{"id":8596,"date":"2018-02-19T08:05:58","date_gmt":"2018-02-19T11:05:58","guid":{"rendered":"http:\/\/primiciasclorinda.com\/?p=8596"},"modified":"2018-02-19T08:05:58","modified_gmt":"2018-02-19T11:05:58","slug":"pena-aseguro-que-el-gobierno-no-protegera-a-ningun-funcionario","status":"publish","type":"post","link":"https:\/\/primiciasclorinda.com\/?p=8596","title":{"rendered":"Pe\u00f1a asegur\u00f3 que el Gobierno no proteger\u00e1 a ning\u00fan funcionario"},"content":{"rendered":"<p style=\"text-align: justify;\">Pero el Gobierno, a trav\u00e9s del jefe de Gabinete, Marcos Pe\u00f1a , reafirm\u00f3 ayer que no permitir\u00e1 que se discuta que el de Mauricio Macri es un gobierno \u00abhonesto y transparente\u00bb, mientras se mantiene vigente la pol\u00e9mica por la cuenta no declarada en Andorra del subsecretario general de la Presidencia, Valent\u00edn D\u00edaz Gilligan, quien hoy har\u00e1 su descargo ante la Oficina Anticorrupci\u00f3n.<\/p>\n<p style=\"text-align: justify;\">\u00abNos parece que [D\u00edaz Gilligan] es una muy buena persona, muy buen funcionario, y, como dijo el Presidente, a priori confiamos en nuestra gente. Que presente todos los papeles y despu\u00e9s se ver\u00e1. No habr\u00e1 protecci\u00f3n para nadie, si alguien hizo algo mal, deber\u00e1 responder a la Justicia, no vamos a apa\u00f1ar a nadie\u00bb, aclar\u00f3 el jefe de Gabinete, en declaraciones a Radio Mitre.<\/p>\n<p style=\"text-align: justify;\">En ese di\u00e1logo radial, Pe\u00f1a reiter\u00f3 que no se est\u00e1 pensando en separar del cargo a D\u00edaz Gilligan, quien el viernes recibi\u00f3 una citaci\u00f3n v\u00eda mail de la titular de la OA, Laura Alonso, para que \u00aben un plazo de diez d\u00edas\u00bb d\u00e9 explicaciones sobre su participaci\u00f3n accionaria en la sociedad Line Action Ltd., junto al empresario uruguayo Francisco \u00abPaco\u00bb Casal, de la que se desvincul\u00f3 de manera definitiva en noviembre de 2014, casi un a\u00f1o despu\u00e9s de ingresar como funcionario porte\u00f1o en la gesti\u00f3n de Mauricio Macri en la ciudad.<\/p>\n<p style=\"text-align: justify;\">\u00abEstamos hablando de un patrimonio de los funcionarios antes de ingresar a la funci\u00f3n p\u00fablica, y si hay una omisi\u00f3n o no en una declaraci\u00f3n jurada [&#8230;] no estamos hablando de fondos p\u00fablicos, de corrupci\u00f3n, como antes, cuando lo que se discut\u00eda era qu\u00e9 hab\u00edan hecho los funcionarios mientras estaban en el poder\u00bb, afirm\u00f3 Pe\u00f1a, en una virtual defensa de D\u00edaz Gilligan, pero tambi\u00e9n de los ministros Jorge Triaca (con una empleada en negro) y Luis Caputo (una cuenta offshore en islas Caim\u00e1n), otros dos funcionarios cuestionados.<\/p>\n<p style=\"text-align: justify;\">\u00abEstamos hablando de dos o tres casos sobre miles de funcionarios, se est\u00e1n presentando declaraciones juradas, y estamos hablando de reducir sueldos de funcionarios por demoras en presentar las declaraciones juradas. Esto va en serio\u00bb, reiter\u00f3 Pe\u00f1a, uno de los ministros que durante el fin de semana hablaron con D\u00edaz Gilligan, y le transmiti\u00f3 su apoyo. De todos modos, no se trata de un apoyo sin condicionamientos, aseguraron fuentes oficiales.<\/p>\n<p style=\"text-align: justify;\"><strong>L\u00edmites<\/strong><br \/>\n\u00abSi Alonso decide que no alcanzan los papeles que va a traer, se va a tener que ir\u00bb, afirmaron, sin efusividad, cerca del jefe de Gabinete.<\/p>\n<p style=\"text-align: justify;\">Para colmo, ayer se sum\u00f3 un dirigente radical de peso, como Mario Negri, para pedirle al funcionario que diera un paso al costado. \u00abD\u00edaz Gilligan, funcionario, deber\u00eda pedir su separaci\u00f3n del cargo, ir a la Justicia y aclarar su proceder. No es condena, la vara sobre la transparencia est\u00e1 puesta muy alta por parte de Cambiemos. No hay que incomodar al Gobierno, sino ayudarlo\u00bb, dijo el diputado cordob\u00e9s, presidente del interbloque en la C\u00e1mara baja.<\/p>\n<p style=\"text-align: justify;\">Anteayer, la diputada de la CC-ARI Paula Oliveto (cercana a Elisa Carri\u00f3) aclar\u00f3 que D\u00edaz Gilligan no deber\u00eda declarar ante la OA, sino ante la Justicia.<\/p>\n<p style=\"text-align: justify;\">\u00abNo creemos que en estos casos haya relaci\u00f3n con la funci\u00f3n actual, pero si hubiera una relaci\u00f3n con la funci\u00f3n actual podr\u00edamos hacer un apartamiento temporal\u00bb, dijo el jefe de Gabinete, al hablar, en general, de eventuales casos de corrupci\u00f3n.<\/p>\n<p style=\"text-align: justify;\">M\u00e1s all\u00e1 de su intenci\u00f3n de quitarle relevancia al asunto y circunscribirlo a la esfera de competencia de la OA, el Gobierno decidi\u00f3 bajar el perfil de D\u00edaz Gilligan. De hecho, el funcionario no acompa\u00f1ar\u00e1 hoy a Montevideo, como estaba previsto, para reunirse con el presidente de Uruguay Tabar\u00e9 V\u00e1zquez para avanzar en la presentaci\u00f3n de la candidatura com\u00fan para organizar el Mundial de f\u00fatbol de 2030.<\/p>\n<p style=\"text-align: justify;\">\u00abMacri casi no lo conoce, y la discusi\u00f3n es si omiti\u00f3 o no declarar una sociedad\u00bb, se quejaba anoche un alto funcionario, ante el hallazgo de la cuenta sin declarar.<\/p>\n<p style=\"text-align: justify;\"><strong>Un funcionario complicado por su pasado<\/strong><br \/>\nRelaciones pol\u00edticas: Valent\u00edn D\u00edaz Gilligan es subsecretario general de la Presidencia desde diciembre de 2015. Responde al secretario Fernando de Andreis, quien tambi\u00e9n lo tuvo como su segundo en el \u00e1rea de Turismo porte\u00f1a.<br \/>\nPasado empresario: Antes de ingresar a la funci\u00f3n p\u00fablica, en diciembre de 2013, integr\u00f3 distintas sociedades vinculadas al turismo y a la organizaci\u00f3n de eventos deportivos<br \/>\nInfluencia: Desde su despacho, pegado al de De Andreis, tiene injerencia sobre asuntos internos de la Casa Rosada, Turismo y Deportes.<br \/>\nOtros bienes: Con 44 a\u00f1os, D\u00edaz Gilligan no declara propiedades a su nombre en la Argentina. S\u00ed un autom\u00f3vil Toyota modelo 2012 y acciones de distintas empresas, como Comercial del Plata y Banco Macro, ambas antes de ingresar a la Casa Rosada.<br \/>\nOtras sociedades: Durante su ejercicio como empresario, integr\u00f3 como socio y gerente Terra Sud SRL, empresa dedicada a los servicios de turismo. En 2007 inscribi\u00f3 otra sociedad, Terra Sports, dedicada a la \u00aborganizaci\u00f3n de eventos deportivos\u00bb. En 2011 conform\u00f3 junto a su socio Eduardo Juan Espinosa DS Media SRL, dedicada a los mismos fines. Se dio de baja como monotributista en octubre de 2013.<\/p>\n<p style=\"text-align: justify;\"><strong>50 metros cuadrados<\/strong><\/p>\n<p style=\"text-align: justify;\">Es la superficie que ocupa la chacra de D\u00edaz Gilligan en Pueblo Ed\u00e9n, a 45 kil\u00f3metros de Punta del Este. La propiedad est\u00e1 declarada ante la Oficina Anticorrupci\u00f3n desde su ingreso al Gobierno<\/p>\n<p style=\"text-align: justify;\"><strong>1,2 millones de d\u00f3lares<\/strong><\/p>\n<p style=\"text-align: justify;\">Es la cifra depositada en una cuenta no declarada en Andorra, a nombre de D\u00edaz Gilligan. El funcionario acepta que fue parte de la sociedad Line Action Ltd., pero asegura que el dinero no era suyo<\/p>\n<p style=\"text-align: justify;\">Fuente: La Naci\u00f3n. Por: Jaime Rosemberg<\/p>\n","protected":false},"excerpt":{"rendered":"<div class=\"mh-excerpt\"><p>Pero el Gobierno, a trav\u00e9s del jefe de Gabinete, Marcos Pe\u00f1a , reafirm\u00f3 ayer que no permitir\u00e1 que se discuta que el de Mauricio Macri <a class=\"mh-excerpt-more\" href=\"https:\/\/primiciasclorinda.com\/?p=8596\" title=\"Pe\u00f1a asegur\u00f3 que el Gobierno no proteger\u00e1 a ning\u00fan funcionario\">[&#8230;]<\/a><\/p>\n<\/div>","protected":false},"author":3,"featured_media":8597,"comment_status":"open","ping_status":"open","sticky":false,"template":"","format":"standard","meta":{"footnotes":""},"categories":[3],"tags":[429,102],"class_list":["post-8596","post","type-post","status-publish","format-standard","has-post-thumbnail","hentry","category-politica-economia","tag-corrupcion","tag-marcos-pena"],"_links":{"self":[{"href":"https:\/\/primiciasclorinda.com\/index.php?rest_route=\/wp\/v2\/posts\/8596","targetHints":{"allow":["GET"]}}],"collection":[{"href":"https:\/\/primiciasclorinda.com\/index.php?rest_route=\/wp\/v2\/posts"}],"about":[{"href":"https:\/\/primiciasclorinda.com\/index.php?rest_route=\/wp\/v2\/types\/post"}],"author":[{"embeddable":true,"href":"https:\/\/primiciasclorinda.com\/index.php?rest_route=\/wp\/v2\/users\/3"}],"replies":[{"embeddable":true,"href":"https:\/\/primiciasclorinda.com\/index.php?rest_route=%2Fwp%2Fv2%2Fcomments&post=8596"}],"version-history":[{"count":1,"href":"https:\/\/primiciasclorinda.com\/index.php?rest_route=\/wp\/v2\/posts\/8596\/revisions"}],"predecessor-version":[{"id":8598,"href":"https:\/\/primiciasclorinda.com\/index.php?rest_route=\/wp\/v2\/posts\/8596\/revisions\/8598"}],"wp:featuredmedia":[{"embeddable":true,"href":"https:\/\/primiciasclorinda.com\/index.php?rest_route=\/wp\/v2\/media\/8597"}],"wp:attachment":[{"href":"https:\/\/primiciasclorinda.com\/index.php?rest_route=%2Fwp%2Fv2%2Fmedia&parent=8596"}],"wp:term":[{"taxonomy":"category","embeddable":true,"href":"https:\/\/primiciasclorinda.com\/index.php?rest_route=%2Fwp%2Fv2%2Fcategories&post=8596"},{"taxonomy":"post_tag","embeddable":true,"href":"https:\/\/primiciasclorinda.com\/index.php?rest_route=%2Fwp%2Fv2%2Ftags&post=8596"}],"curies":[{"name":"wp","href":"https:\/\/api.w.org\/{rel}","templated":true}]}}