{"id":8402,"date":"2018-02-05T16:25:42","date_gmt":"2018-02-05T19:25:42","guid":{"rendered":"http:\/\/primiciasclorinda.com\/?p=8402"},"modified":"2018-02-05T16:25:42","modified_gmt":"2018-02-05T19:25:42","slug":"cada-vez-mas-jovenes-se-van-de-formosa-en-busca-de-trabajo","status":"publish","type":"post","link":"https:\/\/primiciasclorinda.com\/?p=8402","title":{"rendered":"Cada vez m\u00e1s j\u00f3venes se van de Formosa en busca de trabajo"},"content":{"rendered":"<p style=\"text-align: justify;\">Como cada a\u00f1o, son muchos los j\u00f3venes formose\u00f1os que parten de la provincia hacia otros destinos en busca de un trabajo formal o de poder estudiar la carrera que tanto a\u00f1oran y trabajar al mismo tiempo, algo complicado de hacer en estas tierras ya que la remuneraci\u00f3n es baja y apenas alcanza para vivir. Esta es una realidad que viven cientos de familias que deben ver \u00abcon dolor\u00bb c\u00f3mo sus hijos abandonan el lugar donde nacieron en b\u00fasqueda de poder vivir con un sueldo digno acorde a las tareas que realizan.<\/p>\n<p style=\"text-align: justify;\">\nCada comienzo de a\u00f1o es \u00abnormal\u00bb ver en la Terminal de \u00f3mnibus a familias enteras que van a despedir a ese integrante que a veces apenas tiene 18 a\u00f1os y que parte hacia Buenos Aires, C\u00f3rdoba, Rosario o el sur del pa\u00eds donde tienen la esperanza y certeza de que conseguir\u00e1n un trabajo para poder subsistir y vivir mejor.<\/p>\n<p style=\"text-align: justify;\">\nEn este sentido son constantes las quejas que llegan a la Comunidad de Medios por la falta de trabajo en Formosa que afecta a casi todos los j\u00f3venes, sean o no profesionales siendo m\u00e1s complicado el escenario para quienes no estudiaron alguna carrera y solo terminaron el secundario.<\/p>\n<p style=\"text-align: justify;\">\nEs as\u00ed que se pudo dialogar con algunos formose\u00f1os que rondan entre los 18 y 25 a\u00f1os los cuales lamentaron el escenario dif\u00edcil que se vive en la provincia en lo que tiene que ver con lo laboral.<\/p>\n<p style=\"text-align: justify;\">\n\u00abCuando ten\u00eda 18 a\u00f1os me fui a Buenos Aires y consegu\u00ed trabajo a la semana en un local de ropa\u00bb, cont\u00f3 Antonia que hoy tiene 23. \u00abTuve que volver a Formosa por cuestiones de salud de mi madre y desde entonces estoy sin trabajo, present\u00e9 curriculums en todos lados pero nadie me llama, termin\u00e9 el secundario y algunos comercios me tomaron para trabajar pero solo 3 meses, despu\u00e9s me despidieron\u00bb, agreg\u00f3.<\/p>\n<p style=\"text-align: justify;\">\nAsimismo se mostr\u00f3 angustiada ante la complicada situaci\u00f3n que atraviesa el pa\u00eds con la suba constante de precios y la falta de un trabajo seguro para poder subsistir. \u00abLimpio casas, lavo y plancho, tambi\u00e9n hago algunas cosas para vender como pastelitos, empanadas, pastafrolas, le busco la vuelta pero la verdad es que no hay nada, lo de la comida no siempre va bien. Ya me puse una meta y si consigo algo hasta abril me volver\u00e9 a Buenos Aires, voy a tener que ir y despu\u00e9s volver a buscar a mi mam\u00e1 porque son muchos a\u00f1os de sufrir y no conseguir nada seguro, tampoco uno puede vivir con esa incertidumbre\u00bb.<\/p>\n<p style=\"text-align: justify;\">\nSeguidamente Javier, un joven de 23 a\u00f1os que se recibi\u00f3 de la carrera de Dise\u00f1o Gr\u00e1fico lament\u00f3 la poca importancia que tienen en Formosa los j\u00f3venes profesionales, sean de la rama que sean. \u00abEl escenario para nosotros es dif\u00edcil pero tambi\u00e9n tengo amigos abogados, enfermeros y dem\u00e1s que pasan por la misma situaci\u00f3n, hay ciertos organismos o empresas que ofrecen trabajo pero no pagan lo que deber\u00edan entonces uno termina trabajando de m\u00e1s y cobrando poco, no valoran que uno haya estudiado, que tenga una carrera, que sea un profesional y eso es lo que m\u00e1s entristece, es complicado para todos\u00bb, dijo.<\/p>\n<p style=\"text-align: justify;\">\n\u00abTomarse un colectivo hacia cualquier otro destino es a veces la decisi\u00f3n m\u00e1s dif\u00edcil de tomar pero uno sabe que en otras provincias se conseguir\u00e1 algo mejor, algo al menos con lo que no se viva ajustado todos los meses\u00bb, expres\u00f3 Leticia que vive desde hace 5 a\u00f1os en la provincia de Santa Cruz y que seg\u00fan cont\u00f3 \u00abno hay un solo d\u00eda\u00bb en que no extra\u00f1e a su familia, \u00ablo m\u00e1s dif\u00edcil es la distancia, cuesta mucho, uno se pierde fechas importantes, estar cerca de los padres cuando se enferma, cumplea\u00f1os, las fiestas de fin de a\u00f1o, la distancia duele mucho y eso hace que todo sea m\u00e1s dif\u00edcil al principio pero con los a\u00f1os se aprende a vivir\u00bb.<\/p>\n<p style=\"text-align: justify;\">\nAcot\u00f3 adem\u00e1s que gracias a que parti\u00f3 al destino sure\u00f1o \u00abhoy tenemos una casa, un veh\u00edculo y podemos ahorrar dinero para viajar a alg\u00fan destino, algo que en Formosa es impensado m\u00e1s si tenes en cuenta que ni yo ni mi novio estudiamos alguna carrera, terminamos el secundario y a\u00fan as\u00ed conseguimos un trabajo donde nos pagan bien y cumplimos 8 horas diarias\u00bb.<\/p>\n<p style=\"text-align: justify;\">\nTambi\u00e9n una madre que tuvo que ver a sus dos hijos partir hacia Buenos Aires donde viven hace ya m\u00e1s de 5 a\u00f1os se mostr\u00f3 a\u00fan triste por tal decisi\u00f3n. \u00abPrimero se fue el m\u00e1s grande y a los a\u00f1os se fue mi otro hijo, quedamos solos con mi esposo y los extra\u00f1amos bastante pero all\u00e1 hay una vida que ac\u00e1 no pueden tener lamentablemente\u00bb, dijo y agreg\u00f3 que \u00absue\u00f1a\u00bb con el d\u00eda en que Formosa \u00absea una provincia donde los j\u00f3venes se puedan quedar a trabajar, a estudiar, armar una familia y vivir cerca de sus padres, de sus t\u00edos, es realmente triste lo que ocurre porque se van much\u00edsimos j\u00f3venes algunos profesionales por la falta de trabajo ac\u00e1\u00bb.<\/p>\n<p style=\"text-align: justify;\">Fuente: Diario Expres<\/p>\n","protected":false},"excerpt":{"rendered":"<div class=\"mh-excerpt\"><p>Como cada a\u00f1o, son muchos los j\u00f3venes formose\u00f1os que parten de la provincia hacia otros destinos en busca de un trabajo formal o de poder <a class=\"mh-excerpt-more\" href=\"https:\/\/primiciasclorinda.com\/?p=8402\" title=\"Cada vez m\u00e1s j\u00f3venes se van de Formosa en busca de trabajo\">[&#8230;]<\/a><\/p>\n<\/div>","protected":false},"author":1,"featured_media":8403,"comment_status":"open","ping_status":"open","sticky":false,"template":"","format":"standard","meta":{"footnotes":""},"categories":[4,1543],"tags":[1564,23,1157],"class_list":["post-8402","post","type-post","status-publish","format-standard","has-post-thumbnail","hentry","category-informacion-general","category-inicio","tag-desarraigo","tag-formosa","tag-jovenes"],"_links":{"self":[{"href":"https:\/\/primiciasclorinda.com\/index.php?rest_route=\/wp\/v2\/posts\/8402","targetHints":{"allow":["GET"]}}],"collection":[{"href":"https:\/\/primiciasclorinda.com\/index.php?rest_route=\/wp\/v2\/posts"}],"about":[{"href":"https:\/\/primiciasclorinda.com\/index.php?rest_route=\/wp\/v2\/types\/post"}],"author":[{"embeddable":true,"href":"https:\/\/primiciasclorinda.com\/index.php?rest_route=\/wp\/v2\/users\/1"}],"replies":[{"embeddable":true,"href":"https:\/\/primiciasclorinda.com\/index.php?rest_route=%2Fwp%2Fv2%2Fcomments&post=8402"}],"version-history":[{"count":1,"href":"https:\/\/primiciasclorinda.com\/index.php?rest_route=\/wp\/v2\/posts\/8402\/revisions"}],"predecessor-version":[{"id":8404,"href":"https:\/\/primiciasclorinda.com\/index.php?rest_route=\/wp\/v2\/posts\/8402\/revisions\/8404"}],"wp:featuredmedia":[{"embeddable":true,"href":"https:\/\/primiciasclorinda.com\/index.php?rest_route=\/wp\/v2\/media\/8403"}],"wp:attachment":[{"href":"https:\/\/primiciasclorinda.com\/index.php?rest_route=%2Fwp%2Fv2%2Fmedia&parent=8402"}],"wp:term":[{"taxonomy":"category","embeddable":true,"href":"https:\/\/primiciasclorinda.com\/index.php?rest_route=%2Fwp%2Fv2%2Fcategories&post=8402"},{"taxonomy":"post_tag","embeddable":true,"href":"https:\/\/primiciasclorinda.com\/index.php?rest_route=%2Fwp%2Fv2%2Ftags&post=8402"}],"curies":[{"name":"wp","href":"https:\/\/api.w.org\/{rel}","templated":true}]}}