{"id":82203,"date":"2026-01-21T08:37:24","date_gmt":"2026-01-21T11:37:24","guid":{"rendered":"https:\/\/primiciasclorinda.com\/?p=82203"},"modified":"2026-01-21T08:37:24","modified_gmt":"2026-01-21T11:37:24","slug":"milei-expondra-en-davos-su-mirada-sobre-el-complejo-tablero-internacional-y-confirmara-su-alianza-con-eeuu","status":"publish","type":"post","link":"https:\/\/primiciasclorinda.com\/?p=82203","title":{"rendered":"Milei expondr\u00e1 en Davos su mirada sobre el complejo tablero internacional y confirmar\u00e1 su alianza con EEUU"},"content":{"rendered":"\n<p><strong>En un escenario global atravesado por la puja diplom\u00e1tica entre Donald Trump y Europa, el Presidente ratificar\u00e1 en Suiza sus par\u00e1metros ideol\u00f3gicos y su alineamiento con la administraci\u00f3n republicana<\/strong><\/p>\n\n\n\n<p><strong><em>(Enviado especial a Davos, Suiza)<\/em>&nbsp;Javier Milei ratificar\u00e1&nbsp;hoy en el&nbsp;Foro Econ\u00f3mico Mundial&nbsp;que su&nbsp;alianza geopol\u00edtica&nbsp;y su sinton\u00eda personal con&nbsp;Donald Trump es inexpugnable,&nbsp;cuando el l\u00edder republicano protagoniza un&nbsp;enfrentamiento in\u00e9dito con Europa&nbsp;por su intenci\u00f3n de&nbsp;anexar Groenlandia&nbsp;a los Estados Unidos.<\/strong><\/p>\n\n\n\n<p><strong>La jornada presidencial&nbsp;inici\u00f3 a las 6.00 AM&nbsp;(hora argentina) con un saludo protocolar de Milei al titular de la Confederaci\u00f3n Suiza,&nbsp;Guy Parmelin.<\/strong><\/p>\n\n\n\n<p><strong>Y continuaci\u00f3n, el jefe de Estado particip\u00f3 del&nbsp;<em>Country Strategy Dialogue on Argentina,&nbsp;<\/em>adonde&nbsp;hizo un balance&nbsp;de su programa de ajuste y&nbsp;adelant\u00f3&nbsp;sus pr\u00f3ximas medidas de gobierno.<\/strong><\/p>\n\n\n\n<p><strong>\u201cExcelente, fue impresionante\u201d, asegur\u00f3 un empresario que particip\u00f3 del c\u00f3nclave cuando&nbsp;Infobae&nbsp;le pregunto sobre la exposici\u00f3n de Milei en el Centro de Convenciones de Davos.<\/strong><\/p>\n\n\n\n<p><strong>-Es la primera vez que vamos a distribuir dividendos-, coment\u00f3 al presidente&nbsp;una figura clave&nbsp;del sistema financiero, durante el encuentro a puertas cerradas en la&nbsp;<em>Sala Jakobshorn<\/em>.<\/strong><\/p>\n\n\n\n<p><strong>-Es su derecho de propiedad-, contest\u00f3 Milei.<\/strong><\/p>\n\n\n\n<p><strong>-Y esos dividendos&nbsp;se van a reinvertir en la Argentina-, complet\u00f3 un banquero que conoce la historia econ\u00f3mica de la Argentina.<\/strong><\/p>\n\n\n\n<p><strong>Ante una pregunta puntual, el presidente enfatiz\u00f3 que su gobierno \u00abcomerciar\u00e1 con todo el mundo\u00bb.. En ese sentido, Milei ampli\u00f3 que los productos nacionales deben ingresar a todos los mercados desde Am\u00e9rica Latina a China.<\/strong><\/p>\n\n\n\n<p><strong>Tambien Milei&nbsp;ratific\u00f3&nbsp;que se tratar\u00e1 la reforma laboral en las sesiones extraordinarias, y que&nbsp;piensa avanzar&nbsp;en la reforma tributaria durante 2025.<\/strong><\/p>\n\n\n\n<p><strong>La reuni\u00f3n termin\u00f3 puntual con&nbsp;un fuerte aplauso&nbsp;de los invitados.<\/strong><\/p>\n\n\n\n<p><strong>Y el presidente acompa\u00f1ado por&nbsp;Pablo Quirno&nbsp;-canciller-,&nbsp;Luis&nbsp;Caputo&nbsp;-ministro de Econom\u00eda- y&nbsp;Federico Sturzenegger&nbsp;-ministro de Desregulaci\u00f3n-&nbsp;se fue rapid\u00edsimo&nbsp;a su pr\u00f3ximo encuentro&nbsp;con CEO\u00b4s de bancos extranjeros.<\/strong><\/p>\n\n\n\n<p><strong>Ser\u00e1 la \u00faltima actividad oficial antes de&nbsp;su discurso en Davos.<\/strong><\/p>\n\n\n\n<p><strong>A las 11.45&nbsp;(cuatro horas m\u00e1s en Suiza), Milei&nbsp;ocupar\u00e1 el centro&nbsp;del escenario del Foro para&nbsp;describir&nbsp;su mirada sobre el tablero internacional,&nbsp;ratificar&nbsp;su alineamiento con Estados Unidos y&nbsp;hacer&nbsp;un balance de su programa de ajuste econ\u00f3mico.<\/strong><\/p>\n\n\n\n<p><strong>Ser\u00e1 una disertaci\u00f3n de 30 minutos, que el presidente escribe y ajusta desde hace semanas. Sus discursos en Davos&nbsp;siempre&nbsp;tienen repercusi\u00f3n global, y esta vez&nbsp;no ser\u00eda la excepci\u00f3n&nbsp;frente a la crisis que pone en jaque los v\u00ednculos hist\u00f3ricos entre Europa y Estados Unidos.<\/strong><\/p>\n\n\n\n<p><strong>Milei&nbsp;suceder\u00e1 a Trump&nbsp;en el auditorio principal del Foro de Davos, que tiene previsto&nbsp;un discurso de 45 minutos.&nbsp;En ese tiempo, el l\u00edder republicano&nbsp;har\u00e1&nbsp;un balance de su primer a\u00f1o de gesti\u00f3n,&nbsp;ratificar\u00e1&nbsp;sus cr\u00edticas a los organismos multilaterales, e&nbsp;insistir\u00e1&nbsp;con la anexi\u00f3n de Groenlandia<\/strong><\/p>\n\n\n\n<p><strong>Es poco probable&nbsp;que Milei pueda escuchar el discurso de Trump&nbsp;in situ.<\/strong><\/p>\n\n\n\n<p><strong>El presidente tiene previsto&nbsp;saludar&nbsp;al director ejecutivo del Foro,&nbsp;Borge Brende, casi a la misma hora que hablar\u00e1 Trump.<\/strong><\/p>\n\n\n\n<p><strong>Y a continuaci\u00f3n, acompa\u00f1ado por&nbsp;Karina Milei&nbsp;-secretaria general-,&nbsp;Pablo Quirno&nbsp;-canciller-,&nbsp;Luis Caputo&nbsp;-ministro de Econom\u00eda- y&nbsp;Federico Sturzenegger&nbsp;-ministro de Desregulaci\u00f3n-, Milei se dirigir\u00e1 al auditorio con&nbsp;capacidad para 3.000 personas.<\/strong><\/p>\n\n\n\n<p><strong>Anoche, los organizadores del Foro&nbsp;aseguraron&nbsp;a&nbsp;Infobae&nbsp;que Trump y Milei&nbsp;podr\u00edan desbordar&nbsp;el auditorio. Cuando ayer habl\u00f3 Emmanuel Macron, en plena puja de Estados Unidos con Europa,&nbsp;hab\u00eda sillas vac\u00edas en el fondo.<\/strong><\/p>\n\n\n\n<p><strong>Mientras Trump&nbsp;puso a disposici\u00f3n&nbsp;los recursos de la Secretar\u00eda del Tesoro para evitar que&nbsp;una crisis con el d\u00f3lar&nbsp;afecte la campa\u00f1a electoral,&nbsp;Europa hace menos de una semana&nbsp;se transform\u00f3 en un mercado comercial&nbsp;muy importante&nbsp;para la Argentina<\/strong><\/p>\n\n\n\n<p><strong>En este contexto, Balcarce 50&nbsp;podr\u00eda haber buscado&nbsp;un equilibrio en medio de&nbsp;la batalla diplom\u00e1tica&nbsp;entre Estados Unidos y Europa que&nbsp;constituye un signo de cambio inevitable&nbsp;en el tablero internacional.<\/strong><\/p>\n\n\n\n<p><strong>Pero no lo hizo.<\/strong><\/p>\n\n\n\n<p><strong>Trump&nbsp;desea&nbsp;anexar Groenlandia y&nbsp;avanzar en una nueva construcci\u00f3n multilateral&nbsp;que tiene como&nbsp;objetivo final&nbsp;convertir a las&nbsp;<em>Naciones Unidas<\/em>&nbsp;en la&nbsp;<em>Sociedad de las Naciones.<\/em><\/strong><\/p>\n\n\n\n<p><strong>Emmanuel Macron&nbsp;-Francia-,&nbsp;Keir Starmer&nbsp;-Reino Unido- y&nbsp;Friedrich Merz&nbsp;-Alemania- se resisten a firmar&nbsp;la formalizaci\u00f3n de la Junta de la Paz&nbsp;&#8211;<em>Board of Peace,&nbsp;<\/em>en ingl\u00e9s-, que propone el presidente de los Estados Unidos.<\/strong><\/p>\n\n\n\n<p><strong>A\u00fan m\u00e1s: Macron anticip\u00f3 ayer en Davos que&nbsp;Europa debe acercarse a China,&nbsp;el enemigo global&nbsp;declarado por la Casa Blanca&nbsp;en su Plan de Seguridad Nacional.<\/strong><\/p>\n\n\n\n<p><strong>Milei&nbsp;es fiel&nbsp;a su pensamiento y su sentido de la amistad, donde al final todo termina en un juego de suma cero. Eso significa que el presidente&nbsp;respaldar\u00e1 a Trump sin dudar un instante.<\/strong><\/p>\n\n\n\n<p><strong>El jueves, Trump&nbsp;convoc\u00f3&nbsp;a una ceremonia destinada a&nbsp;rubricar&nbsp;la creaci\u00f3n del Board of Peace, y Milei ser\u00e1&nbsp;uno de los pocos mandatarios que estar\u00e1 presente.<\/strong><\/p>\n\n\n\n<p><strong>A \u00faltima hora&nbsp;se sum\u00f3 el apoyo de Israel, pero la tensi\u00f3n internacional provoc\u00f3 la reticencia de los jefes de Estado que fueron convocados por Trump para&nbsp;avalar&nbsp;su propuesta de nueva arquitectura global.<\/strong><\/p>\n\n\n\n<p><strong>Milei, y el presidente de Israel,&nbsp;Isaac Herzog, estar\u00e1n&nbsp;al lado de Trump.<\/strong><\/p>\n\n\n<figure class=\"wp-block-post-featured-image\"><img loading=\"lazy\" decoding=\"async\" width=\"950\" height=\"600\" src=\"https:\/\/primiciasclorinda.com\/wp-content\/uploads\/2026\/01\/conlanuestraendavos.jpg\" class=\"attachment-post-thumbnail size-post-thumbnail wp-post-image\" alt=\"\" style=\"object-fit:cover;\" srcset=\"https:\/\/primiciasclorinda.com\/wp-content\/uploads\/2026\/01\/conlanuestraendavos.jpg 950w, https:\/\/primiciasclorinda.com\/wp-content\/uploads\/2026\/01\/conlanuestraendavos-300x189.jpg 300w, https:\/\/primiciasclorinda.com\/wp-content\/uploads\/2026\/01\/conlanuestraendavos-475x300.jpg 475w, https:\/\/primiciasclorinda.com\/wp-content\/uploads\/2026\/01\/conlanuestraendavos-768x485.jpg 768w\" sizes=\"auto, (max-width: 950px) 100vw, 950px\" \/><\/figure>","protected":false},"excerpt":{"rendered":"<div class=\"mh-excerpt\"><p>En un escenario global atravesado por la puja diplom\u00e1tica entre Donald Trump y Europa, el Presidente ratificar\u00e1 en Suiza sus par\u00e1metros ideol\u00f3gicos y su alineamiento <a class=\"mh-excerpt-more\" href=\"https:\/\/primiciasclorinda.com\/?p=82203\" title=\"Milei expondr\u00e1 en Davos su mirada sobre el complejo tablero internacional y confirmar\u00e1 su alianza con EEUU\">[&#8230;]<\/a><\/p>\n<\/div>","protected":false},"author":3,"featured_media":82197,"comment_status":"open","ping_status":"open","sticky":false,"template":"","format":"standard","meta":{"footnotes":""},"categories":[3],"tags":[6114,4270],"class_list":["post-82203","post","type-post","status-publish","format-standard","has-post-thumbnail","hentry","category-politica-economia","tag-foro-economico-mundial","tag-milei-en-davos"],"_links":{"self":[{"href":"https:\/\/primiciasclorinda.com\/index.php?rest_route=\/wp\/v2\/posts\/82203","targetHints":{"allow":["GET"]}}],"collection":[{"href":"https:\/\/primiciasclorinda.com\/index.php?rest_route=\/wp\/v2\/posts"}],"about":[{"href":"https:\/\/primiciasclorinda.com\/index.php?rest_route=\/wp\/v2\/types\/post"}],"author":[{"embeddable":true,"href":"https:\/\/primiciasclorinda.com\/index.php?rest_route=\/wp\/v2\/users\/3"}],"replies":[{"embeddable":true,"href":"https:\/\/primiciasclorinda.com\/index.php?rest_route=%2Fwp%2Fv2%2Fcomments&post=82203"}],"version-history":[{"count":1,"href":"https:\/\/primiciasclorinda.com\/index.php?rest_route=\/wp\/v2\/posts\/82203\/revisions"}],"predecessor-version":[{"id":82204,"href":"https:\/\/primiciasclorinda.com\/index.php?rest_route=\/wp\/v2\/posts\/82203\/revisions\/82204"}],"wp:featuredmedia":[{"embeddable":true,"href":"https:\/\/primiciasclorinda.com\/index.php?rest_route=\/wp\/v2\/media\/82197"}],"wp:attachment":[{"href":"https:\/\/primiciasclorinda.com\/index.php?rest_route=%2Fwp%2Fv2%2Fmedia&parent=82203"}],"wp:term":[{"taxonomy":"category","embeddable":true,"href":"https:\/\/primiciasclorinda.com\/index.php?rest_route=%2Fwp%2Fv2%2Fcategories&post=82203"},{"taxonomy":"post_tag","embeddable":true,"href":"https:\/\/primiciasclorinda.com\/index.php?rest_route=%2Fwp%2Fv2%2Ftags&post=82203"}],"curies":[{"name":"wp","href":"https:\/\/api.w.org\/{rel}","templated":true}]}}