{"id":8220,"date":"2018-01-23T18:10:26","date_gmt":"2018-01-23T21:10:26","guid":{"rendered":"http:\/\/primiciasclorinda.com\/?p=8220"},"modified":"2018-01-23T18:10:26","modified_gmt":"2018-01-23T21:10:26","slug":"municipio-habilito-un-tanque-comunitario-en-el-barrio-porteno-norte","status":"publish","type":"post","link":"https:\/\/primiciasclorinda.com\/?p=8220","title":{"rendered":"Municipio habilit\u00f3 un tanque comunitario en el barrio Porte\u00f1o Norte"},"content":{"rendered":"<p style=\"text-align: justify;\">El Municipio de Clorinda, a trav\u00e9s de la Secretar\u00eda de Obras y Servicios P\u00fablicos, avanza con los trabajos de reacondicionamiento y colocaci\u00f3n de tanques que facilitara la provisi\u00f3n de agua potable para los vecinos del Porte\u00f1o Norte.<\/p>\n<p style=\"text-align: justify;\">Estos trabajos encarados por la comuna apuntan a facilitar el acceso y recarga de los tanques comunitarios a cargo de SPAP (Servicio Provincial de Agua Potable) con el fin de garantizar a los vecinos al agua.<\/p>\n<p style=\"text-align: justify;\">La coordinaci\u00f3n de asistencia del municipio a este barrio est\u00e1 a cargo de Juan Franco y Gustavo Ferreira quienes manifestaron que los trabajos est\u00e1n muy avanzados y esperan dejar en funcionamiento este tanque en los pr\u00f3ximos d\u00edas: \u00abestos tanques tienen una capacidad de almacenamiento de 20.000 mil litros de agua y abastecer\u00e1 a mas de 200 familias que habitan este sector del barrio, el objetivo es mejorar los niveles de almacenamiento, estos tanques ya tienen su antig\u00fcedad y han cumplido largamente con su vida \u00fatil, esa es la raz\u00f3n por la que solicitamos al Intendente Celauro reparar \u00edntegramente este tanque y dejarlo nuevamente vigente, la reparaci\u00f3n fue realizada por mano de obra municipal y restaurada en el taller de la comuna\u00bb manifest\u00f3 Ferreira.<\/p>\n<p style=\"text-align: justify;\">Por otro lado afirmo que se realizaron reuniones con los administradores del SPAP en Clorinda y sobre lo acordado dijo: \u00abHemos conversado con el Se\u00f1or Leonetti y se ha comprometido de recargar con el vital liquido las veces que sea necesario este tanque comunitario una vez que lo dejemos en funcionamiento, de cualquier manera nosotros vamos a estar supervisando, lo que se pretende con esto es que no falte agua en este sector\u00bb dijo Gustavo Ferreira.<\/p>\n<p style=\"text-align: justify;\">Por otro lado se refiri\u00f3 a los trabajos encarados por la municipalidad en todo el barrio y afirm\u00f3 que dentro del plan de reparaci\u00f3n de calle que lleva adelante la comuna se avanz\u00f3 con el ripio en un 50% : \u00bb Estamos arrancando el a\u00f1o con nuevos desaf\u00edos, a fines del a\u00f1o pasado iniciamos en el barrio el plan de reparaci\u00f3n de calles que lleva adelante la administraci\u00f3n del Intendente Celauro y dentro del mismo se ha avanzado con el enripiado de las calles en un 50%, por lo que la mayor\u00eda de los vecinos se muestran conformes con los trabajos encarados por la comuna, esta es una administraci\u00f3n que se ha mostrado cerca de la gente y ha gestionado obras para solucionar muchos problemas del barrio, somos conscientes que faltan cosas por hacer , por eso estamos trabajando incansablemente desde la municipalidad para ir solucionando los problemas que aquejan al barrio\u00bb dijo Ferreira.<\/p>\n<p style=\"text-align: justify;\">Por \u00faltimo se refiri\u00f3 a la problem\u00e1tica de la crecida del rio y como est\u00e1 afectando al barrio, en ese sentido dijo: \u00abhasta el momento tenemos una sola familia evacuada y las que est\u00e1n en riesgo son aquellas que se encuentran por fuera de la barrera, tenemos la esperanza que el clima mejore y meng\u00fcen las lluvias para que el nivel de las aguas vayan bajando, la asistencia del Municipio y del Gobierno de la Provincia est\u00e1 garantizada para las familias afectadas por la crecida\u00bb finalizo diciendo Ferreira.<\/p>\n<p><img loading=\"lazy\" decoding=\"async\" class=\"alignnone size-full wp-image-8222\" src=\"http:\/\/primiciasclorinda.com\/wp-content\/uploads\/2018\/01\/tanque1.jpg\" alt=\"\" width=\"672\" height=\"502\" srcset=\"https:\/\/primiciasclorinda.com\/wp-content\/uploads\/2018\/01\/tanque1.jpg 672w, https:\/\/primiciasclorinda.com\/wp-content\/uploads\/2018\/01\/tanque1-300x224.jpg 300w, https:\/\/primiciasclorinda.com\/wp-content\/uploads\/2018\/01\/tanque1-402x300.jpg 402w, https:\/\/primiciasclorinda.com\/wp-content\/uploads\/2018\/01\/tanque1-326x245.jpg 326w, https:\/\/primiciasclorinda.com\/wp-content\/uploads\/2018\/01\/tanque1-80x60.jpg 80w\" sizes=\"auto, (max-width: 672px) 100vw, 672px\" \/><\/p>\n","protected":false},"excerpt":{"rendered":"<div class=\"mh-excerpt\"><p>El Municipio de Clorinda, a trav\u00e9s de la Secretar\u00eda de Obras y Servicios P\u00fablicos, avanza con los trabajos de reacondicionamiento y colocaci\u00f3n de tanques que <a class=\"mh-excerpt-more\" href=\"https:\/\/primiciasclorinda.com\/?p=8220\" title=\"Municipio habilit\u00f3 un tanque comunitario en el barrio Porte\u00f1o Norte\">[&#8230;]<\/a><\/p>\n<\/div>","protected":false},"author":3,"featured_media":8221,"comment_status":"open","ping_status":"open","sticky":false,"template":"","format":"standard","meta":{"footnotes":""},"categories":[4],"tags":[129,26,88,939],"class_list":["post-8220","post","type-post","status-publish","format-standard","has-post-thumbnail","hentry","category-informacion-general","tag-agua-potable","tag-clorinda","tag-municipalidad-de-clorinda","tag-porteno-norte"],"_links":{"self":[{"href":"https:\/\/primiciasclorinda.com\/index.php?rest_route=\/wp\/v2\/posts\/8220","targetHints":{"allow":["GET"]}}],"collection":[{"href":"https:\/\/primiciasclorinda.com\/index.php?rest_route=\/wp\/v2\/posts"}],"about":[{"href":"https:\/\/primiciasclorinda.com\/index.php?rest_route=\/wp\/v2\/types\/post"}],"author":[{"embeddable":true,"href":"https:\/\/primiciasclorinda.com\/index.php?rest_route=\/wp\/v2\/users\/3"}],"replies":[{"embeddable":true,"href":"https:\/\/primiciasclorinda.com\/index.php?rest_route=%2Fwp%2Fv2%2Fcomments&post=8220"}],"version-history":[{"count":1,"href":"https:\/\/primiciasclorinda.com\/index.php?rest_route=\/wp\/v2\/posts\/8220\/revisions"}],"predecessor-version":[{"id":8223,"href":"https:\/\/primiciasclorinda.com\/index.php?rest_route=\/wp\/v2\/posts\/8220\/revisions\/8223"}],"wp:featuredmedia":[{"embeddable":true,"href":"https:\/\/primiciasclorinda.com\/index.php?rest_route=\/wp\/v2\/media\/8221"}],"wp:attachment":[{"href":"https:\/\/primiciasclorinda.com\/index.php?rest_route=%2Fwp%2Fv2%2Fmedia&parent=8220"}],"wp:term":[{"taxonomy":"category","embeddable":true,"href":"https:\/\/primiciasclorinda.com\/index.php?rest_route=%2Fwp%2Fv2%2Fcategories&post=8220"},{"taxonomy":"post_tag","embeddable":true,"href":"https:\/\/primiciasclorinda.com\/index.php?rest_route=%2Fwp%2Fv2%2Ftags&post=8220"}],"curies":[{"name":"wp","href":"https:\/\/api.w.org\/{rel}","templated":true}]}}