{"id":79542,"date":"2026-01-16T08:45:46","date_gmt":"2026-01-16T11:45:46","guid":{"rendered":"https:\/\/primiciasclorinda.com\/?p=79542"},"modified":"2026-01-16T08:45:46","modified_gmt":"2026-01-16T11:45:46","slug":"caso-xiomara-entre-la-paralisis-judicial-de-enero-y-las-sombras-de-una-investigacion-compleja","status":"publish","type":"post","link":"https:\/\/primiciasclorinda.com\/?p=79542","title":{"rendered":"Caso Xiomara: Entre la Par\u00e1lisis Judicial de Enero y las Sombras de una Investigaci\u00f3n Compleja"},"content":{"rendered":"\n<p><strong>La causa que investiga el femicidio de la joven&nbsp;Xiomara Portillo&nbsp;atraviesa sus horas m\u00e1s cr\u00edticas bajo el pesado manto de la feria judicial de enero. Mientras la opini\u00f3n p\u00fablica aguarda respuestas, el expediente suma fojas pero no certezas absolutas. En una entrevista exclusiva con el programa&nbsp;\u201cUna Cuesti\u00f3n de FEr\u201d, el&nbsp;Dr. Javier Vargas, abogado defensor de los dos \u00fanicos detenidos, desmenuz\u00f3 la estrategia de la defensa y lanz\u00f3 interrogantes que ponen en jaque la narrativa oficial de la fiscal\u00eda.<\/strong><\/p>\n\n\n\n<p><strong>La Defensa en Ofensiva: El Recurso del \u00abPronto Despacho\u00bb<\/strong><\/p>\n\n\n\n<p><strong>A pesar de que la actividad en los tribunales se reduce al m\u00ednimo durante el primer mes del a\u00f1o, la defensa de&nbsp;Sebasti\u00e1n Torres&nbsp;(el menor implicado) y&nbsp;Carlos Aguilar&nbsp;(padrastro del joven) ha decidido no esperar al 1 de febrero. El&nbsp;Dr. Vargas&nbsp;confirm\u00f3 que la situaci\u00f3n procesal de sus clientes ha superado los plazos legales razonables sin que existan pruebas directas que los vinculen al hecho material del crimen.<\/strong><\/p>\n\n\n\n<p><strong>\u201cHemos presentado ya la semana pasada un pronto despacho. Esto para que se resuelva la situaci\u00f3n, si tienen para ser para que sean liberados b\u00e1sicamente\u201d<\/strong><strong>, explic\u00f3 el letrado durante la comunicaci\u00f3n telef\u00f3nica. Seg\u00fan Vargas, la detenci\u00f3n se ha vuelto arbitraria:&nbsp;\u201cNo encontramos en 10 cuerpos y ya 2000 fojas nada que los incrimine a ambos y \u00fanicamente se sostiene esta imputaci\u00f3n con aquella primera declaraci\u00f3n inicial de ese chico que dijo que lo escuch\u00f3 decir a Sebasti\u00e1n que\u2026 digamos, esa declaraci\u00f3n fue la \u00fanica que sostiene la detenci\u00f3n de ambas personas\u201d<\/strong><\/p>\n\n\n\n<p><strong>El Juego de las Magistraturas: Del Juez Picabea al Dr. Guillen<\/strong><\/p>\n\n\n\n<p><strong>Uno de los puntos m\u00e1s pol\u00e9micos de la charla fue la rotaci\u00f3n de jueces debido al receso estival. La causa, originalmente en manos del&nbsp;Dr. Marcelo L\u00f3pez Picabea, pas\u00f3 brevemente por la&nbsp;Dra. Jarzynski&nbsp;y actualmente es subrogada por el&nbsp;Dr. Enrique Guillen. Esta \u00abcalesita\u00bb judicial genera dudas sobre qui\u00e9n asumir\u00e1 la responsabilidad pol\u00edtica y jur\u00eddica de firmar una posible liberaci\u00f3n en una causa de tanto impacto social.<\/strong><\/p>\n\n\n\n<p><strong>\u201cEn este momento el juez natural de este caso es el juez Guillen\u2026 y tiene toda la potestad de decidir o no al respecto\u201d<\/strong><strong>, afirm\u00f3 Vargas, disipando las dudas sobre si un juez de feria puede intervenir en decisiones de fondo. Sin embargo, la realidad operativa es compleja:&nbsp;\u201cEntendemos que est\u00e1 a cargo de nueve juzgados\u2026 escucha la tarea que tiene, pero asume el compromiso de resolver la situaci\u00f3n procesal de autos\u201d.<\/strong><\/p>\n\n\n\n<p><strong>La Prueba de Olor: \u00bfFue el Cuerpo \u00abPlantado\u00bb Posteriormente?<\/strong><\/p>\n\n\n\n<p><strong>El testimonio m\u00e1s revelador de los \u00faltimos d\u00edas proviene de un vecino que suele transitar por el descampado cercano al barrio Procrear, donde fue hallado el cad\u00e1ver. Este testigo asegura haber pasado por el sitio exacto apenas 48 horas antes del hallazgo oficial.<\/strong><\/p>\n\n\n\n<p><strong>\u201cLa persona que encontr\u00f3 el cuerpo de Xiomara es una persona que habitualmente pasaba por el lugar y la \u00faltima vez que lo hab\u00eda hecho fue el d\u00eda domingo 23. Yo personalmente le pregunt\u00e9 si \u00e9l hab\u00eda observado algo extra\u00f1o, alg\u00fan bulto, y dijo que no; si hab\u00eda olido alg\u00fan olor nauseabundo, tambi\u00e9n me dijo que no\u201d<\/strong><strong>, detall\u00f3 Vargas.<\/strong><\/p>\n\n\n\n<p><strong>Este dato es la piedra angular de la defensa: si el domingo no hab\u00eda rastro del cuerpo ni de olores de descomposici\u00f3n (l\u00f3gicos tras varios d\u00edas de la desaparici\u00f3n), esto implicar\u00eda que Xiomara fue depositada all\u00ed entre la noche del domingo y la ma\u00f1ana del hallazgo. En ese lapso, tanto Torres como Aguilar ya estaban bajo&nbsp;monitoreo policial constante.&nbsp;\u201cResulta materialmente imposible que nuestros defensores se hayan escapado del monitoreo policial para ir a dejar el cuerpo\u201d, sentenci\u00f3 el abogado.<\/strong><\/p>\n\n\n\n<p><strong>El Celular Desaparecido y el Fantasma del \u00abUber\u00bb<\/strong><\/p>\n\n\n\n<p><strong>El conductor&nbsp;Fernando L\u00f3pez&nbsp;hizo especial hincapi\u00e9 en una pieza de evidencia que sigue siendo un \u00abtri\u00e1ngulo de las Bermudas\u00bb: el tel\u00e9fono celular de la v\u00edctima. Al no haber sido encontrado el dispositivo f\u00edsico, la justicia ha recurrido a una r\u00e9plica del chip para intentar reconstruir la actividad en la nube.<\/strong><\/p>\n\n\n\n<p><strong>La defensa sostiene que Xiomara se retir\u00f3 de la casa de Sebasti\u00e1n en una moto solicitada de manera informal, lo que en la jerga local denominaron un \u00abUber\u00bb.&nbsp;\u201cNo tenemos identificado al Uber que lo busc\u00f3 ni tampoco tenemos identificada la moto con que buscaba a Xiomara esa noche\u201d, admiti\u00f3 Vargas. Seg\u00fan la declaraci\u00f3n del imputado, Xiomara estaba usando activamente su tel\u00e9fono minutos antes de salir:&nbsp;\u201cElla le pide a Sebasti\u00e1n que \u00e9l le mande un audio\u2026 de ah\u00ed deducimos que ella est\u00e1 ocupando la menser\u00eda de WhatsApp, por lo que si es que podemos rescatar esa comunicaci\u00f3n sabremos con qui\u00e9n estuvo conversando minutos previos a retirarse\u201d.<\/strong><\/p>\n\n\n<figure class=\"wp-block-post-featured-image\"><img loading=\"lazy\" decoding=\"async\" width=\"950\" height=\"600\" src=\"https:\/\/primiciasclorinda.com\/wp-content\/uploads\/2026\/01\/xiomara-222.jpg\" class=\"attachment-post-thumbnail size-post-thumbnail wp-post-image\" alt=\"\" style=\"object-fit:cover;\" srcset=\"https:\/\/primiciasclorinda.com\/wp-content\/uploads\/2026\/01\/xiomara-222.jpg 950w, https:\/\/primiciasclorinda.com\/wp-content\/uploads\/2026\/01\/xiomara-222-300x189.jpg 300w, https:\/\/primiciasclorinda.com\/wp-content\/uploads\/2026\/01\/xiomara-222-475x300.jpg 475w, https:\/\/primiciasclorinda.com\/wp-content\/uploads\/2026\/01\/xiomara-222-768x485.jpg 768w\" sizes=\"auto, (max-width: 950px) 100vw, 950px\" \/><\/figure>","protected":false},"excerpt":{"rendered":"<div class=\"mh-excerpt\"><p>La causa que investiga el femicidio de la joven&nbsp;Xiomara Portillo&nbsp;atraviesa sus horas m\u00e1s cr\u00edticas bajo el pesado manto de la feria judicial de enero. Mientras <a class=\"mh-excerpt-more\" href=\"https:\/\/primiciasclorinda.com\/?p=79542\" title=\"Caso Xiomara: Entre la Par\u00e1lisis Judicial de Enero y las Sombras de una Investigaci\u00f3n Compleja\">[&#8230;]<\/a><\/p>\n<\/div>","protected":false},"author":3,"featured_media":79533,"comment_status":"open","ping_status":"open","sticky":false,"template":"","format":"standard","meta":{"footnotes":""},"categories":[10],"tags":[5600,23],"class_list":["post-79542","post","type-post","status-publish","format-standard","has-post-thumbnail","hentry","category-policiales","tag-caso-xiomara","tag-formosa"],"_links":{"self":[{"href":"https:\/\/primiciasclorinda.com\/index.php?rest_route=\/wp\/v2\/posts\/79542","targetHints":{"allow":["GET"]}}],"collection":[{"href":"https:\/\/primiciasclorinda.com\/index.php?rest_route=\/wp\/v2\/posts"}],"about":[{"href":"https:\/\/primiciasclorinda.com\/index.php?rest_route=\/wp\/v2\/types\/post"}],"author":[{"embeddable":true,"href":"https:\/\/primiciasclorinda.com\/index.php?rest_route=\/wp\/v2\/users\/3"}],"replies":[{"embeddable":true,"href":"https:\/\/primiciasclorinda.com\/index.php?rest_route=%2Fwp%2Fv2%2Fcomments&post=79542"}],"version-history":[{"count":1,"href":"https:\/\/primiciasclorinda.com\/index.php?rest_route=\/wp\/v2\/posts\/79542\/revisions"}],"predecessor-version":[{"id":79543,"href":"https:\/\/primiciasclorinda.com\/index.php?rest_route=\/wp\/v2\/posts\/79542\/revisions\/79543"}],"wp:featuredmedia":[{"embeddable":true,"href":"https:\/\/primiciasclorinda.com\/index.php?rest_route=\/wp\/v2\/media\/79533"}],"wp:attachment":[{"href":"https:\/\/primiciasclorinda.com\/index.php?rest_route=%2Fwp%2Fv2%2Fmedia&parent=79542"}],"wp:term":[{"taxonomy":"category","embeddable":true,"href":"https:\/\/primiciasclorinda.com\/index.php?rest_route=%2Fwp%2Fv2%2Fcategories&post=79542"},{"taxonomy":"post_tag","embeddable":true,"href":"https:\/\/primiciasclorinda.com\/index.php?rest_route=%2Fwp%2Fv2%2Ftags&post=79542"}],"curies":[{"name":"wp","href":"https:\/\/api.w.org\/{rel}","templated":true}]}}