{"id":78461,"date":"2026-01-14T08:37:17","date_gmt":"2026-01-14T11:37:17","guid":{"rendered":"https:\/\/primiciasclorinda.com\/?p=78461"},"modified":"2026-01-14T08:37:17","modified_gmt":"2026-01-14T11:37:17","slug":"en-distintos-accidentes-fallecen-dos-motociclistas-tras-impactar-con-camiones-sobre-la-rn81","status":"publish","type":"post","link":"https:\/\/primiciasclorinda.com\/?p=78461","title":{"rendered":"En distintos accidentes, fallecen dos motociclistas tras impactar con camiones sobre la RN81."},"content":{"rendered":"\n<p><strong>PALO SANTO<\/strong>. <strong>Un motociclista perdi\u00f3 la vida tras ser embestido por un cami\u00f3n<\/strong><\/p>\n\n\n\n<ul class=\"wp-block-list\">\n<li><strong><em>Ocurri\u00f3 sobre Ruta Nacional N\u00b0 81,\u00a0 a unos trescientos metros del acceso a la localidad de Palo Santo<\/em><\/strong><\/li>\n<\/ul>\n\n\n\n<p>Un cami\u00f3n choc\u00f3 con un motociclista, quien falleci\u00f3 tras el siniestro y su hija de 11 a\u00f1os, fue derivada de inmediato al hospital local de para atenci\u00f3n m\u00e9dica.<\/p>\n\n\n\n<p>El hecho se registr\u00f3 alrededor de las 6:45 horas de este martes, cuando los polic\u00edas de la comisar\u00eda local tomaron conocimiento sobre un siniestro vial con v\u00edctima fatal, ocurrido en la Ruta Nacional N\u00b0 81.<\/p>\n\n\n\n<p>Seg\u00fan averiguaciones, un hombre de 41 a\u00f1os, circulaba en un cami\u00f3n Volvo con acoplado, por la mencionada ruta sentido Oeste-Este y por cuestiones que se tratan de establecer se produjo la colisi\u00f3n con un motociclista, que circulaba por el mismo sentido de circulaci\u00f3n.<\/p>\n\n\n\n<p>El conductor de la moto identificado como Nic\u00e9foro Fleitas, de 77 a\u00f1os, falleci\u00f3 en el lugar, mientras que la menor fue trasladada de forma preventiva al centro de salud local y luego evacuada al Hospital de la Madre y&nbsp; el Ni\u00f1o de esta ciudad.<\/p>\n\n\n\n<p>Se realizaron las actuaciones procesales con la colaboraci\u00f3n del personal de la Delegaci\u00f3n Polic\u00eda Cient\u00edfica y del Cuerpo de Bomberos.&nbsp;<\/p>\n\n\n\n<p>El caso fue informado al Juez de Feria Dr. Enrique Guillen del hecho quien direccion\u00f3 el procedimiento a llevarse a cabo.<\/p>\n\n\n\n<p>En consecuencia, se realiz\u00f3 prueba de alcohotest al conductor del cami\u00f3n,&nbsp; el cual arroj\u00f3 resultado negativo.<\/p>\n\n\n\n<p>El cuerpo fue trasladado hasta la morgue judicial, para la autopsia correspondiente y todo qued\u00f3 a disposici\u00f3n de la justicia<\/p>\n\n\n\n<p><strong>LAS LOMITAS<\/strong>. <strong>TRAGEDIA EN RUTA NACIONAL N\u00b0 81: motociclista muere en siniestro vial<\/strong><\/p>\n\n\n\n<p><strong>Colisi\u00f3n entre un cami\u00f3n y una motocicleta dej\u00f3 una v\u00edctima fatal<\/strong><\/p>\n\n\n\n<ul class=\"wp-block-list\">\n<li><strong>El fallecido fue identificado como Pav\u00f3n Dar\u00edo Eduardo, de 36 a\u00f1os.<\/strong><\/li>\n<\/ul>\n\n\n\n<p>Efectivos de la fuerza provincial intervinieron en un siniestro vial fatal ocurrido sobre Ruta Nacional N\u00b0 81, donde un motociclista perdi\u00f3 la vida tras impactar s contra un cami\u00f3n.<\/p>\n\n\n\n<p>El tr\u00e1gico hecho se registr\u00f3 el lunes \u00faltimo, alrededor de las 22:35 horas, y acudieron a verificar integrantes de la Comisar\u00eda Las Lomitas.<\/p>\n\n\n\n<p>En el lugar, los polic\u00edas &nbsp;hallaron un hombre tendido sobre la cinta asf\u00e1ltica, asistido por personal del servicio de emergencias m\u00e9dicas, quienes confirmaron el deceso.<\/p>\n\n\n\n<p>La polic\u00eda investiga las causas del siniestro, que involucr\u00f3 a una motocicleta Keller, conducida por la v\u00edctima, y un cami\u00f3n paraguayo. Ambos veh\u00edculos circulaban en el mismo sentido cuando se produjo el impacto.<\/p>\n\n\n\n<p>Luego, con la colaboraci\u00f3n de personal de la Delegaci\u00f3n de Polic\u00eda Cient\u00edfica, realizaron las actuaciones procesales correspondientes en la escena y secuestraron ambos rodados.<\/p>\n\n\n\n<p>El hecho fue informado al Juez de Instrucci\u00f3n y Correccional de Las Lomitas, quien dispuso el traslado del cuerpo a la Morgue Judicial y luego entregado a sus familiares.<\/p>\n\n\n\n<p>El conductor del cami\u00f3n fue notificado de su situaci\u00f3n legal, caratulado \u201cHomicidio culposo\u201d, con intervenci\u00f3n de la Justicia.<\/p>\n\n\n<figure class=\"wp-block-post-featured-image\"><img loading=\"lazy\" decoding=\"async\" width=\"950\" height=\"600\" src=\"https:\/\/primiciasclorinda.com\/wp-content\/uploads\/2026\/01\/motociclista-muere-en-siniestro-vial.jpeg\" class=\"attachment-post-thumbnail size-post-thumbnail wp-post-image\" alt=\"\" style=\"object-fit:cover;\" srcset=\"https:\/\/primiciasclorinda.com\/wp-content\/uploads\/2026\/01\/motociclista-muere-en-siniestro-vial.jpeg 950w, https:\/\/primiciasclorinda.com\/wp-content\/uploads\/2026\/01\/motociclista-muere-en-siniestro-vial-300x189.jpeg 300w, https:\/\/primiciasclorinda.com\/wp-content\/uploads\/2026\/01\/motociclista-muere-en-siniestro-vial-475x300.jpeg 475w, https:\/\/primiciasclorinda.com\/wp-content\/uploads\/2026\/01\/motociclista-muere-en-siniestro-vial-768x485.jpeg 768w\" sizes=\"auto, (max-width: 950px) 100vw, 950px\" \/><\/figure>","protected":false},"excerpt":{"rendered":"<div class=\"mh-excerpt\"><p>PALO SANTO. Un motociclista perdi\u00f3 la vida tras ser embestido por un cami\u00f3n Un cami\u00f3n choc\u00f3 con un motociclista, quien falleci\u00f3 tras el siniestro y <a class=\"mh-excerpt-more\" href=\"https:\/\/primiciasclorinda.com\/?p=78461\" title=\"En distintos accidentes, fallecen dos motociclistas tras impactar con camiones sobre la RN81.\">[&#8230;]<\/a><\/p>\n<\/div>","protected":false},"author":3,"featured_media":78464,"comment_status":"open","ping_status":"open","sticky":false,"template":"","format":"standard","meta":{"footnotes":""},"categories":[10],"tags":[4777,6015,6014],"class_list":["post-78461","post","type-post","status-publish","format-standard","has-post-thumbnail","hentry","category-policiales","tag-accidentes-viales","tag-fallecen-motociclistas","tag-las-lomitas-y-palo-santo"],"_links":{"self":[{"href":"https:\/\/primiciasclorinda.com\/index.php?rest_route=\/wp\/v2\/posts\/78461","targetHints":{"allow":["GET"]}}],"collection":[{"href":"https:\/\/primiciasclorinda.com\/index.php?rest_route=\/wp\/v2\/posts"}],"about":[{"href":"https:\/\/primiciasclorinda.com\/index.php?rest_route=\/wp\/v2\/types\/post"}],"author":[{"embeddable":true,"href":"https:\/\/primiciasclorinda.com\/index.php?rest_route=\/wp\/v2\/users\/3"}],"replies":[{"embeddable":true,"href":"https:\/\/primiciasclorinda.com\/index.php?rest_route=%2Fwp%2Fv2%2Fcomments&post=78461"}],"version-history":[{"count":1,"href":"https:\/\/primiciasclorinda.com\/index.php?rest_route=\/wp\/v2\/posts\/78461\/revisions"}],"predecessor-version":[{"id":78471,"href":"https:\/\/primiciasclorinda.com\/index.php?rest_route=\/wp\/v2\/posts\/78461\/revisions\/78471"}],"wp:featuredmedia":[{"embeddable":true,"href":"https:\/\/primiciasclorinda.com\/index.php?rest_route=\/wp\/v2\/media\/78464"}],"wp:attachment":[{"href":"https:\/\/primiciasclorinda.com\/index.php?rest_route=%2Fwp%2Fv2%2Fmedia&parent=78461"}],"wp:term":[{"taxonomy":"category","embeddable":true,"href":"https:\/\/primiciasclorinda.com\/index.php?rest_route=%2Fwp%2Fv2%2Fcategories&post=78461"},{"taxonomy":"post_tag","embeddable":true,"href":"https:\/\/primiciasclorinda.com\/index.php?rest_route=%2Fwp%2Fv2%2Ftags&post=78461"}],"curies":[{"name":"wp","href":"https:\/\/api.w.org\/{rel}","templated":true}]}}