{"id":7843,"date":"2017-12-19T18:24:14","date_gmt":"2017-12-19T21:24:14","guid":{"rendered":"http:\/\/primiciasclorinda.com\/?p=7843"},"modified":"2017-12-19T18:24:14","modified_gmt":"2017-12-19T21:24:14","slug":"mauricio-macri-hubo-diputados-de-la-nacion-que-incitaron-a-la-violencia","status":"publish","type":"post","link":"https:\/\/primiciasclorinda.com\/?p=7843","title":{"rendered":"Mauricio Macri: \u00abHubo diputados de la Naci\u00f3n que incitaron a la violencia\u00bb"},"content":{"rendered":"<p style=\"text-align: justify;\">\u00abYo creo en la paz, en el di\u00e1logo\u2026 toda esa violencia que vimos ayer estuvo claramente orquestada y la vamos a enfrentar junto a la Justicia para saber qui\u00e9nes fueron los responsables, porque no fue espont\u00e1neo. En Argentina se vive un clima de paz y de esperanza de futuro\u00bb.<\/p>\n<p style=\"text-align: justify;\">As\u00ed comenz\u00f3 Mauricio Macri el mensaje que pronunci\u00f3 tras la jornada de graves incidentes que finaliz\u00f3 hoy con la sanci\u00f3n de la reforma previsional en la C\u00e1mara de Diputados.<\/p>\n<p style=\"text-align: justify;\">\u00abLa democracia funciona en la Argentina, tuvimos 17 horas de sesi\u00f3n y durante 14 habl\u00f3 la oposici\u00f3n, con lo cual se pudo expresar dando todos sus puntos de vista, y despu\u00e9s se vot\u00f3\u00bb, destac\u00f3 el Presidente.<\/p>\n<p style=\"text-align: justify;\">Al ser consultado por Infobae sobre qui\u00e9n cree que organiz\u00f3 los incidentes, el jefe de Estado se\u00f1al\u00f3 que prefer\u00eda esperar la investigaci\u00f3n, pero se\u00f1al\u00f3 que hubo \u00abdiputados de la naci\u00f3n que incitaron a la violencia\u00bb.<\/p>\n<p>Con relaci\u00f3n a la iniciativa que se aprob\u00f3 en el Congreso, el jefe de Estado asegur\u00f3 que garantiza \u00abno en seis meses o un a\u00f1o, sino en los pr\u00f3ximos a\u00f1os, una f\u00f3rmula que los defienda (a los jubilados) del peor mal, que es la inflaci\u00f3n, que estamos luchando y no hemos logrado vencer\u00bb. \u00abSiempre van a estar un poco mejor que la inflaci\u00f3n\u00bb, agreg\u00f3 Macri, que tambi\u00e9n destac\u00f3 el apoyo de los gobernadores.<\/p>\n<p style=\"text-align: justify;\">Consultado sobre la falta de explicaci\u00f3n de la iniciativa, Macri reconoci\u00f3 que \u00absiempre se puede mejorar la comunicaci\u00f3n\u00bb, pero consider\u00f3 que \u00abson muchas las reformas que tenemos que encarar para construir una Argentina que nos incluya a todos, que nos alimente esta vuelta a so\u00f1ar. Yo no vine a estar en una situaci\u00f3n c\u00f3moda, eso ser\u00eda mentirles. Todos estos cambios generan incomodidad, son los necesarios\u00bb.<\/p>\n<p style=\"text-align: justify;\">Sobre los incidentes que se registraron en las calles, tanto el pasado jueves como ayer, el Presidente repiti\u00f3 que \u00abfueron hechos orquestados que la Justicia est\u00e1 investigando\u00bb, y tambi\u00e9n cuestion\u00f3 a la jueza porte\u00f1a Patricia L\u00f3pez Vergara, la magistrada que prohibi\u00f3 el uso de armas de fuego a los efectivos de la Polic\u00eda de la Ciudad durante el operativo de seguridad.<\/p>\n<p style=\"text-align: justify;\">\u00abHizo algo que deja muy mal a la Justicia. (Los manifestantes) han destrozado la ciudad y han hospitalizado a 80 polic\u00edas\u00bb, critic\u00f3. A su vez, se\u00f1al\u00f3: \u00abMe sorprende no haber escuchado una mayor condena por parte de los l\u00edderes de la oposici\u00f3n por la agresi\u00f3n a los polic\u00edas, que son argentinos, trabajan al servicio de la comunidad para cuidarnos\u00bb.<\/p>\n<p style=\"text-align: justify;\">\u00abHay dirigentes que justifican eso, no lo entiendo. Le agradezco a la polic\u00eda la labor que llev\u00f3 a cabo ayer, y el jueves, defendiendo la democracia; espero que lo sigan haciendo, todo es perfectible. Les pedimos a ellos una perfecci\u00f3n que nosotros no tenemos en nuestra tarea\u00bb, plante\u00f3.<\/p>\n<p>En este sentido, puntualiz\u00f3 que \u00abqueda claro que ha habido diputados que han incitado a la violencia\u00bb. \u00abVi res\u00famenes de discursos que sorprenden, que citan a Mandela, en su etapa inicial, donde no hay nada que justifique la violencia. Los argentinos queremos vivir en paz, podemos opinar distinto, pero seguimos adelante, no hay ninguna raz\u00f3n por la cual un grupo pueda imponer sus ideas a partir de la violencia, o paralizar el funcionamiento democr\u00e1tico. La mayor\u00eda hemos decidido vivir de los acuerdos\u00bb, complet\u00f3.<\/p>\n<p style=\"text-align: justify;\">Por otro lado, asegur\u00f3 que este martes firmar\u00e1 el decreto para implementar un bono de compensaci\u00f3n para los jubilados.<\/p>\n<p>Fuente: Infobae.com<\/p>\n","protected":false},"excerpt":{"rendered":"<div class=\"mh-excerpt\"><p>\u00abYo creo en la paz, en el di\u00e1logo\u2026 toda esa violencia que vimos ayer estuvo claramente orquestada y la vamos a enfrentar junto a la <a class=\"mh-excerpt-more\" href=\"https:\/\/primiciasclorinda.com\/?p=7843\" title=\"Mauricio Macri: \u00abHubo diputados de la Naci\u00f3n que incitaron a la violencia\u00bb\">[&#8230;]<\/a><\/p>\n<\/div>","protected":false},"author":3,"featured_media":7844,"comment_status":"open","ping_status":"open","sticky":false,"template":"","format":"standard","meta":{"footnotes":""},"categories":[3],"tags":[13,1289],"class_list":["post-7843","post","type-post","status-publish","format-standard","has-post-thumbnail","hentry","category-politica-economia","tag-mauricio-macri","tag-reformas"],"_links":{"self":[{"href":"https:\/\/primiciasclorinda.com\/index.php?rest_route=\/wp\/v2\/posts\/7843","targetHints":{"allow":["GET"]}}],"collection":[{"href":"https:\/\/primiciasclorinda.com\/index.php?rest_route=\/wp\/v2\/posts"}],"about":[{"href":"https:\/\/primiciasclorinda.com\/index.php?rest_route=\/wp\/v2\/types\/post"}],"author":[{"embeddable":true,"href":"https:\/\/primiciasclorinda.com\/index.php?rest_route=\/wp\/v2\/users\/3"}],"replies":[{"embeddable":true,"href":"https:\/\/primiciasclorinda.com\/index.php?rest_route=%2Fwp%2Fv2%2Fcomments&post=7843"}],"version-history":[{"count":1,"href":"https:\/\/primiciasclorinda.com\/index.php?rest_route=\/wp\/v2\/posts\/7843\/revisions"}],"predecessor-version":[{"id":7845,"href":"https:\/\/primiciasclorinda.com\/index.php?rest_route=\/wp\/v2\/posts\/7843\/revisions\/7845"}],"wp:featuredmedia":[{"embeddable":true,"href":"https:\/\/primiciasclorinda.com\/index.php?rest_route=\/wp\/v2\/media\/7844"}],"wp:attachment":[{"href":"https:\/\/primiciasclorinda.com\/index.php?rest_route=%2Fwp%2Fv2%2Fmedia&parent=7843"}],"wp:term":[{"taxonomy":"category","embeddable":true,"href":"https:\/\/primiciasclorinda.com\/index.php?rest_route=%2Fwp%2Fv2%2Fcategories&post=7843"},{"taxonomy":"post_tag","embeddable":true,"href":"https:\/\/primiciasclorinda.com\/index.php?rest_route=%2Fwp%2Fv2%2Ftags&post=7843"}],"curies":[{"name":"wp","href":"https:\/\/api.w.org\/{rel}","templated":true}]}}