{"id":7781,"date":"2017-12-14T18:41:47","date_gmt":"2017-12-14T21:41:47","guid":{"rendered":"http:\/\/primiciasclorinda.com\/?p=7781"},"modified":"2017-12-14T18:41:47","modified_gmt":"2017-12-14T21:41:47","slug":"manana-no-habra-atencion-en-el-banco-nacion-de-clorinda","status":"publish","type":"post","link":"https:\/\/primiciasclorinda.com\/?p=7781","title":{"rendered":"Ma\u00f1ana no habr\u00e1 atenci\u00f3n en el Banco Naci\u00f3n de Clorinda"},"content":{"rendered":"<p style=\"text-align: justify;\">As\u00ed lo inform\u00f3 el delegado gremial de la sucursal del Banco Naci\u00f3n, Lidio Escobar, explic\u00f3 que en el d\u00eda de hoy hubo atenci\u00f3n hasta las 9:45 hs porque estaban en asamblea nacional y que ma\u00f1ana viernes 15 las puertas del Banco Naci\u00f3n permanecer\u00e1n cerradas.<\/p>\n<p style=\"text-align: justify;\">En el marco de las movilizaciones que se registran en Capital Federal frente al Congreso de la Naci\u00f3n, distintas organizaciones y gremios se manifiestan en contra de la Reforma Previsional, en consonancia, en las secursales bancarias del todo el pa\u00eds no habr\u00e1 atenci\u00f3n debido al llamamiento al paro nacional por parte del gremio central.<\/p>\n<p style=\"text-align: justify;\">\u00abPor este medio queremos informar a las personas que no acudan a la entidad porque no habr\u00e1 atenci\u00f3n, principalmente queremos transmitir esta informaci\u00f3n a las personas mayores para que no vengan y se encuentren con la mala noticia\u00bb, explic\u00f3 Escobar.<\/p>\n<p style=\"text-align: justify;\">\u00abReci\u00e9n el lunes atenderemos normalmente, eso hasta este momento\u00bb, inform\u00f3 el delegado.<\/p>\n<p><img loading=\"lazy\" decoding=\"async\" class=\"alignnone wp-image-7783 size-full\" src=\"http:\/\/primiciasclorinda.com\/wp-content\/uploads\/2017\/12\/cartel-paro.jpeg\" alt=\"\" width=\"1032\" height=\"774\" srcset=\"https:\/\/primiciasclorinda.com\/wp-content\/uploads\/2017\/12\/cartel-paro.jpeg 1032w, https:\/\/primiciasclorinda.com\/wp-content\/uploads\/2017\/12\/cartel-paro-300x225.jpeg 300w, https:\/\/primiciasclorinda.com\/wp-content\/uploads\/2017\/12\/cartel-paro-768x576.jpeg 768w, https:\/\/primiciasclorinda.com\/wp-content\/uploads\/2017\/12\/cartel-paro-400x300.jpeg 400w, https:\/\/primiciasclorinda.com\/wp-content\/uploads\/2017\/12\/cartel-paro-678x509.jpeg 678w, https:\/\/primiciasclorinda.com\/wp-content\/uploads\/2017\/12\/cartel-paro-326x245.jpeg 326w, https:\/\/primiciasclorinda.com\/wp-content\/uploads\/2017\/12\/cartel-paro-80x60.jpeg 80w\" sizes=\"auto, (max-width: 1032px) 100vw, 1032px\" \/><\/p>\n","protected":false},"excerpt":{"rendered":"<div class=\"mh-excerpt\"><p>As\u00ed lo inform\u00f3 el delegado gremial de la sucursal del Banco Naci\u00f3n, Lidio Escobar, explic\u00f3 que en el d\u00eda de hoy hubo atenci\u00f3n hasta las <a class=\"mh-excerpt-more\" href=\"https:\/\/primiciasclorinda.com\/?p=7781\" title=\"Ma\u00f1ana no habr\u00e1 atenci\u00f3n en el Banco Naci\u00f3n de Clorinda\">[&#8230;]<\/a><\/p>\n<\/div>","protected":false},"author":3,"featured_media":7782,"comment_status":"open","ping_status":"open","sticky":false,"template":"","format":"standard","meta":{"footnotes":""},"categories":[3],"tags":[411,26,417],"class_list":["post-7781","post","type-post","status-publish","format-standard","has-post-thumbnail","hentry","category-politica-economia","tag-banco-nacion","tag-clorinda","tag-paro-bancario"],"_links":{"self":[{"href":"https:\/\/primiciasclorinda.com\/index.php?rest_route=\/wp\/v2\/posts\/7781","targetHints":{"allow":["GET"]}}],"collection":[{"href":"https:\/\/primiciasclorinda.com\/index.php?rest_route=\/wp\/v2\/posts"}],"about":[{"href":"https:\/\/primiciasclorinda.com\/index.php?rest_route=\/wp\/v2\/types\/post"}],"author":[{"embeddable":true,"href":"https:\/\/primiciasclorinda.com\/index.php?rest_route=\/wp\/v2\/users\/3"}],"replies":[{"embeddable":true,"href":"https:\/\/primiciasclorinda.com\/index.php?rest_route=%2Fwp%2Fv2%2Fcomments&post=7781"}],"version-history":[{"count":1,"href":"https:\/\/primiciasclorinda.com\/index.php?rest_route=\/wp\/v2\/posts\/7781\/revisions"}],"predecessor-version":[{"id":7784,"href":"https:\/\/primiciasclorinda.com\/index.php?rest_route=\/wp\/v2\/posts\/7781\/revisions\/7784"}],"wp:featuredmedia":[{"embeddable":true,"href":"https:\/\/primiciasclorinda.com\/index.php?rest_route=\/wp\/v2\/media\/7782"}],"wp:attachment":[{"href":"https:\/\/primiciasclorinda.com\/index.php?rest_route=%2Fwp%2Fv2%2Fmedia&parent=7781"}],"wp:term":[{"taxonomy":"category","embeddable":true,"href":"https:\/\/primiciasclorinda.com\/index.php?rest_route=%2Fwp%2Fv2%2Fcategories&post=7781"},{"taxonomy":"post_tag","embeddable":true,"href":"https:\/\/primiciasclorinda.com\/index.php?rest_route=%2Fwp%2Fv2%2Ftags&post=7781"}],"curies":[{"name":"wp","href":"https:\/\/api.w.org\/{rel}","templated":true}]}}