{"id":74546,"date":"2026-01-08T08:02:53","date_gmt":"2026-01-08T11:02:53","guid":{"rendered":"https:\/\/primiciasclorinda.com\/?p=74546"},"modified":"2026-01-08T08:02:53","modified_gmt":"2026-01-08T11:02:53","slug":"vacaciones-2026-en-formosa-festivales-parques-acuaticos-y-actividades-gratuitas","status":"publish","type":"post","link":"https:\/\/primiciasclorinda.com\/?p=74546","title":{"rendered":"Vacaciones 2026 en Formosa: festivales, parques acu\u00e1ticos y actividades gratuitas"},"content":{"rendered":"\n<p>Enero 2026 llega con una agenda cargada de propuestas culturales, recreativas y deportivas en toda la provincia de Formosa. Con festivales, parques acu\u00e1ticos, colonias de vacaciones y actividades gratuitas para todas las edades, la provincia se posiciona como un destino atractivo para disfrutar el verano tanto en la capital como en el interior.<\/p>\n\n\n\n<p>Enero 2026 se presenta cargado de actividades en toda la provincia de Formosa, con una agenda tur\u00edstica y cultural que combina m\u00fasica, danza, deportes, espacios recreativos y parques acu\u00e1ticos, tanto en la capital como en el interior. En ese marco, uno de los eventos destacados del mes ser\u00e1 el<strong>&nbsp;1\u00ba Festival del Chamam\u00e9<\/strong>, que se realizar\u00e1 este&nbsp;<strong>s\u00e1bado 10 y domingo 11 de enero en la localidad de Herradura.<\/strong><\/p>\n\n\n\n<p>El festival tendr\u00e1 lugar en la<strong>&nbsp;Plaza Unidad Nacional<\/strong>, con<strong>&nbsp;entrada libre y gratuita<\/strong>, y contar\u00e1 adem\u00e1s con una&nbsp;<strong>competencia de danza chamamecera en las categor\u00edas infantil, juvenil y libre<\/strong>. La propuesta busca poner en valor uno de los g\u00e9neros m\u00e1s representativos del litoral, fortaleciendo la identidad cultural y el turismo regional.&nbsp;<strong>Las inscripciones para la competencia contin\u00faan abiertas.<\/strong><\/p>\n\n\n\n<p><strong>Actividades fijas en Formosa capital<\/strong><\/p>\n\n\n\n<p>Durante todo el mes se mantienen activas propuestas recreativas y culturales en distintos espacios:<\/p>\n\n\n\n<ul class=\"wp-block-list\">\n<li><strong>Cruz del Norte:<\/strong>\u00a0juegos para ni\u00f1os, actividades deportivas y recreativas.<\/li>\n\n\n\n<li><strong>Paseo Guadalupe Florece:<\/strong>\u00a0espacio recreativo con bares y drugstore.<\/li>\n\n\n\n<li><strong>Para\u00edso de los Ni\u00f1os:<\/strong>\u00a0recreaci\u00f3n y picnic todos los d\u00edas.<\/li>\n\n\n\n<li><strong>Plaza San Mart\u00edn y Plaza Tem\u00e1tica:<\/strong>\u00a0actividades recreativas diarias.<\/li>\n\n\n\n<li><strong>Costanera Vuelta Fermosa:<\/strong>\u00a0recreaci\u00f3n infantil, show de aguas danzantes, bares y restaurantes.<\/li>\n\n\n\n<li><strong>Peatonal Rivadavia (entre Av. 25 de Mayo y Espa\u00f1a):<\/strong>\u00a0paseo comercial y recreativo.<\/li>\n\n\n\n<li><strong>Patin\u00f3dromo (Av. J. D. Per\u00f3n):<\/strong>\u00a0actividades deportivas y recreativas.<\/li>\n\n\n\n<li><strong>Paseo del R\u00edo (Av. N. Uriburu y Ramos Mej\u00eda):<\/strong>\u00a0parrillas, juegos y esparcimiento.<\/li>\n\n\n\n<li><strong>Cine Teatro \u2013 Casa de la Historia y la Cultura del Bicentenario (Villa Escolar):<\/strong>\u00a0s\u00e1bados de 16 a 20 horas.<\/li>\n<\/ul>\n\n\n\n<p><strong>Piletas y parques acu\u00e1ticos<\/strong><\/p>\n\n\n\n<p><strong>Formosa capital y otras localidades<\/strong><\/p>\n\n\n\n<ul class=\"wp-block-list\">\n<li><strong>Parque Acu\u00e1tico \u201cMiguel \u00c1ngel Negro Medina\u201d<\/strong><\/li>\n<\/ul>\n\n\n\n<p><strong>Pileta libre:<\/strong>&nbsp;jueves a domingo, de 16 a 20 hs.<\/p>\n\n\n\n<ul class=\"wp-block-list\">\n<li><strong>Parque Acu\u00e1tico El Colorado<\/strong><\/li>\n<\/ul>\n\n\n\n<p><strong>Martes a viernes:<\/strong>&nbsp;15 a 20 hs.<\/p>\n\n\n\n<p><strong>S\u00e1bados y domingos:<\/strong>&nbsp;10 a 20 hs.<\/p>\n\n\n\n<p><strong>Precios:<\/strong>&nbsp;locales $3.000, turistas $6.000.<\/p>\n\n\n\n<ul class=\"wp-block-list\">\n<li><strong>Parque Acu\u00e1tico y Pileta Municipal Lucio V. Mansilla<\/strong><\/li>\n<\/ul>\n\n\n\n<p><strong>Mi\u00e9rcoles a domingo:<\/strong>&nbsp;16 a 20 hs.<\/p>\n\n\n\n<ul class=\"wp-block-list\">\n<li><strong>Pileta Ol\u00edmpica \u2013 Laguna Blanca<\/strong><\/li>\n<\/ul>\n\n\n\n<p><strong>Pileta libre:<\/strong>&nbsp;s\u00e1bados y domingos 17 a 19:45 hs.<\/p>\n\n\n\n<p><strong>Escuela de nataci\u00f3n ni\u00f1os:<\/strong>&nbsp;martes a viernes 17 a 18 hs.<\/p>\n\n\n\n<p><strong>Adultos:<\/strong>&nbsp;18 a 19 hs.<\/p>\n\n\n\n<ul class=\"wp-block-list\">\n<li><strong>Complejo Acu\u00e1tico Villa Dos Trece<\/strong><\/li>\n<\/ul>\n\n\n\n<p><strong>S\u00e1bados y domingos:<\/strong>&nbsp;desde las 16 hs.<\/p>\n\n\n\n<ul class=\"wp-block-list\">\n<li><strong>Complejo Natatorio y Parque Acu\u00e1tico Buena Vista<\/strong><\/li>\n<\/ul>\n\n\n\n<p><strong>Escuela de nataci\u00f3n:<\/strong>&nbsp;mi\u00e9rcoles a jueves 17 a 19:30 hs.<\/p>\n\n\n\n<p><strong>Pileta libre:<\/strong>&nbsp;viernes, s\u00e1bado y domingo 17 a 20 hs.<\/p>\n\n\n\n<ul class=\"wp-block-list\">\n<li><strong>Piscina Municipal General Belgrano, Misi\u00f3n Tacaagl\u00e9 e Ibarreta<\/strong><\/li>\n<\/ul>\n\n\n\n<p><strong>S\u00e1bados y domingos (y martes a domingo en Ibarreta):<\/strong>&nbsp;15 a 19 hs.<\/p>\n\n\n\n<ul class=\"wp-block-list\">\n<li><strong>Parque Acu\u00e1tico 17 de Octubre<\/strong><\/li>\n<\/ul>\n\n\n\n<p><strong>Pileta libre (desde 27\/12):<\/strong>&nbsp;mi\u00e9rcoles a domingo 15:30 a 20 hs.<\/p>\n\n\n\n<p><strong>Colonia de vacaciones (desde 5\/1):<\/strong>&nbsp;martes a viernes 7:30 a 11:30 hs.<\/p>\n\n\n\n<p><strong>Clases de nataci\u00f3n:<\/strong><\/p>\n\n\n\n<p><strong>Adultos:<\/strong>&nbsp;8 a 9 hs<\/p>\n\n\n\n<p><strong>Ni\u00f1os 6 a 12:<\/strong>&nbsp;9 a 10 hs<\/p>\n\n\n\n<p><strong>J\u00f3venes 13 a 17:<\/strong>&nbsp;10 a 11 hs<\/p>\n\n\n\n<p><strong>Aquagym:<\/strong>&nbsp;lunes a viernes 20 a 21 hs.<\/p>\n\n\n\n<ul class=\"wp-block-list\">\n<li><strong>Complejo Para\u00edso de los Ni\u00f1os<\/strong><\/li>\n<\/ul>\n\n\n\n<p><strong>Colonia de vacaciones (desde 5\/1):<\/strong>&nbsp;lunes a viernes 7:30 a 11:30 hs y 15 a 17:30 hs.<\/p>\n\n\n\n<p><strong>Nataci\u00f3n:<\/strong>&nbsp;18:30 a 19:30 hs.<\/p>\n\n\n\n<p><strong>Aquagym:<\/strong>&nbsp;martes a viernes 20 a 21 hs.<\/p>\n\n\n\n<ul class=\"wp-block-list\">\n<li><strong>Complejo Provincial del Timbo \u2013 Herradura<\/strong><\/li>\n<\/ul>\n\n\n\n<p><strong>Pileta libre:<\/strong>&nbsp;viernes a domingo 15:30 a 19 hs.<\/p>\n\n\n\n<p><strong>Colonia de vacaciones (desde 13\/1):<\/strong>&nbsp;martes, jueves y viernes 8 a 12 hs.<\/p>\n\n\n\n<p><strong>Aquagym:<\/strong>&nbsp;martes y jueves 18 a 19 hs.<\/p>\n\n\n\n<p><strong>J\u00f3venes Unidos:<\/strong>&nbsp;mi\u00e9rcoles y viernes 18 a 19 hs<\/p>\n\n\n\n<p><strong>Preparaci\u00f3n para fuerzas de seguridad:<\/strong>&nbsp;martes y jueves 7 a 8 hs y 16 a 18 hs.<\/p>\n\n\n\n<p><strong>En Clorinda. <\/strong>La playa municipal,<em>&nbsp;\u00abla que es muy concurrida\u00bb<\/em>, en Puerto Pilcomayo, que iniciar\u00e1 temporada con&nbsp;<em>\u00abViv\u00ed tu verano 2026\u00bb.<\/em><\/p>\n\n\n\n<p><strong>En Heeradura. De igual manera, apunt\u00f3 que en esa localidad, donde tambi\u00e9n est\u00e1 a pleno funcionando el balneario municipal, este fin de semana tendr\u00e1 jornada del Mercado Comunitario de Emprendedores.&nbsp;<\/strong>En esa comunidad cercana a la ciudad capital&nbsp;<em>\u00abest\u00e1 tambi\u00e9n el complejo provincial \u201cDel Timb\u00f3\u201d, que a partir del 11 de enero ya estar\u00e1 con la colonia de vacaciones, aquagym y pileta libre\u00bb<\/em>, inform\u00f3.<\/p>\n\n\n\n<p><strong>En cuanto a la reserva bi\u00f3sfera Laguna Oca,<\/strong>&nbsp;donde&nbsp;<em>\u00absiempre que las condiciones clim\u00e1ticas lo permiten est\u00e1 abierta\u00bb<\/em>, aunque aclar\u00f3 que est\u00e1 reci\u00e9n<em>&nbsp;\u00aba partir del pr\u00f3ximo fin de semana, s\u00e1bado y domingo, estar\u00e1 dando inicio a sus actividades libres y gratuitas dirigidas a todas las familias\u00bb<\/em>.<\/p>\n\n\n\n<p><strong>Y especific\u00f3 que all\u00ed los s\u00e1bados se ofrecer\u00e1n cabalgatas y los domingos, paseos en lancha. Record\u00f3 tambi\u00e9n que el ingreso al agua en la reserva bi\u00f3sfera no&nbsp;<\/strong><a href=\"https:\/\/neahoy.com\/2026\/01\/02\/soberania-alimentaria-formosena-donde-ofrecera-productos-frescos-este-sabado-3-de-enero\/\" target=\"_blank\" rel=\"noreferrer noopener\"><strong>est\u00e1 habilitado.&nbsp;<\/strong><\/a>Por otro lado, declar\u00f3 que el equipo del Ministerio de Turismo est\u00e1 a disposici\u00f3n para realizar las actividades, tanto de avistaje como de senderismo, dependiendo de la solicitud o a demanda, por lo que, para eso, hay que acercarse a las oficinas del organismo en Jos\u00e9 Mar\u00eda Uriburu 820.<\/p>\n\n\n\n<p><strong>All\u00ed la atenci\u00f3n es de lunes a viernes, de 7.30 a 13 y de 16 a 21 horas.<\/strong>&nbsp;As\u00ed tambi\u00e9n hay un punto tur\u00edstico que est\u00e1 en la Terminal de \u00d3mnibus. En ambos lugares se pueden consultar cualquier tipo de informaci\u00f3n.<\/p>\n\n\n\n<p>Incluso con los prestadores tur\u00edsticos privados que los brindan&nbsp;<em>\u00abnos contactamos, ya que ellos trabajan en conjunto con la cartera para poder brindar la mejor atenci\u00f3n a quienes est\u00e9n interesados\u00bb<\/em>, acot\u00f3. Tambi\u00e9n otra manera de obtener la agenda de actividades es a trav\u00e9s de la p\u00e1gina web del organismo www.formosahermosa.gob.ar,&nbsp;<a href=\"https:\/\/neahoy.com\/2026\/01\/03\/formosa-interfor-mantiene-sin-cambios-el-precio-de-la-rto-durante-enero\/\" target=\"_blank\" rel=\"noreferrer noopener\">o tambi\u00e9n en redes sociales.<\/a><\/p>\n\n\n\n<p><strong>Actividades deportivas itinerantes<\/strong><\/p>\n\n\n\n<ul class=\"wp-block-list\">\n<li><strong>11 de enero:<\/strong>\u00a0Liga Nacional de B\u00e1squet<\/li>\n<\/ul>\n\n\n\n<p>La Uni\u00f3n Formosa vs Quimsa \u2013 Estadio Cincuentenario.<\/p>\n\n\n\n<ul class=\"wp-block-list\">\n<li><strong>13 de enero:<\/strong>\u00a0Liga Nacional de B\u00e1squet<\/li>\n<\/ul>\n\n\n\n<p>La Uni\u00f3n Formosa vs Platense \u2013 Estadio Cincuentenario.<\/p>\n\n\n\n<ul class=\"wp-block-list\">\n<li><strong>17 de enero:<\/strong>\u00a0Segunda edici\u00f3n Torneo Regional de V\u00f3ley Playa \u2013 Camping Municipal, Lucio V. Mansilla.<\/li>\n\n\n\n<li><strong>15 y 16 de enero:<\/strong>\u00a0Taller de Canotaje Nivel 1 \u2013 Pileta Parque Acu\u00e1tico El Colorado.<\/li>\n<\/ul>\n\n\n\n<p><strong>Inscripciones:<\/strong>&nbsp;3704278558.<\/p>\n\n\n\n<p>Con esta amplia grilla de actividades,&nbsp;<a href=\"https:\/\/neahoy.com\/categoria\/formosa\/\" target=\"_blank\" rel=\"noreferrer noopener\"><strong>Formosa<\/strong><\/a>&nbsp;se consolida como un<strong>&nbsp;destino ideal para disfrutar del verano, ofreciendo alternativas gratuitas y accesibles que combinan cultura, naturaleza, deporte y recreaci\u00f3n<\/strong>, tanto para residentes como para turistas que eligen la provincia durante la temporada estival.<\/p>\n\n\n\n<p><em>Con informaci\u00f3n de&nbsp;<\/em><a href=\"https:\/\/www.formosahermosa.gob.ar\/?fbclid=IwY2xjawPKRQ5leHRuA2FlbQIxMABicmlkETE1d3ZpQXNrMWVBQjU3VjdMc3J0YwZhcHBfaWQQMjIyMDM5MTc4ODIwMDg5MgABHmViB8hgrFKZyJjgX8y0oBbjelkVF3G0rbpNrx2hDNhdjl0V1w49RUmYW59b_aem_U_zWn5kdU83CscmLr3xQQQ\" target=\"_blank\" rel=\"noreferrer noopener\"><em>Ministerio de Turismo de Formosa<\/em><\/a><em>.<\/em><\/p>\n\n\n<figure class=\"wp-block-post-featured-image\"><img loading=\"lazy\" decoding=\"async\" width=\"950\" height=\"600\" src=\"https:\/\/primiciasclorinda.com\/wp-content\/uploads\/2026\/01\/vacaciones-en-fsa-2.jpg\" class=\"attachment-post-thumbnail size-post-thumbnail wp-post-image\" alt=\"\" style=\"object-fit:cover;\" srcset=\"https:\/\/primiciasclorinda.com\/wp-content\/uploads\/2026\/01\/vacaciones-en-fsa-2.jpg 950w, https:\/\/primiciasclorinda.com\/wp-content\/uploads\/2026\/01\/vacaciones-en-fsa-2-300x189.jpg 300w, https:\/\/primiciasclorinda.com\/wp-content\/uploads\/2026\/01\/vacaciones-en-fsa-2-475x300.jpg 475w, https:\/\/primiciasclorinda.com\/wp-content\/uploads\/2026\/01\/vacaciones-en-fsa-2-768x485.jpg 768w\" sizes=\"auto, (max-width: 950px) 100vw, 950px\" \/><\/figure>","protected":false},"excerpt":{"rendered":"<div class=\"mh-excerpt\"><p>Enero 2026 llega con una agenda cargada de propuestas culturales, recreativas y deportivas en toda la provincia de Formosa. Con festivales, parques acu\u00e1ticos, colonias de <a class=\"mh-excerpt-more\" href=\"https:\/\/primiciasclorinda.com\/?p=74546\" title=\"Vacaciones 2026 en Formosa: festivales, parques acu\u00e1ticos y actividades gratuitas\">[&#8230;]<\/a><\/p>\n<\/div>","protected":false},"author":3,"featured_media":74540,"comment_status":"open","ping_status":"open","sticky":false,"template":"","format":"standard","meta":{"footnotes":""},"categories":[3],"tags":[5941],"class_list":["post-74546","post","type-post","status-publish","format-standard","has-post-thumbnail","hentry","category-politica-economia","tag-vacaciones-2026-formosa"],"_links":{"self":[{"href":"https:\/\/primiciasclorinda.com\/index.php?rest_route=\/wp\/v2\/posts\/74546","targetHints":{"allow":["GET"]}}],"collection":[{"href":"https:\/\/primiciasclorinda.com\/index.php?rest_route=\/wp\/v2\/posts"}],"about":[{"href":"https:\/\/primiciasclorinda.com\/index.php?rest_route=\/wp\/v2\/types\/post"}],"author":[{"embeddable":true,"href":"https:\/\/primiciasclorinda.com\/index.php?rest_route=\/wp\/v2\/users\/3"}],"replies":[{"embeddable":true,"href":"https:\/\/primiciasclorinda.com\/index.php?rest_route=%2Fwp%2Fv2%2Fcomments&post=74546"}],"version-history":[{"count":1,"href":"https:\/\/primiciasclorinda.com\/index.php?rest_route=\/wp\/v2\/posts\/74546\/revisions"}],"predecessor-version":[{"id":74547,"href":"https:\/\/primiciasclorinda.com\/index.php?rest_route=\/wp\/v2\/posts\/74546\/revisions\/74547"}],"wp:featuredmedia":[{"embeddable":true,"href":"https:\/\/primiciasclorinda.com\/index.php?rest_route=\/wp\/v2\/media\/74540"}],"wp:attachment":[{"href":"https:\/\/primiciasclorinda.com\/index.php?rest_route=%2Fwp%2Fv2%2Fmedia&parent=74546"}],"wp:term":[{"taxonomy":"category","embeddable":true,"href":"https:\/\/primiciasclorinda.com\/index.php?rest_route=%2Fwp%2Fv2%2Fcategories&post=74546"},{"taxonomy":"post_tag","embeddable":true,"href":"https:\/\/primiciasclorinda.com\/index.php?rest_route=%2Fwp%2Fv2%2Ftags&post=74546"}],"curies":[{"name":"wp","href":"https:\/\/api.w.org\/{rel}","templated":true}]}}