{"id":7373,"date":"2017-11-20T18:06:54","date_gmt":"2017-11-20T21:06:54","guid":{"rendered":"http:\/\/primiciasclorinda.com\/?p=7373"},"modified":"2017-11-20T18:06:54","modified_gmt":"2017-11-20T21:06:54","slug":"anibal-fernandez-y-miguel-angel-pichetto-visitaron-a-julio-de-vido-en-la-carcel-de-marcos-paz","status":"publish","type":"post","link":"https:\/\/primiciasclorinda.com\/?p=7373","title":{"rendered":"An\u00edbal Fern\u00e1ndez y Miguel Angel Pichetto visitaron a Julio De Vido en la c\u00e1rcel de Marcos Paz"},"content":{"rendered":"<p style=\"text-align: justify;\">El ex jefe de Gabinete y el jefe del bloque de senadores del PJ se acercaron a saludar detenido ex ministro de Planificaci\u00f3n.<\/p>\n<p style=\"text-align: justify;\">El ex jefe de Gabinete kirchnerista An\u00edbal Fern\u00e1ndez y el jefe del bloque de senadores del PJ, Miguel Angel Pichetto, fueron a visitar esta tarde a Julio De Vido , quien est\u00e1 detenido hace m\u00e1s de tres semanas en la c\u00e1rcel de Marcos Paz, seg\u00fan pudo averiguar el diario La Naci\u00f3n.<\/p>\n<p style=\"text-align: justify;\">El ex jefe de Gabinete kirchnerista hab\u00eda ido al penal la semana pasada pero no hab\u00eda podido ingresar porque no cumpli\u00f3 con los requisitos del Servicio Penitenciario. A pesar de lo sucedido, el ex ministro de Planificaci\u00f3n le hab\u00eda agradecido el gesto mediante las redes sociales.<\/p>\n<blockquote class=\"twitter-tweet\" data-width=\"500\" data-dnt=\"true\">\n<p lang=\"es\" dir=\"ltr\">De Vido coincide en todos sus t\u00e9rminos con la carta del compa\u00f1ero <a href=\"https:\/\/twitter.com\/FernandezAnibal?ref_src=twsrc%5Etfw\">@FernandezAnibal<\/a> a quien nuevamente agradece la visita. <a href=\"https:\/\/t.co\/5b2tCLyahy\">https:\/\/t.co\/5b2tCLyahy<\/a><\/p>\n<p>&mdash; Julio De Vido (@JulioDeVido) <a href=\"https:\/\/twitter.com\/JulioDeVido\/status\/930968321939386369?ref_src=twsrc%5Etfw\">November 16, 2017<\/a><\/p><\/blockquote>\n<p><script async src=\"https:\/\/platform.twitter.com\/widgets.js\" charset=\"utf-8\"><\/script><\/p>\n<p style=\"text-align: justify;\">A su vez, Pichetto hab\u00eda asegurado la semana pasada que ir\u00e1 a visitar De Vido al penal de Marcos Paz en un gesto de \u00absolidaridad\u00bb. De esa manera, se hab\u00eda diferenciado de Cristina Kirchner, quien hab\u00eda dicho que no pone \u00ablas manos en el fuego\u00bb por el ex ministro de Planificaci\u00f3n del kirchnerismo: \u00abEs mejor borrarse y no dar la cara\u00bb, hab\u00eda lanzado el legislador.<\/p>\n<p style=\"text-align: justify;\">En los \u00faltimos d\u00edas, Fern\u00e1ndez hab\u00eda escrito una carta contra Cristina Kirchner , reclam\u00e1ndole a la ex presidenta una defensa m\u00e1s decidida de los ex funcionarios investigados por la Justicia. De Vido volvi\u00f3 a utilizar su cuenta de Twitter para acompa\u00f1ar los dichos del ex jefe de Gabinete sobre Cristina.<\/p>\n<p style=\"text-align: justify;\">De Vido est\u00e1 detenido desde el 25 de octubre pasado, cuando perdi\u00f3 sus fueros como diputado y se present\u00f3 en los tribunales de Comodoro Py. Qued\u00f3 preso por dos causas: el gas licuado y las irregularidades en la puesta en marcha de la mina de R\u00edo Turbio. Adem\u00e1s, tiene 33 causas en tr\u00e1mite, seg\u00fan el Observatorio de Corrupci\u00f3n del Centro de Informaci\u00f3n Judicial.<\/p>\n<p style=\"text-align: justify;\">El \u00faltimo mi\u00e9rcoles, la C\u00e1mara Nacional de Apelaciones en lo Criminal y Correccional Federal confirm\u00f3 el rechazo al pedido de excarcelaci\u00f3n del ex ministro Julio De Vido y de Roberto Baratta, quien lo secundaba como secretario de Coordinaci\u00f3n. As\u00ed lo resolvi\u00f3 la Sala I, con la firma de los jueces Jorge Ballestero y Leopoldo Bruglia, en la causa en la que se investiga a ambos ex funcionarios por los sobreprecios en la compra de gas licuado.<\/p>\n<p style=\"text-align: justify;\">Fuente: La Naci\u00f3n<\/p>\n","protected":false},"excerpt":{"rendered":"<div class=\"mh-excerpt\"><p>El ex jefe de Gabinete y el jefe del bloque de senadores del PJ se acercaron a saludar detenido ex ministro de Planificaci\u00f3n. El ex <a class=\"mh-excerpt-more\" href=\"https:\/\/primiciasclorinda.com\/?p=7373\" title=\"An\u00edbal Fern\u00e1ndez y Miguel Angel Pichetto visitaron a Julio De Vido en la c\u00e1rcel de Marcos Paz\">[&#8230;]<\/a><\/p>\n<\/div>","protected":false},"author":3,"featured_media":7374,"comment_status":"open","ping_status":"open","sticky":false,"template":"","format":"standard","meta":{"footnotes":""},"categories":[3],"tags":[1336,1350,537],"class_list":["post-7373","post","type-post","status-publish","format-standard","has-post-thumbnail","hentry","category-politica-economia","tag-anibal-fernandez","tag-de-vido-detenido","tag-julio-de-vido"],"_links":{"self":[{"href":"https:\/\/primiciasclorinda.com\/index.php?rest_route=\/wp\/v2\/posts\/7373","targetHints":{"allow":["GET"]}}],"collection":[{"href":"https:\/\/primiciasclorinda.com\/index.php?rest_route=\/wp\/v2\/posts"}],"about":[{"href":"https:\/\/primiciasclorinda.com\/index.php?rest_route=\/wp\/v2\/types\/post"}],"author":[{"embeddable":true,"href":"https:\/\/primiciasclorinda.com\/index.php?rest_route=\/wp\/v2\/users\/3"}],"replies":[{"embeddable":true,"href":"https:\/\/primiciasclorinda.com\/index.php?rest_route=%2Fwp%2Fv2%2Fcomments&post=7373"}],"version-history":[{"count":1,"href":"https:\/\/primiciasclorinda.com\/index.php?rest_route=\/wp\/v2\/posts\/7373\/revisions"}],"predecessor-version":[{"id":7375,"href":"https:\/\/primiciasclorinda.com\/index.php?rest_route=\/wp\/v2\/posts\/7373\/revisions\/7375"}],"wp:featuredmedia":[{"embeddable":true,"href":"https:\/\/primiciasclorinda.com\/index.php?rest_route=\/wp\/v2\/media\/7374"}],"wp:attachment":[{"href":"https:\/\/primiciasclorinda.com\/index.php?rest_route=%2Fwp%2Fv2%2Fmedia&parent=7373"}],"wp:term":[{"taxonomy":"category","embeddable":true,"href":"https:\/\/primiciasclorinda.com\/index.php?rest_route=%2Fwp%2Fv2%2Fcategories&post=7373"},{"taxonomy":"post_tag","embeddable":true,"href":"https:\/\/primiciasclorinda.com\/index.php?rest_route=%2Fwp%2Fv2%2Ftags&post=7373"}],"curies":[{"name":"wp","href":"https:\/\/api.w.org\/{rel}","templated":true}]}}