{"id":7308,"date":"2017-11-14T18:18:32","date_gmt":"2017-11-14T21:18:32","guid":{"rendered":"http:\/\/primiciasclorinda.com\/?p=7308"},"modified":"2017-11-14T18:18:47","modified_gmt":"2017-11-14T21:18:47","slug":"anuncian-reapertura-de-inscripciones-para-ciclo-lectivo-2018-en-la-enerc","status":"publish","type":"post","link":"https:\/\/primiciasclorinda.com\/?p=7308","title":{"rendered":"Anuncian reapertura de inscripciones para ciclo lectivo 2018 en la ENERC"},"content":{"rendered":"<p style=\"text-align: justify;\">La Vice Rectora de Escuela Nacional de Experimentaci\u00f3n y Realizaci\u00f3n Cinematogr\u00e1fica (ENERC), Carina Neme , anunci\u00f3 la reapertura de las inscripciones al ciclo lectivo 2018 que se realizar\u00e1 en la sede del Instituto Pedag\u00f3gico Provincial( IPPP) hasta el 15 de diciembre inclusive de 14 a 18.<\/p>\n<p style=\"text-align: justify;\">Al respecto record\u00f3 que la ENERC, funciona en el Circuito 5, en la planta alta del IPP, ubicado sobre la avenida Ra\u00fal Alfons\u00edn 1899 y detall\u00f3 los requisitos para la inscripci\u00f3n a las carreras que ofrece la instituci\u00f3n y que busca formar profesionales de calidad en el \u00e1mbito audiovisual.<\/p>\n<p style=\"text-align: justify;\">\u201cLos requisitos son planilla de inscripci\u00f3n que puede ser descargada de la Web de la ENERC, o se les facilitar\u00e1 en la instituci\u00f3n, fotocopia del DNI, foto 4 x4, certificado de domicilio, certificado de estudios de tr\u00e1mite o el anal\u00edtico legalizado. Para los chicos que est\u00e1n terminando el secundario, una constancia de finalizaci\u00f3n o de alumno regular donde conste que no adeuda materias. Las inscripciones se realizaran de 14 a 18 hasta el 15 de diciembre\u201d.<\/p>\n<p style=\"text-align: justify;\">Finalmente anticip\u00f3 que todos los d\u00edas martes, se realizan el sede del IPP, de 18 A 19 se dar\u00e1n charlas sobre el plan de estudios de la carrera cinematogr\u00e1fica, conocimiento de las instalaciones y actividades que realizan los estudiantes.<\/p>\n","protected":false},"excerpt":{"rendered":"<div class=\"mh-excerpt\"><p>La Vice Rectora de Escuela Nacional de Experimentaci\u00f3n y Realizaci\u00f3n Cinematogr\u00e1fica (ENERC), Carina Neme , anunci\u00f3 la reapertura de las inscripciones al ciclo lectivo 2018 <a class=\"mh-excerpt-more\" href=\"https:\/\/primiciasclorinda.com\/?p=7308\" title=\"Anuncian reapertura de inscripciones para ciclo lectivo 2018 en la ENERC\">[&#8230;]<\/a><\/p>\n<\/div>","protected":false},"author":3,"featured_media":7309,"comment_status":"open","ping_status":"open","sticky":false,"template":"","format":"standard","meta":{"footnotes":""},"categories":[4],"tags":[1338,23],"class_list":["post-7308","post","type-post","status-publish","format-standard","has-post-thumbnail","hentry","category-informacion-general","tag-enerc","tag-formosa"],"_links":{"self":[{"href":"https:\/\/primiciasclorinda.com\/index.php?rest_route=\/wp\/v2\/posts\/7308","targetHints":{"allow":["GET"]}}],"collection":[{"href":"https:\/\/primiciasclorinda.com\/index.php?rest_route=\/wp\/v2\/posts"}],"about":[{"href":"https:\/\/primiciasclorinda.com\/index.php?rest_route=\/wp\/v2\/types\/post"}],"author":[{"embeddable":true,"href":"https:\/\/primiciasclorinda.com\/index.php?rest_route=\/wp\/v2\/users\/3"}],"replies":[{"embeddable":true,"href":"https:\/\/primiciasclorinda.com\/index.php?rest_route=%2Fwp%2Fv2%2Fcomments&post=7308"}],"version-history":[{"count":2,"href":"https:\/\/primiciasclorinda.com\/index.php?rest_route=\/wp\/v2\/posts\/7308\/revisions"}],"predecessor-version":[{"id":7311,"href":"https:\/\/primiciasclorinda.com\/index.php?rest_route=\/wp\/v2\/posts\/7308\/revisions\/7311"}],"wp:featuredmedia":[{"embeddable":true,"href":"https:\/\/primiciasclorinda.com\/index.php?rest_route=\/wp\/v2\/media\/7309"}],"wp:attachment":[{"href":"https:\/\/primiciasclorinda.com\/index.php?rest_route=%2Fwp%2Fv2%2Fmedia&parent=7308"}],"wp:term":[{"taxonomy":"category","embeddable":true,"href":"https:\/\/primiciasclorinda.com\/index.php?rest_route=%2Fwp%2Fv2%2Fcategories&post=7308"},{"taxonomy":"post_tag","embeddable":true,"href":"https:\/\/primiciasclorinda.com\/index.php?rest_route=%2Fwp%2Fv2%2Ftags&post=7308"}],"curies":[{"name":"wp","href":"https:\/\/api.w.org\/{rel}","templated":true}]}}