{"id":7248,"date":"2017-11-12T11:17:03","date_gmt":"2017-11-12T14:17:03","guid":{"rendered":"http:\/\/primiciasclorinda.com\/?p=7248"},"modified":"2017-11-12T12:56:45","modified_gmt":"2017-11-12T15:56:45","slug":"activa-semana-del-recien-nacido-prematuro","status":"publish","type":"post","link":"https:\/\/primiciasclorinda.com\/?p=7248","title":{"rendered":"Activa \u201cSemana del reci\u00e9n nacido prematuro\u201d"},"content":{"rendered":"<p style=\"text-align: justify;\">El ministerio de Desarrollo Humano Formosa adhiere al lema de este a\u00f1o, en el marco de la Semana del Prematuro, que inicia este lunes 13 y finaliza el domingo 19. De esta manera, como en cada a\u00f1o, se realizaran actividades dirigidas a las familias para garantizarles el derecho a la informaci\u00f3n.<\/p>\n<p style=\"text-align: justify;\">Al respecto, el titular de la cartera Sanitaria provincial, Jos\u00e9 Luis D\u00e9cima, cit\u00f3 y manifest\u00f3 su apoyo en el cumplimiento del \u201cderecho N\u00ba 8 del ni\u00f1o prematuro\u201d: \u201cLa familia de un reci\u00e9n nacido prematuro tiene derecho a la informaci\u00f3n y participaci\u00f3n en las decisiones sobre su salud a lo largo de toda su atenci\u00f3n neonatal y pedi\u00e1trica\u201d.<br \/>\nAs\u00ed tambi\u00e9n, el funcionario provincial hizo referencia a la importancia que tiene para la salud p\u00fablica brindar m\u00faltiples servicios profesionales con una profunda calidez humana.<\/p>\n<p style=\"text-align: justify;\">\u201cEs por eso que desde el Gobierno de la Provincia de Formosa se realizan inversiones millonarias en los distintos efectores, tales como las que se realizaron hace un par de semanas en equipamientos m\u00e9dicos, que son puestos a disposici\u00f3n de los pacientitos y sus familias, esto sumado a la calidad prestacional que ofrecen los profesionales de la salud quienes a diario dan lo mejor de s\u00ed para la pronta recuperaci\u00f3n y bienestar de cada integrante de las familias\u201d, record\u00f3.<\/p>\n<p style=\"text-align: justify;\">A su vez, destac\u00f3 y valor\u00f3 a cada uno de los profesionales que hacen posible que el servicio brindado sea de excelencia. \u201cVaya mi reconocimiento a quienes integran estos equipos de trabajos, muy especialmente al servicio de neonatolog\u00eda del Hospital de la Madre y el Ni\u00f1o, servicio de lactario, de pediatr\u00eda, nutrici\u00f3n, entre otros\u201d, expres\u00f3.<br \/>\nPor \u00faltimo, destac\u00f3 que El Hospital de la Madre y el Ni\u00f1o \u201ces un \u00edcono dentro de la Salud P\u00fablica provincial siendo tambi\u00e9n referente regional para la atenci\u00f3n de la madre y el ni\u00f1o\u201d.<\/p>\n<p style=\"text-align: justify;\"><strong>Concientizaci\u00f3n<\/strong><\/p>\n<p style=\"text-align: justify;\">Por su parte, la Dra. Norma Ben\u00edtez, pediatra neonat\u00f3loga del Hospital de La Madre y el Ni\u00f1o coment\u00f3 que la Semana del Prematuro les permite concientizar a la poblaci\u00f3n y a las familias los derechos del ni\u00f1o y del ni\u00f1o prematuro particularmente.<br \/>\nEste a\u00f1o, el servicio de neonatolog\u00eda del hospital y todos los que componen el seguimiento del prematuro realizar\u00e1n distintas actividades, como ser, capacitaci\u00f3n cardiopulmonar para padres y cuidadores de ni\u00f1os internados y para los que quieran asistir al taller que est\u00e1 previsto, el mi\u00e9rcoles 15 en el horario de 8 a 10 horas en el sal\u00f3n Amigos que est\u00e1 dentro del predio del hospital de La Madre y el Ni\u00f1o.<\/p>\n<p style=\"text-align: justify;\">Tambi\u00e9n se\u00f1al\u00f3 que se va a trabajar en la semana con charlas sobre la alimentaci\u00f3n del reci\u00e9n nacido prematuro, promoci\u00f3n de la lactancia y hablar de los derechos de los ni\u00f1os prematuros y el acompa\u00f1amiento a sus familias.<br \/>\n\u201cQue nazca un ni\u00f1o prematuro en la familia es un evento no esperado, siempre uno se hace la idea que el ni\u00f1o va a nacer de t\u00e9rmino, o sea que el hecho de que nazca prematuramente ya para esa familia es un acontecimiento no esperado\u201d, cont\u00f3.<\/p>\n<p style=\"text-align: justify;\">Por ese motivo, explic\u00f3 que la familia \u201ctiene derecho a todos los informes de las enfermedades o no que el ni\u00f1o padezca durante su internaci\u00f3n, por eso es que se dan informes m\u00e9dicos detallados en forma diaria, dos veces al d\u00eda, o las veces que el pacientito lo necesite. Se trata de acompa\u00f1ar la familia en lo m\u00e1ximo posible, la madre entra cada 3 horas para visitar y cuidar a su beb\u00e9\u201d.<\/p>\n<p style=\"text-align: justify;\">La m\u00e9dica dijo que en este proceso es fundamental que los pap\u00e1s acompa\u00f1en a su ni\u00f1o porque el crecimiento depende no solamente de la calidad m\u00e9dica que se le pueda dar, de la ciencia y el conocimiento cient\u00edfico, de la tecnolog\u00eda que existe en el servicio sino tambi\u00e9n el amor, cari\u00f1o y acompa\u00f1amiento que le puedan dar los pap\u00e1 a sus beb\u00e9s.<\/p>\n<p style=\"text-align: justify;\"><strong>Prematuros<\/strong><\/p>\n<p style=\"text-align: justify;\">Ben\u00edtez detall\u00f3 que los beb\u00e9s son considerados prematuros cuando nacen antes de las 37 semanas; los que se internan en la neonatolog\u00eda son prematuros y algunos beb\u00e9s a t\u00e9rminos pero que nacieron con alg\u00fan tipo de patolog\u00eda.<\/p>\n<p style=\"text-align: justify;\">\u201cEn el hospital trabajamos todo el a\u00f1o, no solo en la semana del prematuro, con charlas para la madre promocionando la lactancia materna y la alimentaci\u00f3n en el ni\u00f1o prematuro y los que por alg\u00fan motivo han pasado por la neonatolog\u00eda, tambi\u00e9n se hacen talleres de Reanimaci\u00f3n Cardio Pulmonar (RCP) para los padres y promoci\u00f3n de los cuidados del ni\u00f1o prematuro donde se trata de darle continuidad a lo que es la internaci\u00f3n en el servicio de neonatolog\u00eda, apoyando a los padres en el crecimiento de ese ni\u00f1o\u201d, concluy\u00f3.<\/p>\n<p style=\"text-align: justify;\">\n","protected":false},"excerpt":{"rendered":"<div class=\"mh-excerpt\"><p>El ministerio de Desarrollo Humano Formosa adhiere al lema de este a\u00f1o, en el marco de la Semana del Prematuro, que inicia este lunes 13 <a class=\"mh-excerpt-more\" href=\"https:\/\/primiciasclorinda.com\/?p=7248\" title=\"Activa \u201cSemana del reci\u00e9n nacido prematuro\u201d\">[&#8230;]<\/a><\/p>\n<\/div>","protected":false},"author":3,"featured_media":7249,"comment_status":"open","ping_status":"open","sticky":false,"template":"","format":"standard","meta":{"footnotes":""},"categories":[4],"tags":[23,35,1326],"class_list":["post-7248","post","type-post","status-publish","format-standard","has-post-thumbnail","hentry","category-informacion-general","tag-formosa","tag-salud-publica","tag-semana-del-prematuro"],"_links":{"self":[{"href":"https:\/\/primiciasclorinda.com\/index.php?rest_route=\/wp\/v2\/posts\/7248","targetHints":{"allow":["GET"]}}],"collection":[{"href":"https:\/\/primiciasclorinda.com\/index.php?rest_route=\/wp\/v2\/posts"}],"about":[{"href":"https:\/\/primiciasclorinda.com\/index.php?rest_route=\/wp\/v2\/types\/post"}],"author":[{"embeddable":true,"href":"https:\/\/primiciasclorinda.com\/index.php?rest_route=\/wp\/v2\/users\/3"}],"replies":[{"embeddable":true,"href":"https:\/\/primiciasclorinda.com\/index.php?rest_route=%2Fwp%2Fv2%2Fcomments&post=7248"}],"version-history":[{"count":2,"href":"https:\/\/primiciasclorinda.com\/index.php?rest_route=\/wp\/v2\/posts\/7248\/revisions"}],"predecessor-version":[{"id":7251,"href":"https:\/\/primiciasclorinda.com\/index.php?rest_route=\/wp\/v2\/posts\/7248\/revisions\/7251"}],"wp:featuredmedia":[{"embeddable":true,"href":"https:\/\/primiciasclorinda.com\/index.php?rest_route=\/wp\/v2\/media\/7249"}],"wp:attachment":[{"href":"https:\/\/primiciasclorinda.com\/index.php?rest_route=%2Fwp%2Fv2%2Fmedia&parent=7248"}],"wp:term":[{"taxonomy":"category","embeddable":true,"href":"https:\/\/primiciasclorinda.com\/index.php?rest_route=%2Fwp%2Fv2%2Fcategories&post=7248"},{"taxonomy":"post_tag","embeddable":true,"href":"https:\/\/primiciasclorinda.com\/index.php?rest_route=%2Fwp%2Fv2%2Ftags&post=7248"}],"curies":[{"name":"wp","href":"https:\/\/api.w.org\/{rel}","templated":true}]}}