{"id":69009,"date":"2025-12-29T09:07:32","date_gmt":"2025-12-29T12:07:32","guid":{"rendered":"https:\/\/primiciasclorinda.com\/?p=69009"},"modified":"2025-12-29T09:07:32","modified_gmt":"2025-12-29T12:07:32","slug":"formosa-es-la-jurisdiccion-del-pais-con-la-factura-electrica-mas-baja","status":"publish","type":"post","link":"https:\/\/primiciasclorinda.com\/?p=69009","title":{"rendered":"Formosa es la jurisdicci\u00f3n del pa\u00eds con la factura el\u00e9ctrica m\u00e1s baja"},"content":{"rendered":"\n<p><strong><em>Desde la consultora Politik\u00e9 explicaron que, tomando como fuente el Reporte del Observatorio de Tarifas y Subsidios del Instituto Interdisciplinario de Econom\u00eda Pol\u00edtica de la UBA-CONICET, se analizaron las tarifas el\u00e9ctricas de las jurisdicciones que integran la Rep\u00fablica Argentina.<\/em><\/strong><\/p>\n\n\n\n<p><strong>All\u00ed se observ\u00f3 el valor de las facturas el\u00e9ctricas (con impuestos y sin descuentos) para un consumo de 265 kwh\/mes para los niveles de ingresos bajos (N2) e ingresos medios (N3).<\/strong><\/p>\n\n\n\n<p><strong>Los resultados muestran que la factura promedio en el pa\u00eds para un hogar de ingresos bajos es de $45.912 mientras que para un hogar de ingresos medios asciende a $53.420. Al desglosar los datos por provincia, se distingui\u00f3 que Formosa es la jurisdicci\u00f3n del pa\u00eds con la factura el\u00e9ctrica m\u00e1s baja para ambos niveles de ingreso, con valores de $15.389 (N2: Ingresos Bajos) y $20.153 (N3: Ingresos Medios), a valores de diciembre de 2025.<\/strong><\/p>\n\n\n\n<p><strong>A nivel nacional, Formosa se ubica en el primer lugar entre las provincias con tarifas m\u00e1s bajas. Esta situaci\u00f3n se debe, en parte, a la existencia del subsidio \u201cEsfuerzo Formose\u00f1o\u201d, que beneficia al 90% de los usuarios de las categor\u00edas N2 y N3. Este subsidio cubre el valor agregado de distribuci\u00f3n (VAD) de la energ\u00eda el\u00e9ctrica, un componente de la factura determinado por el Gobierno nacional.<\/strong><\/p>\n\n\n\n<p><strong>En el caso de los hogares N2, el VAD representa el 29% de la factura total, por lo que el usuario solo paga $10.926,19 aproximadamente. De esta manera, queda en evidencia el impacto positivo de los subsidios aplicados a los sectores m\u00e1s vulnerables frente al constante aumento del precio de la distribuci\u00f3n de la energ\u00eda el\u00e9ctrica impuesto por el Gobierno nacional, posicionando de esta manera a Formosa como la provincia con la tarifa el\u00e9ctrica m\u00e1s baja del pa\u00eds, subrayaron desde la consultora.<\/strong><\/p>\n\n\n\n<p><strong>Los ajustes en el gasto p\u00fablico para mantener el super\u00e1vit fiscal y financiero<\/strong><\/p>\n\n\n\n<p><strong>Durante el mes de noviembre del 2025, de acuerdo a los datos de la Oficina Nacional de Presupuesto y al Centro de Econom\u00eda Pol\u00edtica Argentina (CEPA), el Sector P\u00fablico Nacional (SPN) registr\u00f3 un super\u00e1vit fiscal primario de $2,13 billones, mientras que, al pagar los intereses de la deuda (unos $1,53 billones), el resultado financiero reflej\u00f3 un saldo positivo para el SPN de $0,60 billones.<\/strong><\/p>\n\n\n\n<p><strong>Adem\u00e1s, se registraron ingresos por $11,4 billones y erogaciones por $9,27 billones. Esto demuestra que el ajuste en el gasto p\u00fablico por parte del actual Gobierno libertario sufri\u00f3 una reducci\u00f3n del 18,9% mensual en t\u00e9rminos reales y 14,2% interanual, indic\u00f3 Politik\u00e9.<\/strong><\/p>\n\n\n\n<p><strong>Al analizar los rubros donde m\u00e1s disminuy\u00f3 el gasto p\u00fablico, se evidenci\u00f3 que las prestaciones sociales sufrieron una baja del 10,6% i.a. que contiene partidas destinadas a jubilaciones y pensiones no contributivas, as\u00ed como tambi\u00e9n a programas destinados a los sectores m\u00e1s vulnerables como las Becas Progresar, Tarjeta Alimentar y Potenciar Trabajo.<\/strong><\/p>\n\n\n\n<p><strong>Como punto importante a destacar mencionaron tambi\u00e9n el fuerte ajuste y desfinanciamiento en el sector educativo, ya que las transferencias a las Universidades Nacionales experimentaron una ca\u00edda del 95,5% en comparaci\u00f3n con noviembre del 2024.<\/strong><\/p>\n\n\n\n<p><strong>Del mismo modo, puntualizaron que el desfinanciamiento a la educaci\u00f3n t\u00e9cnico profesional, con el recorte hist\u00f3rico realizado por el actual Gobierno del presidente Javier Milei para el a\u00f1o 2026, que implica una ca\u00edda acumulada del 93% respecto a lo ejecutado en 2023 en el Fondo Nacional para la Educaci\u00f3n T\u00e9cnico Profesional (FoNETP).<\/strong><\/p>\n\n\n\n<p><strong>Este ajuste se explica dentro de un recorte mucho mayor, ya que en el Presupuesto 2026 la Funci\u00f3n Educaci\u00f3n y Cultura presenta una ca\u00edda del 47,3% respecto a lo ejecutado en 2023, advirtieron y manifestaron que \u201cestas decisiones de la gesti\u00f3n nacional muestran un panorama ya conocido, el ajuste en \u00e1reas sensibles como educaci\u00f3n y programas de contenci\u00f3n social, con el objetivo de mantener un super\u00e1vit que no se traduce en mejoras para la vida diaria de los argentinos\u201d<\/strong><\/p>\n\n\n\n<p><strong>Actividad econ\u00f3mica<\/strong><\/p>\n\n\n\n<p><strong>Seg\u00fan el Estimador Mensual de Actividad Econ\u00f3mica (EMAE) publicado por el INDEC, la econom\u00eda argentina contin\u00faa mostrando se\u00f1ales de fragilidad, apuntaron desde la consultora. En octubre, la actividad registr\u00f3 una contracci\u00f3n mensual del 0,4%, en l\u00ednea con el estancamiento observado durante el tercer trimestre y fuertemente condicionada por la tensi\u00f3n financiera, que afect\u00f3 decisiones de inversi\u00f3n, consumo y producci\u00f3n.<\/strong><\/p>\n\n\n\n<p><strong>Si bien el \u00edndice general del EMAE alcanz\u00f3 en septiembre los 152,8 puntos \u2014lo que representa un crecimiento del 3,2% interanual frente a octubre de 2024 y del 3,5% respecto de octubre de 2023\u2014 este desempe\u00f1o agregado oculta una situaci\u00f3n heterog\u00e9nea entre sectores, consignaron.<\/strong><\/p>\n\n\n\n<p><strong>En ese sentido, se\u00f1alaron que los rubros con mejoras superiores al 10% apenas representan el 8,1% del empleo privado registrado, mientras que las actividades que muestran un deterioro respecto de 2023 concentran el 36,7% del empleo, lo que profundiza el riesgo de m\u00e1s despidos en un contexto donde ya se perdieron m\u00e1s de 250.000 puestos de trabajo desde la asunci\u00f3n del presidente Milei.<\/strong><\/p>\n\n\n\n<p><strong>Entre los sectores que explican la ca\u00edda mensual se destacan tres actividades clave. La industria manufacturera se contrajo 2,7% interanual, afectada por la sustituci\u00f3n del consumo hacia bienes importados, el aumento de costos y un menor uso de la capacidad instalada, que descendi\u00f3 al 61,0% frente al 63% de 2024.<\/strong><\/p>\n\n\n\n<p><strong>A su vez, la Administraci\u00f3n P\u00fablica y Defensa mostraron una baja del 0,8% en un escenario de recortes de personal y ajuste del gasto p\u00fablico. Por \u00faltimo, hoteler\u00eda y gastronom\u00eda cay\u00f3 1,0% interanual, reflejando la p\u00e9rdida de poder adquisitivo y la menor actividad tur\u00edstica.<\/strong><\/p>\n\n\n\n<p><strong>\u201cEn conjunto, los datos del EMAE revelan una econom\u00eda estancada y cada vez m\u00e1s desequilibrada entre sectores din\u00e1micos y sectores en retroceso, con riesgos crecientes para el empleo y la actividad productiva\u201d, recalcaron.<\/strong><\/p>\n\n\n\n<p><strong>BCRA<\/strong><\/p>\n\n\n\n<p><strong>Los \u00faltimos datos del BCRA muestran un deterioro profundo en la situaci\u00f3n financiera de las familias argentinas: en septiembre, la irregularidad en pr\u00e9stamos personales alcanz\u00f3 un r\u00e9cord del 9,9% y la mora en tarjetas de cr\u00e9dito lleg\u00f3 al 7,7%, ambos en m\u00e1ximos hist\u00f3ricos, alertaron.<\/strong><\/p>\n\n\n\n<p><strong>\u201cEstos indicadores llevan m\u00e1s de diez meses de suba continua y triplicaron sus niveles en un a\u00f1o, reflejando un problema estructural en los ingresos de los hogares. El endeudamiento dej\u00f3 de ser una herramienta de consumo y pas\u00f3 a ser un mecanismo de supervivencia para afrontar gastos b\u00e1sicos en un contexto de inflaci\u00f3n persistente, salarios rezagados y un Costo Financiero Total que supera el 100% anual\u201d, afirmaron.<\/strong><\/p>\n\n\n\n<p><strong>Se estima que un hogar promedio debe m\u00e1s del 130% de su salario mensual, lo que, sumado a tasas elevadas, vuelve impagables los saldos y convierte el pago del m\u00ednimo en una trampa financiera.<\/strong><\/p>\n\n\n\n<p><strong>A esto se suma la recesi\u00f3n, el aumento de la informalidad y la ca\u00edda de la calidad del empleo, que reducen a\u00fan m\u00e1s la capacidad de pago. As\u00ed, mientras algunos indicadores macroecon\u00f3micos sugieren una mejora parcial, la econom\u00eda cotidiana de las familias muestra un escenario de colapso financiero dom\u00e9stico, sostuvieron.<\/strong><\/p>\n\n\n\n<p><strong>Consumo masivo<\/strong><\/p>\n\n\n\n<p><strong>Al analizar el consumo masivo en la Argentina en el mes de noviembre del 2025, Politik\u00e9 precis\u00f3 que hubo un retroceso del -0,1% en su comparaci\u00f3n interanual con noviembre del 2024. Adem\u00e1s, al efectuar la comparaci\u00f3n intermensual, es decir noviembre del 2025 con octubre del 2025, pormenoriz\u00f3 que tambi\u00e9n hubo un retroceso del -1,8%.<\/strong><\/p>\n\n\n\n<p><strong>Dicho retroceso mensual se explica por la ca\u00edda en farmacias del -9,4%, de mayoristas del -6,2%, supermercados con un retroceso del 2,7%, autoservicios del -2,3% y kioscos -0,5. Por otra parte, solamente un rubro no mostr\u00f3 tendencia negativa en la comparaci\u00f3n intermensual, el de comercio electr\u00f3nico con 0,7%.<\/strong><\/p>\n\n\n<figure class=\"wp-block-post-featured-image\"><img loading=\"lazy\" decoding=\"async\" width=\"950\" height=\"600\" src=\"https:\/\/primiciasclorinda.com\/wp-content\/uploads\/2025\/12\/WhatsApp-Image-2025-12-26-at-8.30.18-PM-750x563-1.jpeg\" class=\"attachment-post-thumbnail size-post-thumbnail wp-post-image\" alt=\"\" style=\"object-fit:cover;\" srcset=\"https:\/\/primiciasclorinda.com\/wp-content\/uploads\/2025\/12\/WhatsApp-Image-2025-12-26-at-8.30.18-PM-750x563-1.jpeg 950w, https:\/\/primiciasclorinda.com\/wp-content\/uploads\/2025\/12\/WhatsApp-Image-2025-12-26-at-8.30.18-PM-750x563-1-300x189.jpeg 300w, https:\/\/primiciasclorinda.com\/wp-content\/uploads\/2025\/12\/WhatsApp-Image-2025-12-26-at-8.30.18-PM-750x563-1-475x300.jpeg 475w, https:\/\/primiciasclorinda.com\/wp-content\/uploads\/2025\/12\/WhatsApp-Image-2025-12-26-at-8.30.18-PM-750x563-1-768x485.jpeg 768w\" sizes=\"auto, (max-width: 950px) 100vw, 950px\" \/><\/figure>","protected":false},"excerpt":{"rendered":"<div class=\"mh-excerpt\"><p>Desde la consultora Politik\u00e9 explicaron que, tomando como fuente el Reporte del Observatorio de Tarifas y Subsidios del Instituto Interdisciplinario de Econom\u00eda Pol\u00edtica de la <a class=\"mh-excerpt-more\" href=\"https:\/\/primiciasclorinda.com\/?p=69009\" title=\"Formosa es la jurisdicci\u00f3n del pa\u00eds con la factura el\u00e9ctrica m\u00e1s baja\">[&#8230;]<\/a><\/p>\n<\/div>","protected":false},"author":3,"featured_media":68997,"comment_status":"open","ping_status":"open","sticky":false,"template":"","format":"standard","meta":{"footnotes":""},"categories":[3],"tags":[5825,5824],"class_list":["post-69009","post","type-post","status-publish","format-standard","has-post-thumbnail","hentry","category-politica-economia","tag-canasta-de-precios-provincias","tag-factura-electrica"],"_links":{"self":[{"href":"https:\/\/primiciasclorinda.com\/index.php?rest_route=\/wp\/v2\/posts\/69009","targetHints":{"allow":["GET"]}}],"collection":[{"href":"https:\/\/primiciasclorinda.com\/index.php?rest_route=\/wp\/v2\/posts"}],"about":[{"href":"https:\/\/primiciasclorinda.com\/index.php?rest_route=\/wp\/v2\/types\/post"}],"author":[{"embeddable":true,"href":"https:\/\/primiciasclorinda.com\/index.php?rest_route=\/wp\/v2\/users\/3"}],"replies":[{"embeddable":true,"href":"https:\/\/primiciasclorinda.com\/index.php?rest_route=%2Fwp%2Fv2%2Fcomments&post=69009"}],"version-history":[{"count":1,"href":"https:\/\/primiciasclorinda.com\/index.php?rest_route=\/wp\/v2\/posts\/69009\/revisions"}],"predecessor-version":[{"id":69010,"href":"https:\/\/primiciasclorinda.com\/index.php?rest_route=\/wp\/v2\/posts\/69009\/revisions\/69010"}],"wp:featuredmedia":[{"embeddable":true,"href":"https:\/\/primiciasclorinda.com\/index.php?rest_route=\/wp\/v2\/media\/68997"}],"wp:attachment":[{"href":"https:\/\/primiciasclorinda.com\/index.php?rest_route=%2Fwp%2Fv2%2Fmedia&parent=69009"}],"wp:term":[{"taxonomy":"category","embeddable":true,"href":"https:\/\/primiciasclorinda.com\/index.php?rest_route=%2Fwp%2Fv2%2Fcategories&post=69009"},{"taxonomy":"post_tag","embeddable":true,"href":"https:\/\/primiciasclorinda.com\/index.php?rest_route=%2Fwp%2Fv2%2Ftags&post=69009"}],"curies":[{"name":"wp","href":"https:\/\/api.w.org\/{rel}","templated":true}]}}