{"id":68995,"date":"2025-12-29T09:01:19","date_gmt":"2025-12-29T12:01:19","guid":{"rendered":"https:\/\/primiciasclorinda.com\/?p=68995"},"modified":"2025-12-29T09:01:19","modified_gmt":"2025-12-29T12:01:19","slug":"impacto-en-la-formula-1-la-polemica-decision-sobre-las-denuncias-entre-los-equipos-para-2026","status":"publish","type":"post","link":"https:\/\/primiciasclorinda.com\/?p=68995","title":{"rendered":"Impacto en la F\u00f3rmula 1: la pol\u00e9mica decisi\u00f3n sobre las denuncias entre los equipos para 2026"},"content":{"rendered":"\n<p><strong>En medio de la controversia por los motores de Mercedes, las escuder\u00edas tendr\u00e1n una dificultad para elevar protestas ante la FIA<\/strong><\/p>\n\n\n\n<p><strong>A partir de la temporada 2026,&nbsp;la Federaci\u00f3n Internacional del Autom\u00f3vil (FIA)&nbsp;encarecer\u00e1 de forma sustancial los dep\u00f3sitos necesarios para presentar protestas, revisiones e investigaciones t\u00e9cnicas en la&nbsp;F\u00f3rmula 1, una decisi\u00f3n orientada a frenar las quejas consideradas poco fundamentadas y a agilizar la resoluci\u00f3n de resultados deportivos.<\/strong><\/p>\n\n\n\n<p><strong>El dinero requerido para iniciar estos procedimientos alcanzar\u00e1 cifras mucho m\u00e1s elevadas, lo que responde tanto a la necesidad de&nbsp;limitar los recursos destinados por los equipos a este tipo de acciones&nbsp;como de robustecer la transparencia del sistema, seg\u00fan el \u00faltimo borrador del reglamento deportivo aprobado en diciembre por el&nbsp;Consejo Mundial del Deporte Motor de la FIA.<\/strong><\/p>\n\n\n\n<p><strong>Esta reforma supone cambios profundos no solo en el monto de los dep\u00f3sitos, sino tambi\u00e9n en el modo en que se computan para el l\u00edmite presupuestario de los equipos. La cantidad invertida en quejas se deducir\u00e1 del tope de gastos, obligando a las escuder\u00edas a asignar recursos de su presupuesto anual a esta partida.<\/strong><\/p>\n\n\n\n<p><strong>ntre las novedades, destaca&nbsp;la imposici\u00f3n de un importe de 20.000 euros (23.500 d\u00f3lares)&nbsp;por cada solicitud de revisi\u00f3n, una medida que pretende reducir el volumen de reclamaciones y facilitar la certidumbre en los resultados.<\/strong><\/p>\n\n\n\n<p><strong>La ra\u00edz de estos cambios se encuentra en la reuni\u00f3n de la&nbsp;Comisi\u00f3n de F\u00f3rmula 1&nbsp;celebrada en julio, cuando el \u00f3rgano, presidido por&nbsp;Stefano Domenicali&nbsp;(CEO de la F1) y&nbsp;Nicolas Tombazis&nbsp;(responsable de los monopostos de la F1), analiz\u00f3 los reiterados episodios de protestas tard\u00edas e investigaciones que dilataron la confirmaci\u00f3n de resultados finales. La preocupaci\u00f3n se hizo evidente tras los incidentes protagonizados en el primer semestre de 2025 por&nbsp;Red Bull, entonces bajo la direcci\u00f3n de&nbsp;Christian Horner. En dicha ocasi\u00f3n,&nbsp;la escuder\u00eda austr\u00edaca present\u00f3 dos quejas formales contra&nbsp;George Russell: la primera, durante el&nbsp;Gran Premio de Miami, por alegada falta de reducci\u00f3n de la velocidad bajo banderas amarillas; la segunda, en&nbsp;Canad\u00e1, por presunta infracci\u00f3n de la distancia m\u00ednima con el auto de seguridad, luego de que&nbsp;Max Verstappen&nbsp;superara a dicho corredor ingl\u00e9s tras una frenada intensa. Ambas demandas terminaron desestimadas por la FIA<\/strong><\/p>\n\n\n\n<p><strong>Esta secuencia de acontecimientos provoc\u00f3 malestar generalizado entre los equipos, inquietos ante la prolongada incertidumbre despu\u00e9s de las carreras. De ah\u00ed la voluntad de implementar un marco regulatorio m\u00e1s estricto, dise\u00f1ado para disuadir las reclamaciones infundadas y agilizar los procesos.<\/strong><\/p>\n\n\n\n<p><strong>El propio&nbsp;George Russell&nbsp;valor\u00f3 el cambio y subray\u00f3 la insuficiencia del sistema anterior al afirmar: \u201cUn dep\u00f3sito de 2.000 euros (2.350 d\u00f3lares) para equipos que generan millones de d\u00f3lares en beneficios no es ni remotamente suficiente.&nbsp;Los equipos no se lo pensar\u00e1n dos veces antes de ganar m\u00e1s. Si fuera una suma de seis cifras, estoy seguro de que se lo pensar\u00edan dos veces antes de hacerlo\u00bb.<\/strong><\/p>\n\n\n\n<p><strong>El paquete aprobado por la FIA tambi\u00e9n contempla un incremento en las tarifas correspondientes a investigaciones t\u00e9cnicas de veh\u00edculos rivales, consolidando el prop\u00f3sito de reforzar el rigor y la transparencia en el sistema de quejas deportivas. La entidad reiter\u00f3 que, aunque los dep\u00f3sitos pueden ser reembolsados si la protesta prospera, su sola existencia y magnitud aspiran a filtrar el volumen de reclamaciones frente a los comisarios.<\/strong><\/p>\n\n\n\n<p><strong>Las modificaciones, adem\u00e1s, actualizan el procedimiento para la presentaci\u00f3n de apelaciones por parte de equipos y pilotos, que ahora afrontar\u00e1n un umbral econ\u00f3mico m\u00e1s exigente para movilizar el mecanismo sancionador.<\/strong><\/p>\n\n\n\n<p><strong>Esta novedad se da en el marco de la pol\u00e9mica por la comprensi\u00f3n de los nuevos motores de&nbsp;Mercedes&nbsp;que logran una mayor potencia sobre el resto. El pr\u00f3ximo viernes 2 de enero se reanudar\u00e1 la actividad en las f\u00e1bricas y bases de los equipos. Se trata de uno de los recesos m\u00e1s cortos en 75 a\u00f1os de historia de la F1, debido al dr\u00e1stico cambio del reglamento t\u00e9cnico y del 26 al 30 de enero se llevar\u00e1n a cabo los tests privados de pretemporada en Barcelona<\/strong><\/p>\n\n\n<figure class=\"wp-block-post-featured-image\"><img loading=\"lazy\" decoding=\"async\" width=\"950\" height=\"600\" src=\"https:\/\/primiciasclorinda.com\/wp-content\/uploads\/2025\/12\/cambiosenf1-4.jpg\" class=\"attachment-post-thumbnail size-post-thumbnail wp-post-image\" alt=\"\" style=\"object-fit:cover;\" srcset=\"https:\/\/primiciasclorinda.com\/wp-content\/uploads\/2025\/12\/cambiosenf1-4.jpg 950w, https:\/\/primiciasclorinda.com\/wp-content\/uploads\/2025\/12\/cambiosenf1-4-300x189.jpg 300w, https:\/\/primiciasclorinda.com\/wp-content\/uploads\/2025\/12\/cambiosenf1-4-475x300.jpg 475w, https:\/\/primiciasclorinda.com\/wp-content\/uploads\/2025\/12\/cambiosenf1-4-768x485.jpg 768w\" sizes=\"auto, (max-width: 950px) 100vw, 950px\" \/><\/figure>","protected":false},"excerpt":{"rendered":"<div class=\"mh-excerpt\"><p>En medio de la controversia por los motores de Mercedes, las escuder\u00edas tendr\u00e1n una dificultad para elevar protestas ante la FIA A partir de la <a class=\"mh-excerpt-more\" href=\"https:\/\/primiciasclorinda.com\/?p=68995\" title=\"Impacto en la F\u00f3rmula 1: la pol\u00e9mica decisi\u00f3n sobre las denuncias entre los equipos para 2026\">[&#8230;]<\/a><\/p>\n<\/div>","protected":false},"author":3,"featured_media":68999,"comment_status":"open","ping_status":"open","sticky":false,"template":"","format":"standard","meta":{"footnotes":""},"categories":[5],"tags":[5820],"class_list":["post-68995","post","type-post","status-publish","format-standard","has-post-thumbnail","hentry","category-deportes","tag-f1-modificaciones-2026"],"_links":{"self":[{"href":"https:\/\/primiciasclorinda.com\/index.php?rest_route=\/wp\/v2\/posts\/68995","targetHints":{"allow":["GET"]}}],"collection":[{"href":"https:\/\/primiciasclorinda.com\/index.php?rest_route=\/wp\/v2\/posts"}],"about":[{"href":"https:\/\/primiciasclorinda.com\/index.php?rest_route=\/wp\/v2\/types\/post"}],"author":[{"embeddable":true,"href":"https:\/\/primiciasclorinda.com\/index.php?rest_route=\/wp\/v2\/users\/3"}],"replies":[{"embeddable":true,"href":"https:\/\/primiciasclorinda.com\/index.php?rest_route=%2Fwp%2Fv2%2Fcomments&post=68995"}],"version-history":[{"count":1,"href":"https:\/\/primiciasclorinda.com\/index.php?rest_route=\/wp\/v2\/posts\/68995\/revisions"}],"predecessor-version":[{"id":69004,"href":"https:\/\/primiciasclorinda.com\/index.php?rest_route=\/wp\/v2\/posts\/68995\/revisions\/69004"}],"wp:featuredmedia":[{"embeddable":true,"href":"https:\/\/primiciasclorinda.com\/index.php?rest_route=\/wp\/v2\/media\/68999"}],"wp:attachment":[{"href":"https:\/\/primiciasclorinda.com\/index.php?rest_route=%2Fwp%2Fv2%2Fmedia&parent=68995"}],"wp:term":[{"taxonomy":"category","embeddable":true,"href":"https:\/\/primiciasclorinda.com\/index.php?rest_route=%2Fwp%2Fv2%2Fcategories&post=68995"},{"taxonomy":"post_tag","embeddable":true,"href":"https:\/\/primiciasclorinda.com\/index.php?rest_route=%2Fwp%2Fv2%2Ftags&post=68995"}],"curies":[{"name":"wp","href":"https:\/\/api.w.org\/{rel}","templated":true}]}}