{"id":6761,"date":"2017-10-10T16:19:05","date_gmt":"2017-10-10T19:19:05","guid":{"rendered":"http:\/\/primiciasclorinda.com\/?p=6761"},"modified":"2017-10-10T16:19:05","modified_gmt":"2017-10-10T19:19:05","slug":"el-ministro-ramiro-fernandez-patri-visito-clorinda-y-charlo-con-bds","status":"publish","type":"post","link":"https:\/\/primiciasclorinda.com\/?p=6761","title":{"rendered":"El Ministro Ramiro Fern\u00e1ndez Patri visit\u00f3 Clorinda y charl\u00f3 con #BDS"},"content":{"rendered":"<p style=\"text-align: justify;\">El Ministro de Turismo, Ramiro Fern\u00e1ndez Patri, visit\u00f3 Clorinda para participar del acto de entrega de viviendas que se realiz\u00f3 el pasado viernes en las instalaciones del CASAN con la presencia del gobernador Gildo Insfr\u00e1n. El ministro charl\u00f3 con el programa Bien de S\u00e1bado y se comprometi\u00f3 a visitar los estudios de Canal 10. <strong>Mir\u00e1 la nota completa.\u00a0<\/strong><\/p>\n<p style=\"text-align: justify;\">En su visita el actual ministro y candidato como Diputado Nacional, inform\u00f3 que antes de fin de a\u00f1o visitar\u00e1 los estudios de Canal 10 de la Cooperativa Clorinda para participar del programa Bien de S\u00e1bado que conduce Ernesto Veragua y Mar\u00eda Emilia Ferreiros.<\/p>\n<p style=\"text-align: justify;\">A su vez el ministro se refiri\u00f3 a la importancia del turismo como actividad comercial para la ciudad de Clorinda, y explic\u00f3 que han lanzado un pr\u00e9stamo accesible a trav\u00e9s del Banco de Formosa para fomentar los emprendimientos tur\u00edsticos.<\/p>\n<p><strong>Mir\u00e1 la nota completa:\u00a0<\/strong><\/p>\n<p><iframe loading=\"lazy\" title=\"Ramiro Farn\u00e1ndez  Patri con #BDS en Clorinda\" width=\"500\" height=\"375\" src=\"https:\/\/www.youtube.com\/embed\/o9HOzou28gU?feature=oembed\" frameborder=\"0\" allow=\"accelerometer; autoplay; clipboard-write; encrypted-media; gyroscope; picture-in-picture; web-share\" referrerpolicy=\"strict-origin-when-cross-origin\" allowfullscreen><\/iframe><\/p>\n","protected":false},"excerpt":{"rendered":"<div class=\"mh-excerpt\"><p>El Ministro de Turismo, Ramiro Fern\u00e1ndez Patri, visit\u00f3 Clorinda para participar del acto de entrega de viviendas que se realiz\u00f3 el pasado viernes en las <a class=\"mh-excerpt-more\" href=\"https:\/\/primiciasclorinda.com\/?p=6761\" title=\"El Ministro Ramiro Fern\u00e1ndez Patri visit\u00f3 Clorinda y charl\u00f3 con #BDS\">[&#8230;]<\/a><\/p>\n<\/div>","protected":false},"author":3,"featured_media":6762,"comment_status":"open","ping_status":"open","sticky":false,"template":"","format":"standard","meta":{"footnotes":""},"categories":[4],"tags":[1205,1030,26,23,1103,16],"class_list":["post-6761","post","type-post","status-publish","format-standard","has-post-thumbnail","hentry","category-informacion-general","tag-bds","tag-bien-de-sabado","tag-clorinda","tag-formosa","tag-ramiro-fernandez-patri","tag-turismo"],"_links":{"self":[{"href":"https:\/\/primiciasclorinda.com\/index.php?rest_route=\/wp\/v2\/posts\/6761","targetHints":{"allow":["GET"]}}],"collection":[{"href":"https:\/\/primiciasclorinda.com\/index.php?rest_route=\/wp\/v2\/posts"}],"about":[{"href":"https:\/\/primiciasclorinda.com\/index.php?rest_route=\/wp\/v2\/types\/post"}],"author":[{"embeddable":true,"href":"https:\/\/primiciasclorinda.com\/index.php?rest_route=\/wp\/v2\/users\/3"}],"replies":[{"embeddable":true,"href":"https:\/\/primiciasclorinda.com\/index.php?rest_route=%2Fwp%2Fv2%2Fcomments&post=6761"}],"version-history":[{"count":1,"href":"https:\/\/primiciasclorinda.com\/index.php?rest_route=\/wp\/v2\/posts\/6761\/revisions"}],"predecessor-version":[{"id":6763,"href":"https:\/\/primiciasclorinda.com\/index.php?rest_route=\/wp\/v2\/posts\/6761\/revisions\/6763"}],"wp:featuredmedia":[{"embeddable":true,"href":"https:\/\/primiciasclorinda.com\/index.php?rest_route=\/wp\/v2\/media\/6762"}],"wp:attachment":[{"href":"https:\/\/primiciasclorinda.com\/index.php?rest_route=%2Fwp%2Fv2%2Fmedia&parent=6761"}],"wp:term":[{"taxonomy":"category","embeddable":true,"href":"https:\/\/primiciasclorinda.com\/index.php?rest_route=%2Fwp%2Fv2%2Fcategories&post=6761"},{"taxonomy":"post_tag","embeddable":true,"href":"https:\/\/primiciasclorinda.com\/index.php?rest_route=%2Fwp%2Fv2%2Ftags&post=6761"}],"curies":[{"name":"wp","href":"https:\/\/api.w.org\/{rel}","templated":true}]}}