{"id":6553,"date":"2017-09-24T10:01:02","date_gmt":"2017-09-24T13:01:02","guid":{"rendered":"http:\/\/primiciasclorinda.com\/?p=6553"},"modified":"2017-09-24T10:02:35","modified_gmt":"2017-09-24T13:02:35","slug":"se-realizo-el-festival-confluencias-del-arte-en-clorinda","status":"publish","type":"post","link":"https:\/\/primiciasclorinda.com\/?p=6553","title":{"rendered":"Se realiz\u00f3 el Festival Confluencias del Arte en Clorinda"},"content":{"rendered":"<p style=\"text-align: justify;\">Organizado por Innovar Arte y Cultura se realiz\u00f3 el Festival de Confluencias del Arte en Clorinda, el mismo comenz\u00f3 el jueves pasado y culmin\u00f3 en la noche del s\u00e1bado en el edificio de la C\u00e1mara de Comercio. Del evento participaron artistas de todo el pa\u00eds y de otros pa\u00edses del Mercosur.<\/p>\n<p style=\"text-align: justify;\">Artistas pl\u00e1sticos, esc\u00e9nicos, m\u00fasicos y performances de todo tipo tuvieron cita en Clorinda durante tres d\u00edas. Entre las performance se realizaron relatos de poes\u00eda \u00abbien de cerca\u00bb como sucedi\u00f3 en la Plaza San Mart\u00edn por parte de un art\u00edstica paraguayo, hubo tambi\u00e9n performance en el R\u00edo Pilcomayo, en una idea de interactuar y entremezclar los r\u00edos de aqu\u00ed y de all\u00e1 intercambiando objetos de un lugar a otro, Pilcomayo &#8211; R\u00edo de la Plata.<\/p>\n<p style=\"text-align: justify;\">A su vez tambi\u00e9n participaron m\u00fasicos reconocidos como el concertista Chey Ramos en la presentaci\u00f3n del evento, lo mismo ocurri\u00f3 en el cierre con grupos como Capotei y Arka.<\/p>\n<p style=\"text-align: justify;\">Para conocer m\u00e1s sobre el evento organizado por Walter Taponier recomendamos visitar su fanpage:\u00a0<a href=\"https:\/\/www.facebook.com\/profile.php?id=100009264249051\">https:\/\/www.facebook.com\/profile.php?id=100009264249051<\/a><\/p>\n<p style=\"text-align: justify;\"><img loading=\"lazy\" decoding=\"async\" class=\"alignnone size-full wp-image-6555\" src=\"http:\/\/primiciasclorinda.com\/wp-content\/uploads\/2017\/09\/2.jpg\" alt=\"\" width=\"960\" height=\"530\" srcset=\"https:\/\/primiciasclorinda.com\/wp-content\/uploads\/2017\/09\/2.jpg 960w, https:\/\/primiciasclorinda.com\/wp-content\/uploads\/2017\/09\/2-300x166.jpg 300w, https:\/\/primiciasclorinda.com\/wp-content\/uploads\/2017\/09\/2-768x424.jpg 768w, https:\/\/primiciasclorinda.com\/wp-content\/uploads\/2017\/09\/2-543x300.jpg 543w\" sizes=\"auto, (max-width: 960px) 100vw, 960px\" \/><\/p>\n<p style=\"text-align: justify;\"><img loading=\"lazy\" decoding=\"async\" class=\"alignnone size-full wp-image-6556\" src=\"http:\/\/primiciasclorinda.com\/wp-content\/uploads\/2017\/09\/3.jpg\" alt=\"\" width=\"734\" height=\"496\" srcset=\"https:\/\/primiciasclorinda.com\/wp-content\/uploads\/2017\/09\/3.jpg 734w, https:\/\/primiciasclorinda.com\/wp-content\/uploads\/2017\/09\/3-300x203.jpg 300w, https:\/\/primiciasclorinda.com\/wp-content\/uploads\/2017\/09\/3-444x300.jpg 444w\" sizes=\"auto, (max-width: 734px) 100vw, 734px\" \/><\/p>\n","protected":false},"excerpt":{"rendered":"<div class=\"mh-excerpt\"><p>Organizado por Innovar Arte y Cultura se realiz\u00f3 el Festival de Confluencias del Arte en Clorinda, el mismo comenz\u00f3 el jueves pasado y culmin\u00f3 en <a class=\"mh-excerpt-more\" href=\"https:\/\/primiciasclorinda.com\/?p=6553\" title=\"Se realiz\u00f3 el Festival Confluencias del Arte en Clorinda\">[&#8230;]<\/a><\/p>\n<\/div>","protected":false},"author":3,"featured_media":6554,"comment_status":"open","ping_status":"open","sticky":false,"template":"","format":"standard","meta":{"footnotes":""},"categories":[4,6],"tags":[26,1204],"class_list":["post-6553","post","type-post","status-publish","format-standard","has-post-thumbnail","hentry","category-informacion-general","category-cultura","tag-clorinda","tag-festival-confluencias-del-arte"],"_links":{"self":[{"href":"https:\/\/primiciasclorinda.com\/index.php?rest_route=\/wp\/v2\/posts\/6553","targetHints":{"allow":["GET"]}}],"collection":[{"href":"https:\/\/primiciasclorinda.com\/index.php?rest_route=\/wp\/v2\/posts"}],"about":[{"href":"https:\/\/primiciasclorinda.com\/index.php?rest_route=\/wp\/v2\/types\/post"}],"author":[{"embeddable":true,"href":"https:\/\/primiciasclorinda.com\/index.php?rest_route=\/wp\/v2\/users\/3"}],"replies":[{"embeddable":true,"href":"https:\/\/primiciasclorinda.com\/index.php?rest_route=%2Fwp%2Fv2%2Fcomments&post=6553"}],"version-history":[{"count":1,"href":"https:\/\/primiciasclorinda.com\/index.php?rest_route=\/wp\/v2\/posts\/6553\/revisions"}],"predecessor-version":[{"id":6557,"href":"https:\/\/primiciasclorinda.com\/index.php?rest_route=\/wp\/v2\/posts\/6553\/revisions\/6557"}],"wp:featuredmedia":[{"embeddable":true,"href":"https:\/\/primiciasclorinda.com\/index.php?rest_route=\/wp\/v2\/media\/6554"}],"wp:attachment":[{"href":"https:\/\/primiciasclorinda.com\/index.php?rest_route=%2Fwp%2Fv2%2Fmedia&parent=6553"}],"wp:term":[{"taxonomy":"category","embeddable":true,"href":"https:\/\/primiciasclorinda.com\/index.php?rest_route=%2Fwp%2Fv2%2Fcategories&post=6553"},{"taxonomy":"post_tag","embeddable":true,"href":"https:\/\/primiciasclorinda.com\/index.php?rest_route=%2Fwp%2Fv2%2Ftags&post=6553"}],"curies":[{"name":"wp","href":"https:\/\/api.w.org\/{rel}","templated":true}]}}