{"id":6543,"date":"2017-09-24T09:30:58","date_gmt":"2017-09-24T12:30:58","guid":{"rendered":"http:\/\/primiciasclorinda.com\/?p=6543"},"modified":"2017-09-24T09:30:58","modified_gmt":"2017-09-24T12:30:58","slug":"la-familia-de-santiago-maldonado-convoco-a-marchar-a-plaza-de-mayo-el-1-de-octubre","status":"publish","type":"post","link":"https:\/\/primiciasclorinda.com\/?p=6543","title":{"rendered":"La familia de Santiago Maldonado convoc\u00f3 a marchar a Plaza de Mayo el 1 de octubre"},"content":{"rendered":"<p>\u201cNecesitamos que se sumen y nos acompa\u00f1en en este pedido urgente\u00bb, indic\u00f3 Sergio Maldonado, hermano de Santiago.<\/p>\n<p>El hermano de Santiago Maldonado, Sergio, convoc\u00f3 a una movilizaci\u00f3n a Plaza de Mayo para el domingo 1 de octubre, cuando se cumplan dos meses de la desaparici\u00f3n del joven artesano, visto por \u00faltima vez en el Pu Lof de Cushamen, en el noroeste de Chubut, tras un operativo de Gendarmer\u00eda en ese lugar.<\/p>\n<p>\u201cA dos meses de la desaparici\u00f3n de Santiago les pido que nos movilicemos a Plaza de Mayo, a partir de las 15 para reclamar la aparici\u00f3n con vida de Santiago. Quiero pedirles que se sumen a las actividades que habr\u00e1 en distintos lugares el pa\u00eds\u201d, se\u00f1al\u00f3 Sergio Maldonado a trav\u00e9s de un audio difundido en la p\u00e1gina web que abri\u00f3 la familia y que tambi\u00e9n circula por las redes sociales.<\/p>\n<p>Sergio pidi\u00f3 que quienes concurran a las distintas movilizaciones por su hermano lo hagan \u201cm\u00e1s all\u00e1 de cuestiones partidarias\u201d.<\/p>\n<p>\u201cNecesitamos que se sumen y nos acompa\u00f1en en este pedido urgente. La desaparici\u00f3n de mi hermano es un tema que nos involucra a todos\u201d, remarc\u00f3.<\/p>\n","protected":false},"excerpt":{"rendered":"<div class=\"mh-excerpt\"><p>\u201cNecesitamos que se sumen y nos acompa\u00f1en en este pedido urgente\u00bb, indic\u00f3 Sergio Maldonado, hermano de Santiago. El hermano de Santiago Maldonado, Sergio, convoc\u00f3 a <a class=\"mh-excerpt-more\" href=\"https:\/\/primiciasclorinda.com\/?p=6543\" title=\"La familia de Santiago Maldonado convoc\u00f3 a marchar a Plaza de Mayo el 1 de octubre\">[&#8230;]<\/a><\/p>\n<\/div>","protected":false},"author":3,"featured_media":5913,"comment_status":"open","ping_status":"open","sticky":false,"template":"","format":"standard","meta":{"footnotes":""},"categories":[3],"tags":[1092],"class_list":["post-6543","post","type-post","status-publish","format-standard","has-post-thumbnail","hentry","category-politica-economia","tag-santiago-maldonado"],"_links":{"self":[{"href":"https:\/\/primiciasclorinda.com\/index.php?rest_route=\/wp\/v2\/posts\/6543","targetHints":{"allow":["GET"]}}],"collection":[{"href":"https:\/\/primiciasclorinda.com\/index.php?rest_route=\/wp\/v2\/posts"}],"about":[{"href":"https:\/\/primiciasclorinda.com\/index.php?rest_route=\/wp\/v2\/types\/post"}],"author":[{"embeddable":true,"href":"https:\/\/primiciasclorinda.com\/index.php?rest_route=\/wp\/v2\/users\/3"}],"replies":[{"embeddable":true,"href":"https:\/\/primiciasclorinda.com\/index.php?rest_route=%2Fwp%2Fv2%2Fcomments&post=6543"}],"version-history":[{"count":1,"href":"https:\/\/primiciasclorinda.com\/index.php?rest_route=\/wp\/v2\/posts\/6543\/revisions"}],"predecessor-version":[{"id":6544,"href":"https:\/\/primiciasclorinda.com\/index.php?rest_route=\/wp\/v2\/posts\/6543\/revisions\/6544"}],"wp:featuredmedia":[{"embeddable":true,"href":"https:\/\/primiciasclorinda.com\/index.php?rest_route=\/wp\/v2\/media\/5913"}],"wp:attachment":[{"href":"https:\/\/primiciasclorinda.com\/index.php?rest_route=%2Fwp%2Fv2%2Fmedia&parent=6543"}],"wp:term":[{"taxonomy":"category","embeddable":true,"href":"https:\/\/primiciasclorinda.com\/index.php?rest_route=%2Fwp%2Fv2%2Fcategories&post=6543"},{"taxonomy":"post_tag","embeddable":true,"href":"https:\/\/primiciasclorinda.com\/index.php?rest_route=%2Fwp%2Fv2%2Ftags&post=6543"}],"curies":[{"name":"wp","href":"https:\/\/api.w.org\/{rel}","templated":true}]}}