{"id":6306,"date":"2017-09-08T07:51:57","date_gmt":"2017-09-08T10:51:57","guid":{"rendered":"http:\/\/primiciasclorinda.com\/?p=6306"},"modified":"2017-09-08T07:51:57","modified_gmt":"2017-09-08T10:51:57","slug":"macri-presenta-un-programa-de-microcreditos-para-jovenes","status":"publish","type":"post","link":"https:\/\/primiciasclorinda.com\/?p=6306","title":{"rendered":"Macri presenta un programa de microcr\u00e9ditos para j\u00f3venes"},"content":{"rendered":"<p style=\"text-align: justify;\">La actividad se llevar\u00e1 a cabo a las 12.15 en la Nave de las Ciencias del predio ubicado en la localidad de Villa Martelli, partido de Vicente L\u00f3pez.<\/p>\n<p style=\"text-align: justify;\">El presidente Mauricio Macri encabezar\u00e1 este mediod\u00eda en Tecn\u00f3polis el acto de presentaci\u00f3n de un programa de microcr\u00e9ditos para j\u00f3venes emprendedores bonaerenses que se encuentren en situaci\u00f3n de vulnerabilidad social y tengan proyectos para desarrollar un emprendimiento propio.<\/p>\n<p style=\"text-align: justify;\">La actividad se llevar\u00e1 a cabo a las 12.15 en la Nave de las Ciencias del predio ubicado en la localidad de Villa Martelli, partido de Vicente L\u00f3pez.<\/p>\n<p style=\"text-align: justify;\">Junto al Presidente estar\u00e1 la ministra de Desarrollo Social, Carolina Stanley.<\/p>\n<p style=\"text-align: justify;\">De acuerdo a lo informado, el programa de microcr\u00e9ditos que lanzar\u00e1 Macri est\u00e1 destinado a j\u00f3venes de entre 18 y 29 a\u00f1os de la provincia de Buenos Aires que se encuentren en situaci\u00f3n de vulnerabilidad social y tengan proyectos para desarrollar un emprendimiento propio.<\/p>\n<p style=\"text-align: justify;\">Previamente, a las 10.50, el jefe de Estado presidir\u00e1 en la residencia de Olivos una reuni\u00f3n de coordinaci\u00f3n de gobierno.<\/p>\n","protected":false},"excerpt":{"rendered":"<div class=\"mh-excerpt\"><p>La actividad se llevar\u00e1 a cabo a las 12.15 en la Nave de las Ciencias del predio ubicado en la localidad de Villa Martelli, partido <a class=\"mh-excerpt-more\" href=\"https:\/\/primiciasclorinda.com\/?p=6306\" title=\"Macri presenta un programa de microcr\u00e9ditos para j\u00f3venes\">[&#8230;]<\/a><\/p>\n<\/div>","protected":false},"author":3,"featured_media":4123,"comment_status":"open","ping_status":"open","sticky":false,"template":"","format":"standard","meta":{"footnotes":""},"categories":[3],"tags":[1157,13],"class_list":["post-6306","post","type-post","status-publish","format-standard","has-post-thumbnail","hentry","category-politica-economia","tag-jovenes","tag-mauricio-macri"],"_links":{"self":[{"href":"https:\/\/primiciasclorinda.com\/index.php?rest_route=\/wp\/v2\/posts\/6306","targetHints":{"allow":["GET"]}}],"collection":[{"href":"https:\/\/primiciasclorinda.com\/index.php?rest_route=\/wp\/v2\/posts"}],"about":[{"href":"https:\/\/primiciasclorinda.com\/index.php?rest_route=\/wp\/v2\/types\/post"}],"author":[{"embeddable":true,"href":"https:\/\/primiciasclorinda.com\/index.php?rest_route=\/wp\/v2\/users\/3"}],"replies":[{"embeddable":true,"href":"https:\/\/primiciasclorinda.com\/index.php?rest_route=%2Fwp%2Fv2%2Fcomments&post=6306"}],"version-history":[{"count":1,"href":"https:\/\/primiciasclorinda.com\/index.php?rest_route=\/wp\/v2\/posts\/6306\/revisions"}],"predecessor-version":[{"id":6307,"href":"https:\/\/primiciasclorinda.com\/index.php?rest_route=\/wp\/v2\/posts\/6306\/revisions\/6307"}],"wp:featuredmedia":[{"embeddable":true,"href":"https:\/\/primiciasclorinda.com\/index.php?rest_route=\/wp\/v2\/media\/4123"}],"wp:attachment":[{"href":"https:\/\/primiciasclorinda.com\/index.php?rest_route=%2Fwp%2Fv2%2Fmedia&parent=6306"}],"wp:term":[{"taxonomy":"category","embeddable":true,"href":"https:\/\/primiciasclorinda.com\/index.php?rest_route=%2Fwp%2Fv2%2Fcategories&post=6306"},{"taxonomy":"post_tag","embeddable":true,"href":"https:\/\/primiciasclorinda.com\/index.php?rest_route=%2Fwp%2Fv2%2Ftags&post=6306"}],"curies":[{"name":"wp","href":"https:\/\/api.w.org\/{rel}","templated":true}]}}