{"id":6263,"date":"2017-09-06T16:31:26","date_gmt":"2017-09-06T19:31:26","guid":{"rendered":"http:\/\/primiciasclorinda.com\/?p=6263"},"modified":"2017-09-06T16:31:26","modified_gmt":"2017-09-06T19:31:26","slug":"elecciones-2017-hoy-vence-el-plazo-para-reconocer-sublemas-y-alianzas","status":"publish","type":"post","link":"https:\/\/primiciasclorinda.com\/?p=6263","title":{"rendered":"Elecciones 2017: hoy vence el plazo para reconocer sublemas y alianzas"},"content":{"rendered":"<p style=\"text-align: justify;\">La Dra. Sandra Moreno, miembro del Tribunal Electoral Permanente, inform\u00f3 que hoy a las 12 de la noche vence el plazo para que los partidos puedan realizar el reconocimiento de alianzas, lemas y sublemas en el Tribunal Electoral provincial, de los candidatos que competir\u00e1n el 22 de octubre en las elecciones legislativas provinciales, que ir\u00e1n en conjunto con las nacionales.<\/p>\n<p style=\"text-align: justify;\">En este sentido, Moreno inform\u00f3 que la confederaci\u00f3n Frente Amplio Formose\u00f1o-Cambiemos inscribi\u00f3 32 sublemas y el Frente de la Victoria present\u00f3 52 sublemas \u00abde los cuales 32 son de los cuerpos org\u00e1nicos, 32 de la Confederaci\u00f3n y tres del partido Municipal\u00bb.<\/p>\n<p style=\"text-align: justify;\">\u00abDespu\u00e9s esa cantidad se va reduciendo porque tenemos que sumar de acuerdo a la cantidad de partidos aliados, y de acuerdo a la cantidad de afiliados de todos los partidos aliados que cantidad de sub lema le corresponde a cada lema\u00bb, dijo.<\/p>\n<p style=\"text-align: justify;\">\u00abPara que tengan un par\u00e1metro en el 2015 fueron 62 sublemas en total de los cuales 54 le pertenec\u00edan al partido justicialista, 31 eran de la confederaci\u00f3n y el resto eran los municipales\u00bb, record\u00f3 finalmente.<\/p>\n<p style=\"text-align: justify;\">Fuente: Diario Expres<\/p>\n","protected":false},"excerpt":{"rendered":"<div class=\"mh-excerpt\"><p>La Dra. Sandra Moreno, miembro del Tribunal Electoral Permanente, inform\u00f3 que hoy a las 12 de la noche vence el plazo para que los partidos <a class=\"mh-excerpt-more\" href=\"https:\/\/primiciasclorinda.com\/?p=6263\" title=\"Elecciones 2017: hoy vence el plazo para reconocer sublemas y alianzas\">[&#8230;]<\/a><\/p>\n<\/div>","protected":false},"author":3,"featured_media":6264,"comment_status":"open","ping_status":"open","sticky":false,"template":"","format":"standard","meta":{"footnotes":""},"categories":[3],"tags":[906,1148,391],"class_list":["post-6263","post","type-post","status-publish","format-standard","has-post-thumbnail","hentry","category-politica-economia","tag-elecciones-2017","tag-sandra-moreno","tag-tribunal-electoral-permanente"],"_links":{"self":[{"href":"https:\/\/primiciasclorinda.com\/index.php?rest_route=\/wp\/v2\/posts\/6263","targetHints":{"allow":["GET"]}}],"collection":[{"href":"https:\/\/primiciasclorinda.com\/index.php?rest_route=\/wp\/v2\/posts"}],"about":[{"href":"https:\/\/primiciasclorinda.com\/index.php?rest_route=\/wp\/v2\/types\/post"}],"author":[{"embeddable":true,"href":"https:\/\/primiciasclorinda.com\/index.php?rest_route=\/wp\/v2\/users\/3"}],"replies":[{"embeddable":true,"href":"https:\/\/primiciasclorinda.com\/index.php?rest_route=%2Fwp%2Fv2%2Fcomments&post=6263"}],"version-history":[{"count":1,"href":"https:\/\/primiciasclorinda.com\/index.php?rest_route=\/wp\/v2\/posts\/6263\/revisions"}],"predecessor-version":[{"id":6265,"href":"https:\/\/primiciasclorinda.com\/index.php?rest_route=\/wp\/v2\/posts\/6263\/revisions\/6265"}],"wp:featuredmedia":[{"embeddable":true,"href":"https:\/\/primiciasclorinda.com\/index.php?rest_route=\/wp\/v2\/media\/6264"}],"wp:attachment":[{"href":"https:\/\/primiciasclorinda.com\/index.php?rest_route=%2Fwp%2Fv2%2Fmedia&parent=6263"}],"wp:term":[{"taxonomy":"category","embeddable":true,"href":"https:\/\/primiciasclorinda.com\/index.php?rest_route=%2Fwp%2Fv2%2Fcategories&post=6263"},{"taxonomy":"post_tag","embeddable":true,"href":"https:\/\/primiciasclorinda.com\/index.php?rest_route=%2Fwp%2Fv2%2Ftags&post=6263"}],"curies":[{"name":"wp","href":"https:\/\/api.w.org\/{rel}","templated":true}]}}