{"id":5668,"date":"2017-07-08T21:46:26","date_gmt":"2017-07-09T00:46:26","guid":{"rendered":"http:\/\/primiciasclorinda.com\/?p=5668"},"modified":"2017-07-11T07:33:46","modified_gmt":"2017-07-11T10:33:46","slug":"feria-peatonal-este-domingo-por-av-san-martin","status":"publish","type":"post","link":"https:\/\/primiciasclorinda.com\/?p=5668","title":{"rendered":"Feria Peatonal, este domingo por Av. San Mart\u00edn"},"content":{"rendered":"<p style=\"text-align: justify;\">La iniciativa del bloque del FPV en el HCD result\u00f3 aprobada y tendr\u00e1 su primera \u00abprueba\u00bb este domingo desde las 8:30 cuando se concrete la Feria Peatonal que tendr\u00e1 lugar por Av. San Mart\u00edn entre Juan Jos\u00e9 Cancio y Av. 25 de Mayo. La idea es promover actividades que tiendan a activar la zona comercial de la ciudad.<\/p>\n<p style=\"text-align: justify;\">La concejal Perla Servian visit\u00f3 hoy el programa\u00a0<em><strong>\u00abBien de S\u00e1bado\u00bb de la Cooperativa Clorinda<\/strong><\/em>, en la oportunidad inform\u00f3 que esta ser\u00e1 la primera prueba de la Feria Peatonal, \u00abqueremos ver c\u00f3mo responde la gente y los feriantes en esta primera oportunidad, la \u00a0idea es continuar\u00bb, explic\u00f3 la concejal.<\/p>\n<p style=\"text-align: justify;\">Servian explic\u00f3 que \u00abla idea es ampliar la cantidad de cuadras comprendidas y tambi\u00e9n sumar grupos musicales, dividir por rubro, podr\u00edamos hacer un patio de comidas con los vendedores que quieran participar\u00bb. \u00a0La edil recalc\u00f3 que depender\u00e1 de c\u00f3mo funcione la Feria este domingo.<\/p>\n<p style=\"text-align: justify;\">Vale mencionar que no hay inscripciones de ning\u00fan tipo, aquel comerciante, feriante, productor podr\u00e1 llevar sus productos y venderlos en la cuadra comprendida sin problemas.<\/p>\n<p><img loading=\"lazy\" decoding=\"async\" class=\"alignnone size-full wp-image-5672\" src=\"http:\/\/primiciasclorinda.com\/wp-content\/uploads\/2017\/07\/feria-peatonal.jpg\" alt=\"\" width=\"960\" height=\"656\" srcset=\"https:\/\/primiciasclorinda.com\/wp-content\/uploads\/2017\/07\/feria-peatonal.jpg 960w, https:\/\/primiciasclorinda.com\/wp-content\/uploads\/2017\/07\/feria-peatonal-300x205.jpg 300w, https:\/\/primiciasclorinda.com\/wp-content\/uploads\/2017\/07\/feria-peatonal-768x525.jpg 768w\" sizes=\"auto, (max-width: 960px) 100vw, 960px\" \/><\/p>\n","protected":false},"excerpt":{"rendered":"<div class=\"mh-excerpt\"><p>La iniciativa del bloque del FPV en el HCD result\u00f3 aprobada y tendr\u00e1 su primera \u00abprueba\u00bb este domingo desde las 8:30 cuando se concrete la <a class=\"mh-excerpt-more\" href=\"https:\/\/primiciasclorinda.com\/?p=5668\" title=\"Feria Peatonal, este domingo por Av. San Mart\u00edn\">[&#8230;]<\/a><\/p>\n<\/div>","protected":false},"author":3,"featured_media":5670,"comment_status":"open","ping_status":"open","sticky":false,"template":"","format":"standard","meta":{"footnotes":""},"categories":[4],"tags":[26,201,1050,1057,1052],"class_list":["post-5668","post","type-post","status-publish","format-standard","has-post-thumbnail","hentry","category-informacion-general","tag-clorinda","tag-comercio","tag-feria-peatonal","tag-perla-servian","tag-ventas"],"_links":{"self":[{"href":"https:\/\/primiciasclorinda.com\/index.php?rest_route=\/wp\/v2\/posts\/5668","targetHints":{"allow":["GET"]}}],"collection":[{"href":"https:\/\/primiciasclorinda.com\/index.php?rest_route=\/wp\/v2\/posts"}],"about":[{"href":"https:\/\/primiciasclorinda.com\/index.php?rest_route=\/wp\/v2\/types\/post"}],"author":[{"embeddable":true,"href":"https:\/\/primiciasclorinda.com\/index.php?rest_route=\/wp\/v2\/users\/3"}],"replies":[{"embeddable":true,"href":"https:\/\/primiciasclorinda.com\/index.php?rest_route=%2Fwp%2Fv2%2Fcomments&post=5668"}],"version-history":[{"count":2,"href":"https:\/\/primiciasclorinda.com\/index.php?rest_route=\/wp\/v2\/posts\/5668\/revisions"}],"predecessor-version":[{"id":5673,"href":"https:\/\/primiciasclorinda.com\/index.php?rest_route=\/wp\/v2\/posts\/5668\/revisions\/5673"}],"wp:featuredmedia":[{"embeddable":true,"href":"https:\/\/primiciasclorinda.com\/index.php?rest_route=\/wp\/v2\/media\/5670"}],"wp:attachment":[{"href":"https:\/\/primiciasclorinda.com\/index.php?rest_route=%2Fwp%2Fv2%2Fmedia&parent=5668"}],"wp:term":[{"taxonomy":"category","embeddable":true,"href":"https:\/\/primiciasclorinda.com\/index.php?rest_route=%2Fwp%2Fv2%2Fcategories&post=5668"},{"taxonomy":"post_tag","embeddable":true,"href":"https:\/\/primiciasclorinda.com\/index.php?rest_route=%2Fwp%2Fv2%2Ftags&post=5668"}],"curies":[{"name":"wp","href":"https:\/\/api.w.org\/{rel}","templated":true}]}}