{"id":5665,"date":"2017-07-08T21:28:55","date_gmt":"2017-07-09T00:28:55","guid":{"rendered":"http:\/\/primiciasclorinda.com\/?p=5665"},"modified":"2017-07-11T07:33:51","modified_gmt":"2017-07-11T10:33:51","slug":"presentaron-el-tercer-encuentro-de-muralismo-en-clorinda","status":"publish","type":"post","link":"https:\/\/primiciasclorinda.com\/?p=5665","title":{"rendered":"Presentaron el Tercer Encuentro de Muralismo en Clorinda"},"content":{"rendered":"<p style=\"text-align: justify;\">El Intendente Municipal de Clorinda, Manuel Celauro, encabez\u00f3 esta ma\u00f1ana el sencillo acto dando inicio al \u201c Encuentro Nacional de Muralismo y Arte Publico , organizado por la Municipalidad de Clorinda, la Subsecretar\u00eda de Cultura de la Provincia de Formosa, el Movimiento Internacional Muralista \u201cItalo Grassi\u201d y el Movimiento Formose\u00f1o de Muralistas.<\/p>\n<p>Durante el acto estuvieron presentes el presidente del Honorable Consejo Deliberante, concejal Ariel Caniza, secretario de Gobierno, Alejandro Navas, directora de Cultura, Elena Godoy, acompa\u00f1ados por Dar\u00edo Nino Vald\u00e9s y la presencia de Ra\u00fal Eduardo Orosco, coordinador general del Movimiento de Muralistas.<\/p>\n<p>En primer t\u00e9rmino se dio lectura por el cual el ejecutivo municipal declara \u201cvisitante ilustre\u201d de la ciudad de Clorinda a Raul Eduardo Orozco, adem\u00e1s de dar lectura a la declaraci\u00f3n de Inter\u00e9s Cultural el Encuentro Nacional de Muralismo, documentos que fueron entregados a Orosco por el Intendente y el Presidente del HCD respectivamente.<\/p>\n<p>Inmediatamente hizo uso de la palabras la directora de cultura de la municipalidad de Clorinda, Elena Godoy, quien dio la cordial bienvenida a los Muralistas visitantes y expreso \u201c es u alto honor para la Municipalidad y la ciudad de Clorinda contar con la presencia de tan prestigiosos representantes del Muralismo en el mundo y recibir en especial al se\u00f1or Ra\u00fal Eduardo Orosco, quien es el coordinador general del Movimiento Internacional del Muralismo \u201cItalo Grassi\u201d, de vasta trayectoria y reconocida experiencia en el mundo art\u00edstico \u201c.<\/p>\n<p>M\u00e1s adelante manifest\u00f3 que \u201cEl objetivo de este encuentro es el de realzar la memoria de mujeres de Am\u00e9rica Latina comprometidas con su tierra y su tiempo, militancia y trabajo cotidiano en la defensa de las ideas de la justicia e igualdad y al mismo tiempo para estimular el debate sobre el papel que desempe\u00f1a la mujer en la sociedad actual en temas tales como integraci\u00f3n<br \/>\nLatinoamericana, salud, violencia, trabajo y empleo, participaci\u00f3n pol\u00edtica y comunicaci\u00f3n\u201d<br \/>\nPor ultimo Elena Godoy destac\u00f3 \u201cEse horizonte se incluye tambi\u00e9n la lucha de la mujer por la paz mundial, de nuevo bajo amenaza y ocupa un papel protag\u00f3nico en la lucha por incorporar una mirada transversal de g\u00e9nero en los diferentes campos.<\/p>\n<p>Los muralistas presentes en este encuentro son: Ra\u00fal Eduardo Orosco, Coordinador general del Movimiento Internacional; Dario Nino Valdez, delegado Nacional por Clorinda; Jos\u00e9 Luis Jara, Delegado Nacional por Formosa; Mart\u00edn Albornoz, Miembro honorario del Movimiento Internacional de muralistas; Valeria Garibotti, Delegada nacional por Candelaria Misiones; Ricardo Tercaya, Delegado nacional por Humahuaca Jujuy; Cesar Gallardo, Delegado Nacional del Chaco; Micaela Torres y Gabriel Torres de Formosa, Juan Pablo Zarra, delegado nacional por Salta; Pablo Ricardo Vacazur de Formosa; Nelson Ortellado de Formosa; Ramona Elizabeth y Noelia Amarilla de Formosa; Andrea Lombardo de Clorinda; Jualiana Villalba regente del taller de arte de Clorinda; Sergio Ortigoza, presidente de la Asociaci\u00f3n de artesanos de Clorinda y el grupo de alumnos secundario del Ciclo orientado a la modalidad comunicaci\u00f3n, arte y dise\u00f1o.<\/p>\n","protected":false},"excerpt":{"rendered":"<div class=\"mh-excerpt\"><p>El Intendente Municipal de Clorinda, Manuel Celauro, encabez\u00f3 esta ma\u00f1ana el sencillo acto dando inicio al \u201c Encuentro Nacional de Muralismo y Arte Publico , <a class=\"mh-excerpt-more\" href=\"https:\/\/primiciasclorinda.com\/?p=5665\" title=\"Presentaron el Tercer Encuentro de Muralismo en Clorinda\">[&#8230;]<\/a><\/p>\n<\/div>","protected":false},"author":3,"featured_media":5666,"comment_status":"open","ping_status":"open","sticky":false,"template":"","format":"standard","meta":{"footnotes":""},"categories":[4,6],"tags":[26,1055,88,1056],"class_list":["post-5665","post","type-post","status-publish","format-standard","has-post-thumbnail","hentry","category-informacion-general","category-cultura","tag-clorinda","tag-muaralismo","tag-municipalidad-de-clorinda","tag-nino-valdes"],"_links":{"self":[{"href":"https:\/\/primiciasclorinda.com\/index.php?rest_route=\/wp\/v2\/posts\/5665","targetHints":{"allow":["GET"]}}],"collection":[{"href":"https:\/\/primiciasclorinda.com\/index.php?rest_route=\/wp\/v2\/posts"}],"about":[{"href":"https:\/\/primiciasclorinda.com\/index.php?rest_route=\/wp\/v2\/types\/post"}],"author":[{"embeddable":true,"href":"https:\/\/primiciasclorinda.com\/index.php?rest_route=\/wp\/v2\/users\/3"}],"replies":[{"embeddable":true,"href":"https:\/\/primiciasclorinda.com\/index.php?rest_route=%2Fwp%2Fv2%2Fcomments&post=5665"}],"version-history":[{"count":1,"href":"https:\/\/primiciasclorinda.com\/index.php?rest_route=\/wp\/v2\/posts\/5665\/revisions"}],"predecessor-version":[{"id":5667,"href":"https:\/\/primiciasclorinda.com\/index.php?rest_route=\/wp\/v2\/posts\/5665\/revisions\/5667"}],"wp:featuredmedia":[{"embeddable":true,"href":"https:\/\/primiciasclorinda.com\/index.php?rest_route=\/wp\/v2\/media\/5666"}],"wp:attachment":[{"href":"https:\/\/primiciasclorinda.com\/index.php?rest_route=%2Fwp%2Fv2%2Fmedia&parent=5665"}],"wp:term":[{"taxonomy":"category","embeddable":true,"href":"https:\/\/primiciasclorinda.com\/index.php?rest_route=%2Fwp%2Fv2%2Fcategories&post=5665"},{"taxonomy":"post_tag","embeddable":true,"href":"https:\/\/primiciasclorinda.com\/index.php?rest_route=%2Fwp%2Fv2%2Ftags&post=5665"}],"curies":[{"name":"wp","href":"https:\/\/api.w.org\/{rel}","templated":true}]}}