{"id":56482,"date":"2025-12-07T07:36:17","date_gmt":"2025-12-07T10:36:17","guid":{"rendered":"https:\/\/primiciasclorinda.com\/?p=56482"},"modified":"2025-12-07T07:59:26","modified_gmt":"2025-12-07T10:59:26","slug":"56482","status":"publish","type":"post","link":"https:\/\/primiciasclorinda.com\/?p=56482","title":{"rendered":"En Madrid, Victoria Villarruel advirti\u00f3: \u201cNuestro continente no debe definirse en funci\u00f3n de agendas extranjeras\u201d"},"content":{"rendered":"\n<p>La vicepresidente particip\u00f3 de una cumbre de l\u00edderes parlamentarios de Iberoam\u00e9rica y reivindic\u00f3 \u201cla ra\u00edz cristiana\u201d de los pa\u00edses, advirti\u00f3 sobre la despoblaci\u00f3n y reivindic\u00f3 el reclamo argentino por Malvinas<\/p>\n\n\n\n<p>En Madrid, durante la reuni\u00f3n preparatoria del XII Foro Parlamentario Iberoamericano celebrada en el Congreso de los Diputados de Espa\u00f1a, la vicepresidenta&nbsp;<strong>Victoria Villarruel<\/strong>&nbsp;present\u00f3 una visi\u00f3n propia sobre la inserci\u00f3n internacional de Argentina. Centrada en la identidad cultural iberoamericana y en la necesidad de que la regi\u00f3n act\u00fae basada en intereses comunes, sostuvo:&nbsp;<strong>\u201cNuestro continente no debe definirse en funci\u00f3n de agendas extranjeras<\/strong>\u201d.<\/p>\n\n\n\n<p>Junto a una reivindicaci\u00f3n del reclamo por la soberan\u00eda argentina en Malvinas, su intervenci\u00f3n sugiri\u00f3 una diferenciaci\u00f3n con la&nbsp;<strong>orientaci\u00f3n geopol\u00edtica<\/strong>&nbsp;del presidente&nbsp;<strong>Javier Milei<\/strong>, quien promueve un alineamiento sin matices con Estados Unidos, Israel.<\/p>\n\n\n\n<p>Villarruel abri\u00f3 su exposici\u00f3n recordando el \u201cmomento de redefinici\u00f3n global\u201d que, seg\u00fan ella, atraviesan los pa\u00edses de la regi\u00f3n. \u201cNos encontramos ante un momento de redefinici\u00f3n global. La revoluci\u00f3n tecnol\u00f3gica, la computaci\u00f3n cu\u00e1ntica, las biotecnolog\u00edas y la transici\u00f3n demogr\u00e1fica desaf\u00edan todos los \u00e1mbitos de la vida humana y social\u201d, plante\u00f3. En ese contexto, consider\u00f3 que Iberoam\u00e9rica puede&nbsp;<strong>fortalecer su unidad, identidad y cultura<\/strong>.<\/p>\n\n\n\n<p>La vicepresidenta describi\u00f3 a la&nbsp;<strong>Comunidad Iberoamericana<\/strong>&nbsp;como una \u201ccivilizaci\u00f3n unida por su ra\u00edz cultural cristiana\u201d, un concepto que ocup\u00f3 un lugar central en su discurso y que se distanci\u00f3 de la narrativa oficial centrada en la pertenencia al \u201cOccidente\u201d pol\u00edtico y econ\u00f3mico. Villarruel evit\u00f3 referirse al \u201cmundo libre\u201d, a los aliados estrat\u00e9gicos de Milei o a los conflictos entre potencias. En cambio, insisti\u00f3 en la necesidad de que la regi\u00f3n consolide su propio proyecto.<\/p>\n\n\n\n<p>En un pasaje central, afirm\u00f3: \u201cLa Comunidad Iberoamericana no es un conjunto de pa\u00edses reunidos por una situaci\u00f3n coyuntural. Es una civilizaci\u00f3n unida por su ra\u00edz cultural cristiana. Nuestro continente no debe definirse en funci\u00f3n de agendas extranjeras, sino en funci\u00f3n de su propia vocaci\u00f3n\u201d. A\u00f1adi\u00f3 que la regi\u00f3n debe recurrir a \u201cun di\u00e1logo sereno y responsable que busque cuidar los recursos, proteger la cultura, impulsar la innovaci\u00f3n y tutelar la vida\u201d.<\/p>\n\n\n\n<p><strong>Con agenda propia<\/strong><\/p>\n\n\n\n<p>Villarruel estructur\u00f3 su intervenci\u00f3n en tres ejes: innovaci\u00f3n tecnol\u00f3gica, seguridad alimentaria y sostenibilidad demogr\u00e1fica. En cada caso, propuso mecanismos de&nbsp;<strong>cooperaci\u00f3n parlamentaria<\/strong>&nbsp;y adopt\u00f3 un enfoque conservador, identitario y regionalista.<\/p>\n\n\n\n<p>Sobre la innovaci\u00f3n tecnol\u00f3gica e inteligencia artificial, advirti\u00f3 que se trata de un \u201cfactor determinante de competitividad, pero tambi\u00e9n un campo donde debe prevalecer la \u00e9tica en todos sus aspectos\u201d. Resalt\u00f3 que la inteligencia artificial \u201ctiene la capacidad de moldear nuestro interior, cambiar nuestra forma de pensar y actuar\u201d. Invit\u00f3 a que la innovaci\u00f3n sea \u201cuna oportunidad para nuestras sociedades y no un instrumento que nos fragmente, nos deshumanice o nos vuelva dependientes de intereses ajenos\u201d.<\/p>\n\n\n\n<p>Villarruel propuso avanzar hacia&nbsp;<strong>marcos regulatorios comunes<\/strong>&nbsp;que prioricen la dignidad humana, la intimidad y la privacidad de los datos, orientados al bien com\u00fan. Tambi\u00e9n sugiri\u00f3 la creaci\u00f3n de \u201cecosistemas regionales de investigaci\u00f3n, fondos regionales de inversi\u00f3n y grandes centros de datos\u201d, subrayando la necesidad de una estrategia latinoamericana coordinada. Estas propuestas contrastan con el enfoque del presidente Milei, que privilegia la desregulaci\u00f3n como v\u00eda principal para el desarrollo tecnol\u00f3gico y rechaza intervenciones estatales que, a su juicio, obstaculizan la innovaci\u00f3n.&nbsp;<strong>La \u00e9tica y la autonom\u00eda regional fueron ejes destacados en este apartado<\/strong>.<\/p>\n\n\n\n<p>El segundo eje fue la seguridad alimentaria y la bioeconom\u00eda. Villarruel advirti\u00f3 que \u201clos desaf\u00edos globales tensan las cadenas de abastecimiento\u201d y postul\u00f3 que la regi\u00f3n debe liderar la generaci\u00f3n de prote\u00ednas tanto animales como vegetales. Inst\u00f3 a no limitarse al rol de proveedores de materias primas: \u201cDebemos liderar las cadenas de valor con tecnolog\u00eda, empleo de calidad, igualdad de oportunidades y desarrollo local\u201d.<\/p>\n\n\n\n<p>Subray\u00f3 la importancia del \u201carraigo territorial\u201d y pidi\u00f3 pol\u00edticas que incentiven la producci\u00f3n en origen. \u201cPropongo impulsar legislaciones que fomenten la agroindustria, mejoren la relaci\u00f3n insumos-producto final y reduzcan el desperdicio de alimentos\u201d, se\u00f1al\u00f3. Adem\u00e1s, reclam\u00f3 promover la bioeconom\u00eda \u201ccomo modelo de desarrollo sostenible\u201d, entendiendo la sostenibilidad como un equilibrio entre lo social, lo ambiental y lo econ\u00f3mico.<\/p>\n\n\n\n<p>El tercer eje estuvo orientado a la&nbsp;<strong>sostenibilidad demogr\u00e1fica<\/strong>&nbsp;y el cuidado de la vida. Villarruel alert\u00f3 sobre la \u201cpreocupante tendencia de baja tasa de natalidad\u201d en la regi\u00f3n y en el mundo. \u201cLa demograf\u00eda sigue siendo un factor decisivo en el equilibrio geopol\u00edtico y en la disputa por el poder mundial\u201d, expres\u00f3. Advirti\u00f3 que la reducci\u00f3n de familias j\u00f3venes \u201ccompromete las posibilidades de desarrollo\u201d.<\/p>\n\n\n\n<p>Entre las propuestas incluy\u00f3 legislaciones de apoyo a la maternidad y a las familias j\u00f3venes, incentivos habitacionales y fiscales, acceso a servicios de salud reproductiva \u00e9tica y responsable, y redes de cuidado. \u201cNecesitamos trabajar para devolverle a la vida humana su valor y a la familia su lugar esencial\u201d, sostuvo.&nbsp;<strong>La vida y el arraigo familiar emergieron como pilares de su discurso<\/strong>.<\/p>\n\n\n\n<p>Este enfoque, dirigido a cuestiones demogr\u00e1ficas y sociales, marca un contraste con las prioridades del Gobierno, enfocadas en cuestiones macroecon\u00f3micas, diplom\u00e1ticas y comerciales.<\/p>\n\n\n\n<p><strong>Soberan\u00eda y Atl\u00e1ntico Sur<\/strong><\/p>\n\n\n\n<p>Villarruel dedic\u00f3 un tramo de su intervenci\u00f3n a la situaci\u00f3n del Atl\u00e1ntico Sur. Se\u00f1al\u00f3 que \u201cla explotaci\u00f3n responsable y razonable de los recursos muchas veces se ve comprometida por conflictos tra\u00eddos por potencias extracontinentales\u201d, en referencia a la presencia brit\u00e1nica en las&nbsp;<strong>Islas Malvinas<\/strong>. \u201cEn el Mar Argentino se vulnera nuestra soberan\u00eda debido a la ocupaci\u00f3n ileg\u00edtima del Reino Unido\u201d, manifest\u00f3.<\/p>\n\n\n\n<p>En Madrid, agradeci\u00f3 el \u201capoyo hist\u00f3rico\u201d de las naciones iberoamericanas al reclamo argentino sobre Malvinas, Georgias y S\u00e1ndwich del Sur, retomando la tradici\u00f3n diplom\u00e1tica argentina, aunque esta postura difiere del acercamiento m\u00e1s pragm\u00e1tico que Milei ha esbozado hacia el Reino Unido en otros \u00e1mbitos.<\/p>\n\n\n\n<p>Villarruel concluy\u00f3 la exposici\u00f3n con un llamado a la construcci\u00f3n de consensos regionales: \u201cInvito a todos los aqu\u00ed presentes a construir espacios de di\u00e1logo desde la confianza y la voluntad de converger\u201d. Para la vicepresidenta, Am\u00e9rica representa \u201cuna aut\u00e9ntica tierra de vida y de esperanza\u201d, expresi\u00f3n que busc\u00f3 proyectar una identidad regional cohesionada ante&nbsp;<strong>un mundo en transformaci\u00f3n<\/strong>.<\/p>\n\n\n\n<p>Tras su participaci\u00f3n, Villarruel public\u00f3 un mensaje en la red X donde enfatiz\u00f3 la urgencia de \u201cfortalecer la cooperaci\u00f3n legislativa en innovaci\u00f3n tecnol\u00f3gica e inteligencia artificial, seguridad alimentaria y sostenibilidad demogr\u00e1fica\u201d, y agradeci\u00f3 el respaldo al reclamo sobre las islas del Atl\u00e1ntico Sur.<\/p>\n\n\n\n<p>Sin mencionar de manera directa al Presidente,&nbsp;<strong>Villarruel perfil\u00f3 una agenda internacional propia para Argentina<\/strong>: prioriz\u00f3 la identidad cultural iberoamericana, la autonom\u00eda regional y la coordinaci\u00f3n parlamentaria. Su discurso en Madrid consolid\u00f3 una posici\u00f3n diferenciada dentro del oficialismo, precisamente cuando la pol\u00edtica exterior del Gobierno se ordena bajo una l\u00f3gica de alineamientos globales claros.<\/p>\n\n\n<figure class=\"wp-block-post-featured-image\"><img loading=\"lazy\" decoding=\"async\" width=\"950\" height=\"600\" src=\"https:\/\/primiciasclorinda.com\/wp-content\/uploads\/2025\/12\/victoriaenespana-4.jpg\" class=\"attachment-post-thumbnail size-post-thumbnail wp-post-image\" alt=\"\" style=\"object-fit:cover;\" srcset=\"https:\/\/primiciasclorinda.com\/wp-content\/uploads\/2025\/12\/victoriaenespana-4.jpg 950w, https:\/\/primiciasclorinda.com\/wp-content\/uploads\/2025\/12\/victoriaenespana-4-300x189.jpg 300w, https:\/\/primiciasclorinda.com\/wp-content\/uploads\/2025\/12\/victoriaenespana-4-475x300.jpg 475w, https:\/\/primiciasclorinda.com\/wp-content\/uploads\/2025\/12\/victoriaenespana-4-768x485.jpg 768w\" sizes=\"auto, (max-width: 950px) 100vw, 950px\" \/><\/figure>","protected":false},"excerpt":{"rendered":"<div class=\"mh-excerpt\"><p>La vicepresidente particip\u00f3 de una cumbre de l\u00edderes parlamentarios de Iberoam\u00e9rica y reivindic\u00f3 \u201cla ra\u00edz cristiana\u201d de los pa\u00edses, advirti\u00f3 sobre la despoblaci\u00f3n y reivindic\u00f3 <a class=\"mh-excerpt-more\" href=\"https:\/\/primiciasclorinda.com\/?p=56482\" title=\"En Madrid, Victoria Villarruel advirti\u00f3: \u201cNuestro continente no debe definirse en funci\u00f3n de agendas extranjeras\u201d\">[&#8230;]<\/a><\/p>\n<\/div>","protected":false},"author":3,"featured_media":56474,"comment_status":"open","ping_status":"open","sticky":false,"template":"","format":"standard","meta":{"footnotes":""},"categories":[3],"tags":[868,5633,4365],"class_list":["post-56482","post","type-post","status-publish","format-standard","has-post-thumbnail","hentry","category-politica-economia","tag-espana","tag-foro-parlamentario-iberoamericano","tag-victoria-villarruel"],"_links":{"self":[{"href":"https:\/\/primiciasclorinda.com\/index.php?rest_route=\/wp\/v2\/posts\/56482","targetHints":{"allow":["GET"]}}],"collection":[{"href":"https:\/\/primiciasclorinda.com\/index.php?rest_route=\/wp\/v2\/posts"}],"about":[{"href":"https:\/\/primiciasclorinda.com\/index.php?rest_route=\/wp\/v2\/types\/post"}],"author":[{"embeddable":true,"href":"https:\/\/primiciasclorinda.com\/index.php?rest_route=\/wp\/v2\/users\/3"}],"replies":[{"embeddable":true,"href":"https:\/\/primiciasclorinda.com\/index.php?rest_route=%2Fwp%2Fv2%2Fcomments&post=56482"}],"version-history":[{"count":2,"href":"https:\/\/primiciasclorinda.com\/index.php?rest_route=\/wp\/v2\/posts\/56482\/revisions"}],"predecessor-version":[{"id":56496,"href":"https:\/\/primiciasclorinda.com\/index.php?rest_route=\/wp\/v2\/posts\/56482\/revisions\/56496"}],"wp:featuredmedia":[{"embeddable":true,"href":"https:\/\/primiciasclorinda.com\/index.php?rest_route=\/wp\/v2\/media\/56474"}],"wp:attachment":[{"href":"https:\/\/primiciasclorinda.com\/index.php?rest_route=%2Fwp%2Fv2%2Fmedia&parent=56482"}],"wp:term":[{"taxonomy":"category","embeddable":true,"href":"https:\/\/primiciasclorinda.com\/index.php?rest_route=%2Fwp%2Fv2%2Fcategories&post=56482"},{"taxonomy":"post_tag","embeddable":true,"href":"https:\/\/primiciasclorinda.com\/index.php?rest_route=%2Fwp%2Fv2%2Ftags&post=56482"}],"curies":[{"name":"wp","href":"https:\/\/api.w.org\/{rel}","templated":true}]}}