{"id":55414,"date":"2025-12-05T08:18:08","date_gmt":"2025-12-05T11:18:08","guid":{"rendered":"https:\/\/primiciasclorinda.com\/?p=55414"},"modified":"2025-12-05T08:18:08","modified_gmt":"2025-12-05T11:18:08","slug":"la-concejal-monica-acosta-es-la-nueva-presidenta-del-concejo-deliberante-de-clorinda","status":"publish","type":"post","link":"https:\/\/primiciasclorinda.com\/?p=55414","title":{"rendered":"La Concejal M\u00f3nica Acosta es la nueva Presidenta del Concejo Deliberante de Clorinda"},"content":{"rendered":"\n<p><strong>Este jueves por la tarde se estuvo llevando adelante la sesi\u00f3n preparatoria del Honorable Concejo Deliberante, con la presencia de los nueve ediles, Arturo Cabral, Nelson Gutierrez, M\u00f3nica Acosta, Oscar Virgona, Diego Mendoza, Marisa Canavesio, Willermo Waiser, Patricia Dom\u00ednguez y Fernando Lagra\u00f1a. <\/strong><\/p>\n\n\n\n<p><strong>La misma estuvo presidida por el concejal Arturo Cabral por ser el de mayor edad y la secretaria cay\u00f3 en el concejal Fernando Lagra\u00f1a por ser el de menor edad.<\/strong><\/p>\n\n\n\n<ul class=\"wp-block-list\">\n<li><strong>Presidenta: M\u00f3nica Acosta.<\/strong><\/li>\n\n\n\n<li><strong>Vicepresidente: Oscar Virgona.<\/strong><\/li>\n\n\n\n<li><strong>Secretario Legislativo: Marcelo Ver\u00f3n Bogado.<\/strong><\/li>\n\n\n\n<li><strong>Secretario Administrativo: Walter Carlos Mart\u00ednez.<\/strong><\/li>\n\n\n\n<li><strong>Subsecretaria Legislativa: Daniela Mendoza.<\/strong><\/li>\n\n\n\n<li><strong>Subsecretario Administrativo: Pedro Garc\u00eda.<\/strong><\/li>\n<\/ul>\n\n\n\n<p><strong>Esta sesi\u00f3n preparatoria pas\u00f3 a cuarto intermedio ya que se dar\u00e1 continuidad el d\u00eda 10 de diciembre en las instalaciones de la EPEP N\u00b0 241 en Marana y Corrientes a las 19:30 hs. <\/strong><\/p>\n\n\n\n<p><strong>All\u00ed cuando se reanude esta sesi\u00f3n preparatoria, se tomar\u00e1 juramento a cada una de las autoridades electas y que estar\u00e1n en ese cargo hasta el 28 de febrero del 2026. <\/strong><\/p>\n\n\n\n<p><strong>El Intendente Ariel Caniza estuvo en el recinto deliberativo acompa\u00f1ando lo que fue esta preparatoria y brind\u00e1ndole el apoyo a quienes forman parte de su equipo pol\u00edtico.<\/strong><\/p>\n\n\n<figure class=\"wp-block-post-featured-image\"><img loading=\"lazy\" decoding=\"async\" width=\"950\" height=\"600\" src=\"https:\/\/primiciasclorinda.com\/wp-content\/uploads\/2025\/12\/594065846_122142804128930349_5191398107030718755_n.jpg\" class=\"attachment-post-thumbnail size-post-thumbnail wp-post-image\" alt=\"\" style=\"object-fit:cover;\" srcset=\"https:\/\/primiciasclorinda.com\/wp-content\/uploads\/2025\/12\/594065846_122142804128930349_5191398107030718755_n.jpg 950w, https:\/\/primiciasclorinda.com\/wp-content\/uploads\/2025\/12\/594065846_122142804128930349_5191398107030718755_n-300x189.jpg 300w, https:\/\/primiciasclorinda.com\/wp-content\/uploads\/2025\/12\/594065846_122142804128930349_5191398107030718755_n-475x300.jpg 475w, https:\/\/primiciasclorinda.com\/wp-content\/uploads\/2025\/12\/594065846_122142804128930349_5191398107030718755_n-768x485.jpg 768w\" sizes=\"auto, (max-width: 950px) 100vw, 950px\" \/><\/figure>","protected":false},"excerpt":{"rendered":"<div class=\"mh-excerpt\"><p>Este jueves por la tarde se estuvo llevando adelante la sesi\u00f3n preparatoria del Honorable Concejo Deliberante, con la presencia de los nueve ediles, Arturo Cabral, <a class=\"mh-excerpt-more\" href=\"https:\/\/primiciasclorinda.com\/?p=55414\" title=\"La Concejal M\u00f3nica Acosta es la nueva Presidenta del Concejo Deliberante de Clorinda\">[&#8230;]<\/a><\/p>\n<\/div>","protected":false},"author":3,"featured_media":55389,"comment_status":"open","ping_status":"open","sticky":false,"template":"","format":"standard","meta":{"footnotes":""},"categories":[5431,4],"tags":[5622,5259],"class_list":["post-55414","post","type-post","status-publish","format-standard","has-post-thumbnail","hentry","category-clorinda","category-informacion-general","tag-autoridades-2025","tag-concejo-deliberante-de-clorinda"],"_links":{"self":[{"href":"https:\/\/primiciasclorinda.com\/index.php?rest_route=\/wp\/v2\/posts\/55414","targetHints":{"allow":["GET"]}}],"collection":[{"href":"https:\/\/primiciasclorinda.com\/index.php?rest_route=\/wp\/v2\/posts"}],"about":[{"href":"https:\/\/primiciasclorinda.com\/index.php?rest_route=\/wp\/v2\/types\/post"}],"author":[{"embeddable":true,"href":"https:\/\/primiciasclorinda.com\/index.php?rest_route=\/wp\/v2\/users\/3"}],"replies":[{"embeddable":true,"href":"https:\/\/primiciasclorinda.com\/index.php?rest_route=%2Fwp%2Fv2%2Fcomments&post=55414"}],"version-history":[{"count":1,"href":"https:\/\/primiciasclorinda.com\/index.php?rest_route=\/wp\/v2\/posts\/55414\/revisions"}],"predecessor-version":[{"id":55415,"href":"https:\/\/primiciasclorinda.com\/index.php?rest_route=\/wp\/v2\/posts\/55414\/revisions\/55415"}],"wp:featuredmedia":[{"embeddable":true,"href":"https:\/\/primiciasclorinda.com\/index.php?rest_route=\/wp\/v2\/media\/55389"}],"wp:attachment":[{"href":"https:\/\/primiciasclorinda.com\/index.php?rest_route=%2Fwp%2Fv2%2Fmedia&parent=55414"}],"wp:term":[{"taxonomy":"category","embeddable":true,"href":"https:\/\/primiciasclorinda.com\/index.php?rest_route=%2Fwp%2Fv2%2Fcategories&post=55414"},{"taxonomy":"post_tag","embeddable":true,"href":"https:\/\/primiciasclorinda.com\/index.php?rest_route=%2Fwp%2Fv2%2Ftags&post=55414"}],"curies":[{"name":"wp","href":"https:\/\/api.w.org\/{rel}","templated":true}]}}