{"id":55408,"date":"2025-12-05T08:04:13","date_gmt":"2025-12-05T11:04:13","guid":{"rendered":"https:\/\/primiciasclorinda.com\/?p=55408"},"modified":"2025-12-05T08:04:13","modified_gmt":"2025-12-05T11:04:13","slug":"el-proximo-lunes-se-inaugurara-el-pesebre-y-la-luminica-en-la-plazoleta-juan-d-peron","status":"publish","type":"post","link":"https:\/\/primiciasclorinda.com\/?p=55408","title":{"rendered":"El pr\u00f3ximo Lunes se inaugurar\u00e1 el pesebre y la lum\u00ednica en la Plazoleta Juan D. Per\u00f3n"},"content":{"rendered":"\n<p><strong>Cada vez falta menos, y hay mucha expectativa porque ya es un cl\u00e1sico en cada a\u00f1o, la comuna clorindense enciende la navidad, encienda las fiestas de fin de a\u00f1o con la activaci\u00f3n lum\u00ednica del paseo ubicado en la plazoleta Juan Domingo Per\u00f3n y hay un gran trabajo de diferentes \u00e1reas de la comuna mas gente que tambi\u00e9n esta colaborando desinteresadamente para ser parte de esto que como mencion\u00e1bamos, es muy esperado por la comunidad.<\/strong><\/p>\n\n\n\n<p><strong>El dia lunes 8 de diciembre en horas de la noche se har\u00e1 la activaci\u00f3n y tambi\u00e9n habr\u00e1 n\u00fameros art\u00edsticos, nos comentaban que hay muchas novedades y que va ser mas que especial, un lugar pensado para tener m\u00faltiples recuerdos, solos, de manera grupal o en familia. El equipo a cargo de Eugenio Mereles pero con apoyo de muchas otras \u00e1reas son los responsables de todo este preparativo, pero adem\u00e1s habr\u00e1 otros sectores donde tambi\u00e9n se estar\u00e1 haciendo una ornamentaci\u00f3n especial, esa tarea esta a cargo de Eugenio Norgeot y equipo.<\/strong><\/p>\n\n\n<figure class=\"wp-block-post-featured-image\"><img loading=\"lazy\" decoding=\"async\" width=\"950\" height=\"600\" src=\"https:\/\/primiciasclorinda.com\/wp-content\/uploads\/2025\/12\/594068396_25447265758231436_8929698670381512563_n.jpg\" class=\"attachment-post-thumbnail size-post-thumbnail wp-post-image\" alt=\"\" style=\"object-fit:cover;\" srcset=\"https:\/\/primiciasclorinda.com\/wp-content\/uploads\/2025\/12\/594068396_25447265758231436_8929698670381512563_n.jpg 950w, https:\/\/primiciasclorinda.com\/wp-content\/uploads\/2025\/12\/594068396_25447265758231436_8929698670381512563_n-300x189.jpg 300w, https:\/\/primiciasclorinda.com\/wp-content\/uploads\/2025\/12\/594068396_25447265758231436_8929698670381512563_n-475x300.jpg 475w, https:\/\/primiciasclorinda.com\/wp-content\/uploads\/2025\/12\/594068396_25447265758231436_8929698670381512563_n-768x485.jpg 768w\" sizes=\"auto, (max-width: 950px) 100vw, 950px\" \/><\/figure>","protected":false},"excerpt":{"rendered":"<div class=\"mh-excerpt\"><p>Cada vez falta menos, y hay mucha expectativa porque ya es un cl\u00e1sico en cada a\u00f1o, la comuna clorindense enciende la navidad, encienda las fiestas <a class=\"mh-excerpt-more\" href=\"https:\/\/primiciasclorinda.com\/?p=55408\" title=\"El pr\u00f3ximo Lunes se inaugurar\u00e1 el pesebre y la lum\u00ednica en la Plazoleta Juan D. Per\u00f3n\">[&#8230;]<\/a><\/p>\n<\/div>","protected":false},"author":3,"featured_media":55388,"comment_status":"open","ping_status":"open","sticky":false,"template":"","format":"standard","meta":{"footnotes":""},"categories":[5431,4],"tags":[26,5619,5518],"class_list":["post-55408","post","type-post","status-publish","format-standard","has-post-thumbnail","hentry","category-clorinda","category-informacion-general","tag-clorinda","tag-pesebre-y-luminica","tag-plazoleta-j-d-peron"],"_links":{"self":[{"href":"https:\/\/primiciasclorinda.com\/index.php?rest_route=\/wp\/v2\/posts\/55408","targetHints":{"allow":["GET"]}}],"collection":[{"href":"https:\/\/primiciasclorinda.com\/index.php?rest_route=\/wp\/v2\/posts"}],"about":[{"href":"https:\/\/primiciasclorinda.com\/index.php?rest_route=\/wp\/v2\/types\/post"}],"author":[{"embeddable":true,"href":"https:\/\/primiciasclorinda.com\/index.php?rest_route=\/wp\/v2\/users\/3"}],"replies":[{"embeddable":true,"href":"https:\/\/primiciasclorinda.com\/index.php?rest_route=%2Fwp%2Fv2%2Fcomments&post=55408"}],"version-history":[{"count":1,"href":"https:\/\/primiciasclorinda.com\/index.php?rest_route=\/wp\/v2\/posts\/55408\/revisions"}],"predecessor-version":[{"id":55409,"href":"https:\/\/primiciasclorinda.com\/index.php?rest_route=\/wp\/v2\/posts\/55408\/revisions\/55409"}],"wp:featuredmedia":[{"embeddable":true,"href":"https:\/\/primiciasclorinda.com\/index.php?rest_route=\/wp\/v2\/media\/55388"}],"wp:attachment":[{"href":"https:\/\/primiciasclorinda.com\/index.php?rest_route=%2Fwp%2Fv2%2Fmedia&parent=55408"}],"wp:term":[{"taxonomy":"category","embeddable":true,"href":"https:\/\/primiciasclorinda.com\/index.php?rest_route=%2Fwp%2Fv2%2Fcategories&post=55408"},{"taxonomy":"post_tag","embeddable":true,"href":"https:\/\/primiciasclorinda.com\/index.php?rest_route=%2Fwp%2Fv2%2Ftags&post=55408"}],"curies":[{"name":"wp","href":"https:\/\/api.w.org\/{rel}","templated":true}]}}