{"id":54322,"date":"2025-12-03T08:05:14","date_gmt":"2025-12-03T11:05:14","guid":{"rendered":"https:\/\/primiciasclorinda.com\/?p=54322"},"modified":"2025-12-03T08:05:14","modified_gmt":"2025-12-03T11:05:14","slug":"sorteo-mundial-2026-milei-no-ira-al-sorteo-y-eeuu-suspende-visita-de-beesent-a-la-argentina","status":"publish","type":"post","link":"https:\/\/primiciasclorinda.com\/?p=54322","title":{"rendered":"Sorteo Mundial 2026. Milei no ir\u00e1 al sorteo y EEUU suspende visita de Beesent a la Argentina"},"content":{"rendered":"\n<p><strong>Las autoridades nacionales conf\u00edan en que lo sucedido no afecta el acuerdo comercial, que seguir\u00e1 su curso, a pesar del malestar que existi\u00f3 en la Casa Blanca por el desplante<\/strong><\/p>\n\n\n\n<p><strong>La decisi\u00f3n del secretario del Tesoro de los Estados Unidos,&nbsp;Scott Bessent, de no visitar nuevamente la Argentina sorprendi\u00f3 al Gobierno, que de todas maneras esperaba una respuesta por la cancelaci\u00f3n tambi\u00e9n del viaje del presidente&nbsp;Javier Milei&nbsp;a Washington, pero en la administraci\u00f3n libertaria conf\u00edan en que lo sucedido no va a afectar el acuerdo comercial que est\u00e1n por firmar ambos pa\u00edses.<\/strong><\/p>\n\n\n\n<p><strong>Todo comenz\u00f3 cuando el mandatario nacional opt\u00f3 por no ir al sorteo del pr\u00f3ximo Mundial de F\u00fatbol, que se realizar\u00e1 este mi\u00e9rcoles en la capital norteamericana, para evitar cruzarse con&nbsp;Claudio \u201cChiqui\u201d Tapia, titular de la AFA, en medio de los cuestionamientos a esa instituci\u00f3n.<\/strong><\/p>\n\n\n\n<p><strong>Aunque no hubo una pelea p\u00fablica, en la Casa Rosada dejaron trascender desde el primer momento que la medida se tom\u00f3 como represalia contra el dirigente deportivo; de hecho, el propio l\u00edder de la Casa Rosada public\u00f3 sugestivos posteos en su cuenta de X.<\/strong><\/p>\n\n\n\n<p><strong>Si bien todo termin\u00f3 traspasando las fronteras, se trata de un conflicto demasiado local y dif\u00edcil de explicarles a las contrapartes estadounidenses, que tampoco se preocupar\u00edan en comprenderlo.<\/strong><\/p>\n\n\n\n<p><strong>Como la invitaci\u00f3n inicial se hizo a trav\u00e9s de canales informales, fue mediante los mismos que Milei avis\u00f3 que finalmente no iba a asistir al acto que se desarrollar\u00e1 en el&nbsp;Kennedy Center.<\/strong><\/p>\n\n\n\n<p><strong>Sin embargo, trascendi\u00f3 que, previo a dicho aviso, la administraci\u00f3n de Trump tom\u00f3 conocimiento de la decisi\u00f3n del mandatario a partir de un posteo de Manuel Adorni en X.<\/strong><\/p>\n\n\n\n<p><strong>En ese comunicado, el vocero presidencial hab\u00eda anunciado: \u201cEl Presidente de la Naci\u00f3n ha decidido no realizar el viaje previsto para presenciar sorteo del mundial de f\u00fatbol a realizarse el pr\u00f3ximo 5 de diciembre en Washington DC\u201d.<\/strong><\/p>\n\n\n\n<p><strong>Dado que en primera instancia la decisi\u00f3n de Milei trascendi\u00f3 a trav\u00e9s de canales informales, dicha situaci\u00f3n gener\u00f3 malestar en EEUU y posteriormente se anunci\u00f3 que&nbsp;Bessent&nbsp;no visitar\u00e1 Argentina.<\/strong><\/p>\n\n\n\n<p><strong>En el acto, el presidente argentino iba a ser ubicado en un palco preferencial junto a su par estadounidense,&nbsp;Donald&nbsp;Trump.<\/strong><\/p>\n\n\n\n<p><strong>Adem\u00e1s de eso, el embajador en Washington,&nbsp;Alec Oxenford&nbsp;junto a&nbsp;Richard Grenell, quien encabeza el Kennedy Center, estaban organizando un c\u00f3ctel junto al secretario de Estado norteamericano, Marco Rubio, que ya hab\u00eda aceptado la invitaci\u00f3n.<\/strong><\/p>\n\n\n\n<p><strong>De hecho, fue este \u00faltimo el que, con su distintivo tono cubano, le pidi\u00f3 a Bessent que diera de baja la visita que ten\u00eda prevista a Buenos Aires.<\/strong><\/p>\n\n\n\n<p><strong>Si bien hay quienes remarcan que, de todas formas era poco habitual que un titular del Tesoro estadounidense viaje en dos oportunidades a la Argentina, lo cierto es que todo se precipit\u00f3 por el desaire del libertario.<\/strong><\/p>\n\n\n\n<p><strong>En el marco de su agenda en el pa\u00eds del norte, el Presidente tambi\u00e9n iba a tener un encuentro con&nbsp;Suzanne Clarck, que est\u00e1 al frente de la C\u00e1mara de Comercio de all\u00ed, as\u00ed como por las autoridades del&nbsp;Argentine Business Council, donde iba a hablar ante empresario locales<\/strong><\/p>\n\n\n\n<p><strong>Justamente, uno de los puntos que se esperaban explotar tras el evento es un avance en los detalles espec\u00edficos del acuerdo comercial entre la Argentina y los Estados Unidos, que ya fue anunciado, pero todav\u00eda no se firm\u00f3.<\/strong><\/p>\n\n\n\n<p><strong>En este sentido, el texto legal definitivo a\u00fan no se ha difundido y deber\u00e1 someterse a una exhaustiva revisi\u00f3n jur\u00eddica por parte de los equipos t\u00e9cnicos de los dos pa\u00edses.<\/strong><\/p>\n\n\n\n<p><strong>Adem\u00e1s, resta saber si alguno de los puntos del tratado deber\u00e1 ser aprobado por el Congreso y, en ese caso, si el Gobierno incluir\u00e1 el asunto en el temario de las sesiones extraordinarias a las que convocar\u00e1 antes del 9 de diciembre.<\/strong><\/p>\n\n\n\n<p><strong>Seg\u00fan precisaron a Infobae fuentes oficiales, el acuerdo en cuesti\u00f3n no corre ning\u00fan tipo de peligro y seguir\u00e1 su curso tal como hubiera sucedido si Bessent volv\u00eda a visitar Buenos Aires, ya que la relaci\u00f3n, a pesar de este desencuentro, sigue intacta.<\/strong><\/p>\n\n\n\n<p><strong>Tal como&nbsp;<a href=\"https:\/\/www.infobae.com\/politica\/2025\/11\/17\/el-gobierno-se-prepara-para-adaptar-la-legislacion-argentina-y-hacer-posible-el-acuerdo-comercial-con-los-estados-unidos\/?outputType=amp-type\" target=\"_blank\" rel=\"noreferrer noopener\"><em>anticip\u00f3<\/em><\/a>&nbsp;este medio, el Gobierno ya se prepara para&nbsp;adaptar la legislaci\u00f3n&nbsp;local y as\u00ed poder cumplir con los principales aspectos consensuados con la contraparte norteamericana.<\/strong><\/p>\n\n\n\n<p><strong>En eso est\u00e1 trabajando el canciller, Pablo Quirno, junto a funcionarios del Ministerio de Econom\u00eda y de Desregulaci\u00f3n y Transformaci\u00f3n del Estado, quienes participaron de las negociaciones previas<\/strong><\/p>\n\n\n\n<p><strong>Por ejemplo, la administraci\u00f3n libertaria se comprometi\u00f3 a&nbsp;no exigir formalidades consulares&nbsp;para las importaciones provenientes de EEUU y tambi\u00e9n a eliminar en forma gradual el impuesto estad\u00edstico para bienes provenientes de all\u00ed.<\/strong><\/p>\n\n\n\n<p><strong>Otro aspecto importante es que la Argentina se adaptar\u00e1 a normas internacionales en sectores clave para facilitar el comercio, por lo que un medicamento que ya tenga el aval de la FDA o un auto fabricado seg\u00fan las Normas Federales de Seguridad norteamericanas, ya podr\u00e1n ingresar&nbsp;sin necesidad de ser nuevamente controlado por organismos locales.<\/strong><\/p>\n\n\n\n<p><strong>El Gobierno tambi\u00e9n prometi\u00f3 abordar problemas estructurales que fueron se\u00f1alados en el informe \u201c<em>Special 301<\/em>\u2033 del 2025, realizado por la Oficina del Representante de Comercio de los Estados Unidos<\/strong><\/p>\n\n\n\n<p><\/p>\n\n\n<figure class=\"wp-block-post-featured-image\"><img loading=\"lazy\" decoding=\"async\" width=\"950\" height=\"600\" src=\"https:\/\/primiciasclorinda.com\/wp-content\/uploads\/2025\/12\/conosinsorteo-1.jpg\" class=\"attachment-post-thumbnail size-post-thumbnail wp-post-image\" alt=\"\" style=\"object-fit:cover;\" srcset=\"https:\/\/primiciasclorinda.com\/wp-content\/uploads\/2025\/12\/conosinsorteo-1.jpg 950w, https:\/\/primiciasclorinda.com\/wp-content\/uploads\/2025\/12\/conosinsorteo-1-300x189.jpg 300w, https:\/\/primiciasclorinda.com\/wp-content\/uploads\/2025\/12\/conosinsorteo-1-475x300.jpg 475w, https:\/\/primiciasclorinda.com\/wp-content\/uploads\/2025\/12\/conosinsorteo-1-768x485.jpg 768w\" sizes=\"auto, (max-width: 950px) 100vw, 950px\" \/><\/figure>","protected":false},"excerpt":{"rendered":"<div class=\"mh-excerpt\"><p>Las autoridades nacionales conf\u00edan en que lo sucedido no afecta el acuerdo comercial, que seguir\u00e1 su curso, a pesar del malestar que existi\u00f3 en la <a class=\"mh-excerpt-more\" href=\"https:\/\/primiciasclorinda.com\/?p=54322\" title=\"Sorteo Mundial 2026. Milei no ir\u00e1 al sorteo y EEUU suspende visita de Beesent a la Argentina\">[&#8230;]<\/a><\/p>\n<\/div>","protected":false},"author":3,"featured_media":54314,"comment_status":"open","ping_status":"open","sticky":false,"template":"","format":"standard","meta":{"footnotes":""},"categories":[5],"tags":[5123,5514],"class_list":["post-54322","post","type-post","status-publish","format-standard","has-post-thumbnail","hentry","category-deportes","tag-milei-trump","tag-sorteo-mundial-2026"],"_links":{"self":[{"href":"https:\/\/primiciasclorinda.com\/index.php?rest_route=\/wp\/v2\/posts\/54322","targetHints":{"allow":["GET"]}}],"collection":[{"href":"https:\/\/primiciasclorinda.com\/index.php?rest_route=\/wp\/v2\/posts"}],"about":[{"href":"https:\/\/primiciasclorinda.com\/index.php?rest_route=\/wp\/v2\/types\/post"}],"author":[{"embeddable":true,"href":"https:\/\/primiciasclorinda.com\/index.php?rest_route=\/wp\/v2\/users\/3"}],"replies":[{"embeddable":true,"href":"https:\/\/primiciasclorinda.com\/index.php?rest_route=%2Fwp%2Fv2%2Fcomments&post=54322"}],"version-history":[{"count":1,"href":"https:\/\/primiciasclorinda.com\/index.php?rest_route=\/wp\/v2\/posts\/54322\/revisions"}],"predecessor-version":[{"id":54323,"href":"https:\/\/primiciasclorinda.com\/index.php?rest_route=\/wp\/v2\/posts\/54322\/revisions\/54323"}],"wp:featuredmedia":[{"embeddable":true,"href":"https:\/\/primiciasclorinda.com\/index.php?rest_route=\/wp\/v2\/media\/54314"}],"wp:attachment":[{"href":"https:\/\/primiciasclorinda.com\/index.php?rest_route=%2Fwp%2Fv2%2Fmedia&parent=54322"}],"wp:term":[{"taxonomy":"category","embeddable":true,"href":"https:\/\/primiciasclorinda.com\/index.php?rest_route=%2Fwp%2Fv2%2Fcategories&post=54322"},{"taxonomy":"post_tag","embeddable":true,"href":"https:\/\/primiciasclorinda.com\/index.php?rest_route=%2Fwp%2Fv2%2Ftags&post=54322"}],"curies":[{"name":"wp","href":"https:\/\/api.w.org\/{rel}","templated":true}]}}