{"id":53277,"date":"2025-12-02T08:17:15","date_gmt":"2025-12-02T11:17:15","guid":{"rendered":"https:\/\/primiciasclorinda.com\/?p=53277"},"modified":"2025-12-02T08:17:15","modified_gmt":"2025-12-02T11:17:15","slug":"en-acto-de-proclamacion-recibieron-sus-certificados-los-15-diputados-y-82-concejales-de-la-provincia-electos","status":"publish","type":"post","link":"https:\/\/primiciasclorinda.com\/?p=53277","title":{"rendered":"En acto de proclamaci\u00f3n, recibieron sus certificados los 15 diputados y 82 concejales de la provincia electos"},"content":{"rendered":"\n<p><strong><em>El gobernador Gildo Insfr\u00e1n presidi\u00f3 la ceremonia oficial, junto al vicegobernador Eber Sol\u00eds, de proclamaci\u00f3n de autoridades electas en comicios provinciales del pasado 29 de junio, motivo por el cual, 15 diputados provinciales y 82 concejales de toda la provincia de Formosa recibieron sus certificados que as\u00ed lo acreditan.<\/em><\/strong><\/p>\n\n\n\n<p><strong>Estas autoridades del orden legislativo provincial y de los Concejos Deliberantes de Municipios y Comisiones de Fomento a partir del 10 de diciembre comenzar\u00e1n el ejercicio de su mandato.<\/strong><\/p>\n\n\n\n<p><strong>En el Galp\u00f3n \u201cG\u201d del predio ferial \u201cVuelta Fermoza\u201d de la ciudad de Formosa, este lunes 1\u00b0 de diciembre, en horas de la tarde, tuvo lugar este acto que cont\u00f3 con la presencia de los miembros del Tribunal Electoral Permanente (TEP).<\/strong><\/p>\n\n\n\n<p><strong>Este \u00f3rgano est\u00e1 presidido el doctor Claudio Daniel Moreno y las doctoras Sandra Moreno y Ver\u00f3nica Hans de Dorrego.<\/strong><\/p>\n\n\n\n<p><strong>Asistieron adem\u00e1s a la ceremonia el presidente del Superior Tribunal de Justicia Guillermo Horacio Aluc\u00edn; el presidente provisional de la Honorable C\u00e1mara de Diputados Armando Felipe Cabrera; el intendente de la ciudad de Formosa Jorge Jofr\u00e9; la senadora nacional Teresa Gonz\u00e1lez y por el Parlasur Ricardo Branda.<\/strong><\/p>\n\n\n\n<p><strong>Tambi\u00e9n la presencia de las y los diputados provinciales, ministros y ministras y dem\u00e1s autoridades del Poder Ejecutivo Provincial, as\u00ed como el procurador general del Ministerio P\u00fablico Sergio Rolando L\u00f3pez. Asimismo, representantes de organismos de la Constituci\u00f3n Provincial y otras autoridades; intendentes y presidentes de Comisiones de Fomento de la provincia.<\/strong><\/p>\n\n\n\n<p><strong>Participaron de esta ceremonia adem\u00e1s las m\u00e1ximas autoridades de fuerzas de seguridad de la provincia y federales; convencionales constituyentes mandato cumplido; representantes de partidos pol\u00edticos, como de los sublemas que intervinieron en el pasado proceso electoral provincial e invitados especiales.<\/strong><\/p>\n\n\n\n<p><strong>El acto de proclamaci\u00f3n de autoridades electas en comicios provinciales del pasado 29 de junio, en su apertura, comenz\u00f3 con la entonaci\u00f3n, &nbsp;con acordes de la Banda de M\u00fasica de la Polic\u00eda de Formosa, de las estrofas del Himno Nacional Argentino y seguidamente fue el turno del Himno Marcha de Formosa.<\/strong><\/p>\n\n\n\n<p><strong>Acto seguido, el presidente del TEP, el doctor Moreno, dirigi\u00f3 su discurso, resaltando que para dicho organismo fue \u201cun verdadero honor\u201d haber compartido con todas las autoridades este acto de proclamaci\u00f3n. Por tal motivo, el TEP entreg\u00f3 a los 15 diputados provinciales y 82 concejales de toda la provincia electos los certificados que as\u00ed lo acreditan.<\/strong><\/p>\n\n\n\n<p><strong>Agradeci\u00f3, especialmente, la presencia del gobernador Insfr\u00e1n y subray\u00f3: \u201cDesde el TEP queremos poner en valor, agradecer y resaltar, sobre todos, a todos los Ministerios, organismos e instituciones que, de alguna u otra manera, tuvieron intervenci\u00f3n en el proceso electoral\u201d<\/strong><\/p>\n\n\n\n<p><strong>En ese sentido, mencion\u00f3 al Poder Judicial de Formosa, \u201cque siempre nos dio todo el apoyo, al Juzgado Federal de Formosa con competencia electoral, a los delegados electorales, autoridades de mesa y fiscales partidarios; y, especialmente, nuestra enorme gratitud a los miles de ciudadanos que mediante su voto fueron parte otro proceso electoral exitoso en nuestra provincia\u201d.<\/strong><\/p>\n\n\n\n<p><strong>Gracias a eso, asegur\u00f3 que \u201chemos podido demostrar, una vez m\u00e1s, el respeto irrestricto a las instituciones democr\u00e1ticas en un Estado pleno de derecho\u201d, por tanto, \u201cpodemos decir con total convicci\u00f3n que es un momento importante de la vida institucional de nuestra provincia\u201d.<\/strong><\/p>\n\n\n\n<p><strong>Al poner de relieve, de esa manera, esta entrega de diplomas que \u201coficializan y proclaman a los que han sido electos en forma leg\u00edtima por el voto popular\u201d, depositando con ello la ciudadan\u00eda \u201cla confianza en quienes asumir\u00e1n esta responsabilidad de legislar, escuchar, construir y representar a cada ciudadano con compromiso y honestidad\u201d.<\/strong><\/p>\n\n\n\n<p><strong>Tras sus palabras, los miembros del TEP realizaron la entrega de diplomas a los electos diputados y diputadas provinciales, concejales de los Municipios y Comisiones de Fomento, de acuerdo al Acta N\u00b0 88\/25 correspondiente, en el marco del acto de proclamaci\u00f3n, conforme a las leyes previstas por la normativa electoral. &nbsp;<\/strong><\/p>\n\n\n\n<p><strong>De esa manera, cada una de las autoridades pas\u00f3 a recibir su correspondiente certificado que acredita el ejercicio del cargo, en este caso, en el orden del Poder Legislativo.<\/strong><\/p>\n\n\n\n<p><strong>Testimonios<\/strong><\/p>\n\n\n\n<p><strong>El diputado provincial electo por el Frente de la Victoria (FdV), Hugo Arr\u00faa, se\u00f1al\u00f3 que \u201choy asumimos un rol muy importante\u201d, marcando que \u201csi lo tomamos desde el punto de vista pol\u00edtico, expreso mi agradecimiento a todo el pueblo que me ha votado\u201d, pero tambi\u00e9n, sostuvo que \u201ccomo dirigente y militante del Partido Justicialista haber llegado a esta instancia es algo muy especial y tiene un sentimiento particular\u201d.<\/strong><\/p>\n\n\n\n<p><strong>\u201cPara aquellos que somos de la infanter\u00eda militante y que venimos de a\u00f1os, es una forma de representar a tantos compa\u00f1eros que, por supuesto, hubiesen tenido muchas ganas de estar en este lugar\u201d, subray\u00f3 y agreg\u00f3 que \u201cquiero decirles a todos que est\u00e1n bien representados\u201d.<\/strong><\/p>\n\n\n\n<p><strong>Afirm\u00f3 que la fortaleza del Modelo Formose\u00f1o reside en la \u201cconducci\u00f3n que lleva el compa\u00f1ero Insfr\u00e1n, particularmente en lo econ\u00f3mico, d\u00e1ndonos una previsibilidad para poder levantar las tres banderas del Peronismo: la soberan\u00eda pol\u00edtica, independencia econ\u00f3mica y naturalmente la justicia social que est\u00e1 vista en todas las concreciones de Gobierno que tenemos\u201d.<\/strong><\/p>\n\n\n\n<p><strong>Entonces, remarc\u00f3 que \u201cesto nos permite no arrodillarnos ante el poder central, y es lo que molesta\u201d, mencionando que \u201cel compa\u00f1ero Insfr\u00e1n, adem\u00e1s es una referencia muy clara del Peronismo nacional en las estructuras del Partido Justicialista y, por supuesto, esto hace que no sea bienvenido a los intereses nacionales\u201d.<\/strong><\/p>\n\n\n\n<p><strong>Por su parte, Rodrigo Sandoval, diputado provincial electo (FdV), precis\u00f3 que \u201cesto es parte de una carrera que vengo proyectando hace a\u00f1os, y siento el honor, sobre todo, de ser un representante de todos aquellos compa\u00f1eros que pertenecieron al bloque justicialista y ya no est\u00e1n, pero hicieron historia\u201d, y tambi\u00e9n \u201cde los que est\u00e1n militando sin importar la edad\u201d.<\/strong><\/p>\n\n\n\n<p><strong>Sandoval puso en valor el rol de los emprendedores formose\u00f1os que \u201capoyaron mi trabajo\u201d, nombrando \u201caquellas personas que est\u00e1n emprendiendo o han emprendido, y confiaron en todo lo que presentamos como propuesta de la gesti\u00f3n\u201d, recordando que estaba al frente de la Subsecretar\u00eda de Empleo.<\/strong><\/p>\n\n\n\n<p><strong>\u201cAs\u00ed que feliz, contento, y con mucho honor y orgullo\u201d, cerr\u00f3.<\/strong><\/p>\n\n\n<figure class=\"wp-block-post-featured-image\"><img loading=\"lazy\" decoding=\"async\" width=\"950\" height=\"600\" src=\"https:\/\/primiciasclorinda.com\/wp-content\/uploads\/2025\/12\/WhatsApp-Image-2025-12-01-at-9.19.20-PM.jpeg\" class=\"attachment-post-thumbnail size-post-thumbnail wp-post-image\" alt=\"\" style=\"object-fit:cover;\" srcset=\"https:\/\/primiciasclorinda.com\/wp-content\/uploads\/2025\/12\/WhatsApp-Image-2025-12-01-at-9.19.20-PM.jpeg 950w, https:\/\/primiciasclorinda.com\/wp-content\/uploads\/2025\/12\/WhatsApp-Image-2025-12-01-at-9.19.20-PM-300x189.jpeg 300w, https:\/\/primiciasclorinda.com\/wp-content\/uploads\/2025\/12\/WhatsApp-Image-2025-12-01-at-9.19.20-PM-475x300.jpeg 475w, https:\/\/primiciasclorinda.com\/wp-content\/uploads\/2025\/12\/WhatsApp-Image-2025-12-01-at-9.19.20-PM-768x485.jpeg 768w\" sizes=\"auto, (max-width: 950px) 100vw, 950px\" \/><\/figure>","protected":false},"excerpt":{"rendered":"<div class=\"mh-excerpt\"><p>El gobernador Gildo Insfr\u00e1n presidi\u00f3 la ceremonia oficial, junto al vicegobernador Eber Sol\u00eds, de proclamaci\u00f3n de autoridades electas en comicios provinciales del pasado 29 de <a class=\"mh-excerpt-more\" href=\"https:\/\/primiciasclorinda.com\/?p=53277\" title=\"En acto de proclamaci\u00f3n, recibieron sus certificados los 15 diputados y 82 concejales de la provincia electos\">[&#8230;]<\/a><\/p>\n<\/div>","protected":false},"author":3,"featured_media":53261,"comment_status":"open","ping_status":"open","sticky":false,"template":"","format":"standard","meta":{"footnotes":""},"categories":[3],"tags":[5581,5580],"class_list":["post-53277","post","type-post","status-publish","format-standard","has-post-thumbnail","hentry","category-politica-economia","tag-entrega-de-certificados","tag-legisladores-elegidos"],"_links":{"self":[{"href":"https:\/\/primiciasclorinda.com\/index.php?rest_route=\/wp\/v2\/posts\/53277","targetHints":{"allow":["GET"]}}],"collection":[{"href":"https:\/\/primiciasclorinda.com\/index.php?rest_route=\/wp\/v2\/posts"}],"about":[{"href":"https:\/\/primiciasclorinda.com\/index.php?rest_route=\/wp\/v2\/types\/post"}],"author":[{"embeddable":true,"href":"https:\/\/primiciasclorinda.com\/index.php?rest_route=\/wp\/v2\/users\/3"}],"replies":[{"embeddable":true,"href":"https:\/\/primiciasclorinda.com\/index.php?rest_route=%2Fwp%2Fv2%2Fcomments&post=53277"}],"version-history":[{"count":1,"href":"https:\/\/primiciasclorinda.com\/index.php?rest_route=\/wp\/v2\/posts\/53277\/revisions"}],"predecessor-version":[{"id":53278,"href":"https:\/\/primiciasclorinda.com\/index.php?rest_route=\/wp\/v2\/posts\/53277\/revisions\/53278"}],"wp:featuredmedia":[{"embeddable":true,"href":"https:\/\/primiciasclorinda.com\/index.php?rest_route=\/wp\/v2\/media\/53261"}],"wp:attachment":[{"href":"https:\/\/primiciasclorinda.com\/index.php?rest_route=%2Fwp%2Fv2%2Fmedia&parent=53277"}],"wp:term":[{"taxonomy":"category","embeddable":true,"href":"https:\/\/primiciasclorinda.com\/index.php?rest_route=%2Fwp%2Fv2%2Fcategories&post=53277"},{"taxonomy":"post_tag","embeddable":true,"href":"https:\/\/primiciasclorinda.com\/index.php?rest_route=%2Fwp%2Fv2%2Ftags&post=53277"}],"curies":[{"name":"wp","href":"https:\/\/api.w.org\/{rel}","templated":true}]}}